{"id":93947,"date":"2023-08-23T10:30:54","date_gmt":"2023-08-23T13:30:54","guid":{"rendered":"https:\/\/www.centraldenoticias.com.ar\/?p=93947"},"modified":"2023-08-23T12:19:25","modified_gmt":"2023-08-23T15:19:25","slug":"robo-en-la-secundaria-n-18-como-se-atreven-a-entrar-a-la-escuela","status":"publish","type":"post","link":"https:\/\/cdnoticias.com\/index.php\/2023\/08\/23\/robo-en-la-secundaria-n-18-como-se-atreven-a-entrar-a-la-escuela\/","title":{"rendered":"Robo en la Secundaria N\u00b0 18:  &#8220;\u00bfC\u00f3mo se atreven a entrar a la escuela?&#8221;"},"content":{"rendered":"<p>La directora del establecimiento cont\u00f3 el impacto que tuvo el hecho en los alumnos: \u201cnos robaron\u201d, se\u00f1alaron. Destac\u00f3 la solidaridad de la comunidad y la necesidad de m\u00e1s c\u00e1maras de seguridad en el sector.<!--more--><\/p>\n<hr \/>\n<p>Durante la jornada de lunes, autoridades educativas de la <strong>Escuela Secundaria N\u00b0 18<\/strong> descubrieron que desconocidos hab\u00edan ingresado durante el fin de semana largo tras romper el candado de una reja y el vidrio de una puerta.<\/p>\n<p>&nbsp;<\/p>\n<p><strong>Lorena Peralta<\/strong>, la directora del establecimiento, habl\u00f3 con el <em>programa radial \u201cLevantate\u201d (Radio Sapiens)<\/em> y se\u00f1al\u00f3 que advirtieron el hecho \u201ccuando llegamos para comenzar la semana y nos encontramos con que ten\u00edamos la puerta de un patio interno rota y destrozos adentro de la Preceptor\u00eda\u201d.<\/p>\n<p>&nbsp;<\/p>\n<p>Entre los faltantes registrados lament\u00f3 \u201cla <strong>fotocopiadora<\/strong> que adquirimos en el a\u00f1o 2021 luego de vender una rifa, los <strong>dos televisores de 32 pulgadas<\/strong> que tambi\u00e9n hab\u00edan sido adquiridos hace un par de a\u00f1os con mucho esfuerzo de la comunidad y de la venta de rifas, una <strong>pava el\u00e9ctrica<\/strong>, el <strong>DVD,<\/strong> nos destrozaron un mueble en el que ten\u00edamos un kiosquito peque\u00f1o con el que vamos solventando los gastos diarios, nos llevaron todo y la recaudaci\u00f3n del d\u00eda viernes\u201d.<\/p>\n<p>&nbsp;<\/p>\n<p>Peralta indic\u00f3 que es la primera vez que pasa algo as\u00ed en la instituci\u00f3n desde que ella es directora. \u201cLa escuela hab\u00eda sufrido un robo en el 2014 o 2015, pero la verdad que no nos hab\u00eda tocado pasar por este momento tan amargo. <strong>Fue horrible llegar y encontrarte con este escenario<\/strong>\u201d.<\/p>\n<p>&nbsp;<\/p>\n<p><img data-recalc-dims=\"1\" loading=\"lazy\" decoding=\"async\" class=\"aligncenter size-full wp-image-93942\" src=\"https:\/\/i0.wp.com\/cdnoticias.com\/wp-content\/uploads\/2023\/08\/robo-escuela-secundaria-18.jpg?resize=800%2C446&#038;ssl=1\" alt=\"\" width=\"800\" height=\"446\" srcset=\"https:\/\/i0.wp.com\/cdnoticias.com\/wp-content\/uploads\/2023\/08\/robo-escuela-secundaria-18.jpg?w=800&amp;ssl=1 800w, https:\/\/i0.wp.com\/cdnoticias.com\/wp-content\/uploads\/2023\/08\/robo-escuela-secundaria-18.jpg?resize=300%2C167&amp;ssl=1 300w, https:\/\/i0.wp.com\/cdnoticias.com\/wp-content\/uploads\/2023\/08\/robo-escuela-secundaria-18.jpg?resize=768%2C428&amp;ssl=1 768w\" sizes=\"auto, (max-width: 800px) 100vw, 800px\" \/><\/p>\n<p>&nbsp;<\/p>\n<blockquote><p>Por otra parte, se mostr\u00f3 conmovida por la reacci\u00f3n de los alumnos. \u201cLos comentarios de los chicos te indican que estamos haciendo las cosas bien. Ellos realmente lo sintieron. No fue \u2018le robaron a la escuela\u2019 sino \u2018nos robaron a nosotros\u2019\u201d y agreg\u00f3: \u201cnos dec\u00edan \u2018no vamos a poder ver m\u00e1s pel\u00edculas\u2019 y &#8216;\u00bfC\u00f3mo se atreven a entrar a la escuela?&#8217;. Eso es lo que duele m\u00e1s all\u00e1 de la p\u00e9rdida econ\u00f3mica\u201d.<\/p><\/blockquote>\n<p>&nbsp;<\/p>\n<p>Resalt\u00f3 que desde la <strong>cooperadora<\/strong> est\u00e1n pensando en la organizaci\u00f3n de una rifa para \u201caunque sea poder comprar una tele\u201d y esperan tener novedades a partir de la denuncia policial para \u201cver si podemos recuperar nuestros televisores y la fotocopiadora que eso ser\u00eda lo ideal\u201d.<\/p>\n<p>&nbsp;<\/p>\n<p>La directora se mostr\u00f3 <strong>sorprendida por la respuesta de la comunidad<\/strong> en general. \u201cAyer muchas madres y padres se acercaron a la puerta de la escuela a preguntarnos si est\u00e1bamos bien, qu\u00e9 necesit\u00e1bamos y tambi\u00e9n gente que no conoc\u00edamos. Una doctora del Hospital de Ni\u00f1os por ejemplo nos llam\u00f3 para decirnos que ella nos compraba una pava el\u00e9ctrica\u201d.<\/p>\n<p>&nbsp;<\/p>\n<p>Consultada sobre la presencia de <strong>c\u00e1maras de seguridad en el sector,<\/strong> la directora Lorena peralta indic\u00f3 que \u201cnosotros estamos en Alberdi y Fassina, tenemos un domo en la rotonda de Alberdi y Trabajadores pero sinceramente no s\u00e9 si en la investigaci\u00f3n se ve algo\u201d.<\/p>\n<p>&nbsp;<\/p>\n<blockquote><p>\u201cEs una realidad que desde la mesa del Territorial N\u00b0 1 que nuclea a las instituciones de este barrio y del barrio Trabajadores hemos charlado y est\u00e1 la necesidad de mayor presencia policial en la zona y mayor cantidad de c\u00e1maras\u201d, detall\u00f3.<\/p><\/blockquote>\n<p>&nbsp;<\/p>\n<p>Adem\u00e1s, record\u00f3 que \u201c<a href=\"https:\/\/cdnoticias.com\/index.php\/2023\/04\/24\/por-el-robo-de-un-tanque-de-agua-no-hay-atencion-en-el-caps-no-6\/\" target=\"_blank\" rel=\"noopener\">hace un tiempito a la salita le hab\u00edan robado el tanque de agua.<\/a> Y a parte, por seguridad para los vecinos\u201d.<\/p>\n<p>&nbsp;<\/p>\n<p>Por \u00faltimo, resalt\u00f3 la actitud de los vecinos y de la comunidad en general: <strong>\u201cas\u00ed como tenemos gente que se atreve a entrar a robar una escuela hay much\u00edsima gente solidaria que sin conocernos se comunic\u00f3 y se puso a disposici\u00f3n para lo que necesitemos\u201d.<\/strong><\/p>\n<p>&nbsp;<\/p>\n<blockquote class=\"wp-embedded-content\" data-secret=\"j3mnEO3o6B\"><p><a href=\"https:\/\/cdnoticias.com\/index.php\/2023\/04\/24\/por-el-robo-de-un-tanque-de-agua-no-hay-atencion-en-el-caps-no-6\/\">Por el robo de un tanque de agua, no hay atenci\u00f3n en el CAPS N\u00ba 6<\/a><\/p><\/blockquote>\n<p><iframe loading=\"lazy\" class=\"wp-embedded-content\" sandbox=\"allow-scripts\" security=\"restricted\" style=\"position: absolute; clip: rect(1px, 1px, 1px, 1px);\" title=\"&#8220;Por el robo de un tanque de agua, no hay atenci\u00f3n en el CAPS N\u00ba 6&#8221; &#8212; Central de Noticias | Olavarr\u00eda\" src=\"https:\/\/cdnoticias.com\/index.php\/2023\/04\/24\/por-el-robo-de-un-tanque-de-agua-no-hay-atencion-en-el-caps-no-6\/embed\/#?secret=klNLcLCFRq#?secret=j3mnEO3o6B\" data-secret=\"j3mnEO3o6B\" width=\"600\" height=\"338\" frameborder=\"0\" marginwidth=\"0\" marginheight=\"0\" scrolling=\"no\"><\/iframe><\/p>\n<p>&nbsp;<\/p>\n","protected":false},"excerpt":{"rendered":"<p>La directora del establecimiento cont\u00f3 el impacto que tuvo el hecho en los alumnos: \u201cnos robaron\u201d, se\u00f1alaron. Destac\u00f3 la solidaridad<\/p>\n","protected":false},"author":5,"featured_media":93941,"comment_status":"closed","ping_status":"closed","sticky":false,"template":"","format":"standard","meta":{"_jetpack_memberships_contains_paid_content":false,"footnotes":""},"categories":[14,1],"tags":[],"class_list":["post-93947","post","type-post","status-publish","format-standard","has-post-thumbnail","hentry","category-policiales","category-portada"],"jetpack_featured_media_url":"https:\/\/i0.wp.com\/cdnoticias.com\/wp-content\/uploads\/2023\/08\/escuela-secundaria-18.jpg?fit=800%2C445&ssl=1","jetpack_sharing_enabled":true,"_links":{"self":[{"href":"https:\/\/cdnoticias.com\/index.php\/wp-json\/wp\/v2\/posts\/93947","targetHints":{"allow":["GET"]}}],"collection":[{"href":"https:\/\/cdnoticias.com\/index.php\/wp-json\/wp\/v2\/posts"}],"about":[{"href":"https:\/\/cdnoticias.com\/index.php\/wp-json\/wp\/v2\/types\/post"}],"author":[{"embeddable":true,"href":"https:\/\/cdnoticias.com\/index.php\/wp-json\/wp\/v2\/users\/5"}],"replies":[{"embeddable":true,"href":"https:\/\/cdnoticias.com\/index.php\/wp-json\/wp\/v2\/comments?post=93947"}],"version-history":[{"count":0,"href":"https:\/\/cdnoticias.com\/index.php\/wp-json\/wp\/v2\/posts\/93947\/revisions"}],"wp:featuredmedia":[{"embeddable":true,"href":"https:\/\/cdnoticias.com\/index.php\/wp-json\/wp\/v2\/media\/93941"}],"wp:attachment":[{"href":"https:\/\/cdnoticias.com\/index.php\/wp-json\/wp\/v2\/media?parent=93947"}],"wp:term":[{"taxonomy":"category","embeddable":true,"href":"https:\/\/cdnoticias.com\/index.php\/wp-json\/wp\/v2\/categories?post=93947"},{"taxonomy":"post_tag","embeddable":true,"href":"https:\/\/cdnoticias.com\/index.php\/wp-json\/wp\/v2\/tags?post=93947"}],"curies":[{"name":"wp","href":"https:\/\/api.w.org\/{rel}","templated":true}]}}