{"id":93937,"date":"2023-08-23T12:16:39","date_gmt":"2023-08-23T15:16:39","guid":{"rendered":"https:\/\/www.centraldenoticias.com.ar\/?p=93937"},"modified":"2023-08-23T13:26:32","modified_gmt":"2023-08-23T16:26:32","slug":"quedo-detenido-por-venta-de-estupefacientes","status":"publish","type":"post","link":"https:\/\/cdnoticias.com\/index.php\/2023\/08\/23\/quedo-detenido-por-venta-de-estupefacientes\/","title":{"rendered":"Qued\u00f3 detenido por venta de estupefacientes"},"content":{"rendered":"<p>Fue capturado por personal policial en barrio Luj\u00e1n\u00a0 a solicitud de TOC N\u00b01 de Azul que lo conden\u00f3 por tenencia y comercializaci\u00f3n de drogas.<!--more--><\/p>\n<hr \/>\n<p>Personal de la comisar\u00eda Segunda <strong>detuvo a un hombre<\/strong> quien fue<strong> condenado por comercializaci\u00f3n de drogas<\/strong>. La orden fue emitida por <strong>el Tribunal en lo Criminal N\u00b0 1 de Azul,<\/strong> a cargo del doctor Joaqu\u00edn Duba.<\/p>\n<p>&nbsp;<\/p>\n<p>Luego de<strong> tareas encubiertas<\/strong> se estableci\u00f3 que se encontraba en un domicilio ubicado en<strong> Dorrego al 4300<\/strong>. Se trata de <strong>Orfel Fredes Avila<\/strong>, de 32 a\u00f1os.<\/p>\n<p>&nbsp;<\/p>\n<p>Fue notificado de su detenci\u00f3n en <strong>dos causas<\/strong> caratuladas como <strong>\u201ctenencia ilegal de estupefacientes con fines de comercializaci\u00f3n en dosis fraccionadas al consumidor\u201d y \u201ctenencia simple de estupefacientes\u201d<\/strong>. <strong>Central de Noticias<\/strong> pudo confirmar que tras la<strong> concreci\u00f3n de un juicio, el hombre fue condenado<\/strong> por el TOC N\u00ba 1 y se dispuso su detenci\u00f3n.<\/p>\n<p>&nbsp;<\/p>\n<p><strong>Fredes Avila hab\u00eda dio inicialmente detenido a mediados de septiembre de 2017<\/strong> despu\u00e9s de un allanamiento en una vivienda de Tierra de Fuego al 1800. En aquella ocasi\u00f3n fue imputado en las causas penales ya mencionadas tras el hallazgo de plantines y semillas de cannabis sativa, as\u00ed como m\u00e1s elementos que demostraron la comercializaci\u00f3n de estupefacientes.<\/p>\n<p>&nbsp;<\/p>\n<p>Actualmente, fue trasladado a la sede policial a la espera de ser <strong>alojado en una Unidad Penitenciaria del Complejo Centro<\/strong>.<\/p>\n<p>&nbsp;<\/p>\n","protected":false},"excerpt":{"rendered":"<p>Fue capturado por personal policial en barrio Luj\u00e1n\u00a0 a solicitud de TOC N\u00b01 de Azul que lo conden\u00f3 por tenencia<\/p>\n","protected":false},"author":5,"featured_media":93938,"comment_status":"closed","ping_status":"closed","sticky":false,"template":"","format":"standard","meta":{"_jetpack_memberships_contains_paid_content":false,"footnotes":""},"categories":[14,1],"tags":[],"class_list":["post-93937","post","type-post","status-publish","format-standard","has-post-thumbnail","hentry","category-policiales","category-portada"],"jetpack_featured_media_url":"https:\/\/i0.wp.com\/cdnoticias.com\/wp-content\/uploads\/2023\/08\/detenido-estupefacientes.jpg?fit=1522%2C847&ssl=1","jetpack_sharing_enabled":true,"_links":{"self":[{"href":"https:\/\/cdnoticias.com\/index.php\/wp-json\/wp\/v2\/posts\/93937","targetHints":{"allow":["GET"]}}],"collection":[{"href":"https:\/\/cdnoticias.com\/index.php\/wp-json\/wp\/v2\/posts"}],"about":[{"href":"https:\/\/cdnoticias.com\/index.php\/wp-json\/wp\/v2\/types\/post"}],"author":[{"embeddable":true,"href":"https:\/\/cdnoticias.com\/index.php\/wp-json\/wp\/v2\/users\/5"}],"replies":[{"embeddable":true,"href":"https:\/\/cdnoticias.com\/index.php\/wp-json\/wp\/v2\/comments?post=93937"}],"version-history":[{"count":0,"href":"https:\/\/cdnoticias.com\/index.php\/wp-json\/wp\/v2\/posts\/93937\/revisions"}],"wp:featuredmedia":[{"embeddable":true,"href":"https:\/\/cdnoticias.com\/index.php\/wp-json\/wp\/v2\/media\/93938"}],"wp:attachment":[{"href":"https:\/\/cdnoticias.com\/index.php\/wp-json\/wp\/v2\/media?parent=93937"}],"wp:term":[{"taxonomy":"category","embeddable":true,"href":"https:\/\/cdnoticias.com\/index.php\/wp-json\/wp\/v2\/categories?post=93937"},{"taxonomy":"post_tag","embeddable":true,"href":"https:\/\/cdnoticias.com\/index.php\/wp-json\/wp\/v2\/tags?post=93937"}],"curies":[{"name":"wp","href":"https:\/\/api.w.org\/{rel}","templated":true}]}}