{"id":9390,"date":"2020-12-19T15:03:58","date_gmt":"2020-12-19T18:03:58","guid":{"rendered":"http:\/\/www.centraldenoticias.com.ar\/?p=9390"},"modified":"2020-12-19T15:59:14","modified_gmt":"2020-12-19T18:59:14","slug":"reunion-de-comite-de-emergencia-debido-a-los-fuertes-vientos","status":"publish","type":"post","link":"https:\/\/cdnoticias.com\/index.php\/2020\/12\/19\/reunion-de-comite-de-emergencia-debido-a-los-fuertes-vientos\/","title":{"rendered":"Reuni\u00f3n de Comit\u00e9 de Emergencia  debido a los fuertes vientos"},"content":{"rendered":"<p>Encabezados por el intendente Ezequiel Galli, referentes de diversas \u00e1reas fueron convocados al Cuartel de Bomberos Voluntarios para definir tareas de asistencia y emergencia.<\/p>\n<p><!--more--><\/p>\n<hr \/>\n<p>Olavarr\u00eda se encuentra en Alerta Naranja debido a los fuertes vientos que desde ya algunas horas azotan con fuerza todo el partido. Tal es as\u00ed que <strong>se reportan inconvenientes desde diversos puntos, tanto por voladura de techos, ca\u00eddas de postes e interrupciones en el servicio el\u00e9ctrico.<\/strong><\/p>\n<p>&nbsp;<\/p>\n<p>Fuentes consultadas por <em><strong>Central de Noticias<\/strong><\/em> detallaron que <strong>referentes de diversas \u00e1reas fueron convocados a una reuni\u00f3n de Comit\u00e9 de Emergencia, a llevarse a cabo en el Cuartel Central de Bomberos Voluntarios<\/strong>.<\/p>\n<p>&nbsp;<\/p>\n<p>Encabezados por el intendente Ezequiel Galli, se requiri\u00f3 la presencia de representantes de las fuerzas de seguridad, Defensa Civil y otras \u00e1reas de emergencia para <strong>poder asistir y dar respuesta los m\u00faltiples problemas ocasionados por los fuertes vientos que, si bien disminuir\u00e1n en intensidad con el correr de las horas, toda la jornada del s\u00e1bado est\u00e1 alcanzada por el alerta.<\/strong><\/p>\n<p>&nbsp;<\/p>\n<blockquote><p>Adem\u00e1s del jefe comunal, participa el Jefe del Cuartel de Bomberos, Ra\u00fal Ferreyra, el titular de Defensa Civil, Adri\u00e1n Guevara, el titular de la Comisar\u00eda Distrital, Roberto Landoni, el Jefe de Regimiento Castellanos, sumado al ingeniero\u00a0Claudio N\u00e1poli, gerente de distribuci\u00f3n del Servicio El\u00e9ctrico.<\/p><\/blockquote>\n<p>&nbsp;<\/p>\n<p>Tambi\u00e9n participa el secretario de Gobierno Hilario Galli, el secretario de Desarrollo Humano Diego Robbiani, y el secretario de Obras P\u00fablicas Julio Ferraro.<\/p>\n","protected":false},"excerpt":{"rendered":"<p>Encabezados por el intendente Ezequiel Galli, referentes de diversas \u00e1reas fueron convocados al Cuartel de Bomberos Voluntarios para definir tareas<\/p>\n","protected":false},"author":3,"featured_media":9385,"comment_status":"closed","ping_status":"closed","sticky":false,"template":"","format":"standard","meta":{"_jetpack_memberships_contains_paid_content":false,"footnotes":""},"categories":[5,1],"tags":[],"class_list":["post-9390","post","type-post","status-publish","format-standard","has-post-thumbnail","hentry","category-informacion-general","category-portada"],"jetpack_featured_media_url":"https:\/\/i0.wp.com\/cdnoticias.com\/wp-content\/uploads\/2020\/12\/Suarez-entre-Rivadavia-y-Vicente-L%C3%B3pez.jpg?fit=790%2C513&ssl=1","jetpack_sharing_enabled":true,"_links":{"self":[{"href":"https:\/\/cdnoticias.com\/index.php\/wp-json\/wp\/v2\/posts\/9390","targetHints":{"allow":["GET"]}}],"collection":[{"href":"https:\/\/cdnoticias.com\/index.php\/wp-json\/wp\/v2\/posts"}],"about":[{"href":"https:\/\/cdnoticias.com\/index.php\/wp-json\/wp\/v2\/types\/post"}],"author":[{"embeddable":true,"href":"https:\/\/cdnoticias.com\/index.php\/wp-json\/wp\/v2\/users\/3"}],"replies":[{"embeddable":true,"href":"https:\/\/cdnoticias.com\/index.php\/wp-json\/wp\/v2\/comments?post=9390"}],"version-history":[{"count":0,"href":"https:\/\/cdnoticias.com\/index.php\/wp-json\/wp\/v2\/posts\/9390\/revisions"}],"wp:featuredmedia":[{"embeddable":true,"href":"https:\/\/cdnoticias.com\/index.php\/wp-json\/wp\/v2\/media\/9385"}],"wp:attachment":[{"href":"https:\/\/cdnoticias.com\/index.php\/wp-json\/wp\/v2\/media?parent=9390"}],"wp:term":[{"taxonomy":"category","embeddable":true,"href":"https:\/\/cdnoticias.com\/index.php\/wp-json\/wp\/v2\/categories?post=9390"},{"taxonomy":"post_tag","embeddable":true,"href":"https:\/\/cdnoticias.com\/index.php\/wp-json\/wp\/v2\/tags?post=9390"}],"curies":[{"name":"wp","href":"https:\/\/api.w.org\/{rel}","templated":true}]}}