{"id":93854,"date":"2023-08-22T19:35:24","date_gmt":"2023-08-22T22:35:24","guid":{"rendered":"https:\/\/www.centraldenoticias.com.ar\/?p=93854"},"modified":"2023-08-22T20:42:22","modified_gmt":"2023-08-22T23:42:22","slug":"inscripcion-a-subsidios-en-coopelectric-alrededor-de-50-personas-por-dia-hacen-el-tramite","status":"publish","type":"post","link":"https:\/\/cdnoticias.com\/index.php\/2023\/08\/22\/inscripcion-a-subsidios-en-coopelectric-alrededor-de-50-personas-por-dia-hacen-el-tramite\/","title":{"rendered":"Inscripci\u00f3n a subsidios en Coopelectric: \u201calrededor de 50 personas por d\u00eda hacen el tr\u00e1mite\u201d"},"content":{"rendered":"<p>As\u00ed lo se\u00f1alaron el jefe de Atenci\u00f3n al Usuario y el subgerente Administrativo de la cooperativa. El impacto en los montos de las facturas y en la cobrabilidad. La devaluaci\u00f3n y \u00bfla suba de la luz?.<!--more--><\/p>\n<hr \/>\n<p>A un mes de la apertura de una <a href=\"https:\/\/cdnoticias.com\/index.php\/2023\/07\/27\/sigue-abierta-la-oficina-de-coopelectric-para-facilitar-la-inscripcion-a-subsidios\/\" target=\"_blank\" rel=\"noopener\">oficina abierta exclusivamente para la atenci\u00f3n de quienes a\u00fan no se inscribieron para mantener el subsidio a la energ\u00eda y al gas<\/a>, desde Coopelectric se brindaron detalles del funcionamiento y la inquietud de los y las olavarrienses.<\/p>\n<p>&nbsp;<\/p>\n<p>El<strong> jefe de Atenci\u00f3n al Usuario, Gabriel Laborde y el subgerente Administrativo Enrique Lospinoso<\/strong>, hablaron con <em>Central de Noticias<\/em> y resaltaron la masividad de las consultas.<\/p>\n<p>&nbsp;<\/p>\n<p>La atenci\u00f3n de esa oficina fue alta desde el inicio: <strong>\u201centre 130 a 150 personas diarias\u201d<\/strong>. Gabriel Laborde detall\u00f3 que<strong> \u201cen las primeras semanas eran muchas consultas, pero alrededor de un 10% era solamente para hacer el formulario propiamente dicho. En las \u00faltimas semanas eso se increment\u00f3 en un 40%, o sea que las personas que viene, lo hacen para realizar el formulario\u201d.<\/strong><\/p>\n<p>&nbsp;<\/p>\n<blockquote><p>En usuarios concretos, este porcentaje se traduce en que en la actualidad \u201calrededor de 50 personas por d\u00eda hacen el tr\u00e1mite\u201d.<\/p><\/blockquote>\n<p>&nbsp;<\/p>\n<p><strong>La cifra no lo sorprendi\u00f3.<\/strong> \u201cLo esper\u00e1bamos porque<strong> las mismas consultas las ten\u00edamos en el \u00e1rea comercial.<\/strong> Entonces se decidi\u00f3 separar las cosas para brindar apoyo a aquellos que no ten\u00edan los medios para hacerlo y aparte descomprimir un poco lo que es tr\u00e1mite comercial\u201d, se\u00f1al\u00f3 Laborde.<\/p>\n<p>&nbsp;<\/p>\n<p>Ante este panorama, se indic\u00f3 que la oficina de atenci\u00f3n exclusiva <strong>continuar\u00e1 atendiendo<\/strong> \u201chasta tanto baje la cantidad de p\u00fablico que viene\u201d. La gente que se acerca es principalmente adultos mayores o quienes no tienen la posibilidad de acceso a internet. \u00a0Funciona de lunes a viernes de 8 a 14 en la sede de Belgrano 2824.<\/p>\n<p>&nbsp;<\/p>\n<p><img data-recalc-dims=\"1\" loading=\"lazy\" decoding=\"async\" class=\"aligncenter size-full wp-image-91329\" src=\"https:\/\/i0.wp.com\/cdnoticias.com\/wp-content\/uploads\/2023\/07\/coopelectric-oficina-subsidios-01.jpg?resize=800%2C445&#038;ssl=1\" alt=\"\" width=\"800\" height=\"445\" srcset=\"https:\/\/i0.wp.com\/cdnoticias.com\/wp-content\/uploads\/2023\/07\/coopelectric-oficina-subsidios-01.jpg?w=800&amp;ssl=1 800w, https:\/\/i0.wp.com\/cdnoticias.com\/wp-content\/uploads\/2023\/07\/coopelectric-oficina-subsidios-01.jpg?resize=300%2C167&amp;ssl=1 300w, https:\/\/i0.wp.com\/cdnoticias.com\/wp-content\/uploads\/2023\/07\/coopelectric-oficina-subsidios-01.jpg?resize=768%2C427&amp;ssl=1 768w\" sizes=\"auto, (max-width: 800px) 100vw, 800px\" \/><\/p>\n<p>&nbsp;<\/p>\n<h2>La quita de subsidios, los niveles de segmentaci\u00f3n y la cobrabilidad<\/h2>\n<p>&nbsp;<\/p>\n<p>Los incrementos en los montos finales de las facturas corresponden a que la Provincia de Buenos Aires traslad\u00f3 a las tarifas el\u00e9ctricas la quita total del subsidio establecido por el Gobierno Nacional.<\/p>\n<p>&nbsp;<\/p>\n<p>De esta forma, se estableci\u00f3 una segmentaci\u00f3n en tres grandes grupos de usuarios residenciales de acuerdo a su nivel socioecon\u00f3mico. La quita total del subsidio fue para los usuarios incorporados en el Segmente N1 que son los hogares que cuentan con ingresos de 3,5 canastas b\u00e1sicas sumado a<strong> quienes no se inscribieron al Registro de Acceso a los Subsidios a la Energ\u00eda (RASE).<\/strong><\/p>\n<p>&nbsp;<\/p>\n<p>En este sentido,<strong> Enrique Lospinoso<\/strong> record\u00f3 que \u201c<strong>la segmentaci\u00f3n empez\u00f3 hace un a\u00f1o<\/strong>. Ah\u00ed se hizo toda la explicaci\u00f3n de los distintos niveles y qui\u00e9nes deb\u00edan solicitarla y qui\u00e9nes no. La no solicitud implicaba una renuncia a los subsidios. <strong>En enero comenzaron las quitas de los subsidios pero eran valores no significativos. En mayo, con la quinta quita de subsidios es donde surge el problema<\/strong>\u201d.<\/p>\n<p>&nbsp;<\/p>\n<blockquote><p>Resalt\u00f3 que \u201cen el padr\u00f3n de Olavarr\u00eda, 17 mil usuarios eran considerados con ingresos altos, muchos de ellos no hab\u00edan hecho el tr\u00e1mite, por falta de conocimiento, por falta de medios o confusi\u00f3n\u201d.<\/p><\/blockquote>\n<p>&nbsp;<\/p>\n<p>Asimismo, el subgerente Administrativo se\u00f1al\u00f3 otro aspecto que \u201cconfundi\u00f3\u201d a los usuarios y tuvo que ver con la <strong>Tarifa Social<\/strong> y la quita de subsidios. \u201cAquellos usuarios que ten\u00edan Tarifa Social a junio o julio del a\u00f1o pasado el mismo Estado estableci\u00f3 que no deber\u00edan hacer la inscripci\u00f3n en los subsidios\u201d. Sin embargo, <strong>\u201cen enero de este a\u00f1o dijeron que s\u00ed deb\u00edan inscribirse\u201d.<\/strong><\/p>\n<p>&nbsp;<\/p>\n<blockquote><p>Por otra parte, Lospinoso habl\u00f3 del impacto de los usuarios al recibir las facturas con \u201cun salto importante en los montos\u201d y se\u00f1al\u00f3 que si bien es temprano para analizarlo \u201cal vencimiento de la primera factura con importe alto (agosto) notamos una baja en la cobrabilidad. No es significativa en principio, pero cerrado el mes vamos a tener una evaluaci\u00f3n m\u00e1s correcta\u201d.<\/p><\/blockquote>\n<p>&nbsp;<\/p>\n<h2>\u00bfAumenta la tarifa de luz?<\/h2>\n<p>&nbsp;<\/p>\n<p>Tras la devaluaci\u00f3n del peso respecto al d\u00f3lar de alrededor del 22%, <strong>la secretaria de Energ\u00eda de la Naci\u00f3n Flavia Roy\u00f3n, afirm\u00f3 que est\u00e1n \u201cestudiando\u201d si va a haber subas en las tarifas de luz.<\/strong><\/p>\n<p>&nbsp;<\/p>\n<p>En ese sentido, Eduardo Lospinoso explic\u00f3 que desde el Gobierno <strong>\u201cest\u00e1n evaluando la manera de trasladar la devaluaci\u00f3n a tarifa del costo de la energ\u00eda, del valor mayorista de la energ\u00eda\u201d.<\/strong><\/p>\n<p>&nbsp;<\/p>\n<p>Adem\u00e1s \u201cest\u00e1n viendo m\u00e1s quitas de subsidio que estaba ya en an\u00e1lisis previo a esto\u201d y resalt\u00f3: \u201cla diferencia entre un usuario sin subsidio o con subsidio pleno, el valor de la factura es la mitad\u201d.<\/p>\n<p>&nbsp;<\/p>\n<p><strong>\u201cEsta devaluaci\u00f3n que se gener\u00f3 ahora si se trasladara a tarifa, ese mismo valor va a incrementar la factura\u201d,<\/strong> cerr\u00f3 Lospinoso.<\/p>\n","protected":false},"excerpt":{"rendered":"<p>As\u00ed lo se\u00f1alaron el jefe de Atenci\u00f3n al Usuario y el subgerente Administrativo de la cooperativa. El impacto en los<\/p>\n","protected":false},"author":5,"featured_media":93847,"comment_status":"closed","ping_status":"closed","sticky":false,"template":"","format":"standard","meta":{"_jetpack_memberships_contains_paid_content":false,"footnotes":""},"categories":[5,1],"tags":[],"class_list":["post-93854","post","type-post","status-publish","format-standard","has-post-thumbnail","hentry","category-informacion-general","category-portada"],"jetpack_featured_media_url":"https:\/\/i0.wp.com\/cdnoticias.com\/wp-content\/uploads\/2023\/08\/lospinoso-laborde-coopelectric-01.jpg?fit=1000%2C556&ssl=1","jetpack_sharing_enabled":true,"_links":{"self":[{"href":"https:\/\/cdnoticias.com\/index.php\/wp-json\/wp\/v2\/posts\/93854","targetHints":{"allow":["GET"]}}],"collection":[{"href":"https:\/\/cdnoticias.com\/index.php\/wp-json\/wp\/v2\/posts"}],"about":[{"href":"https:\/\/cdnoticias.com\/index.php\/wp-json\/wp\/v2\/types\/post"}],"author":[{"embeddable":true,"href":"https:\/\/cdnoticias.com\/index.php\/wp-json\/wp\/v2\/users\/5"}],"replies":[{"embeddable":true,"href":"https:\/\/cdnoticias.com\/index.php\/wp-json\/wp\/v2\/comments?post=93854"}],"version-history":[{"count":0,"href":"https:\/\/cdnoticias.com\/index.php\/wp-json\/wp\/v2\/posts\/93854\/revisions"}],"wp:featuredmedia":[{"embeddable":true,"href":"https:\/\/cdnoticias.com\/index.php\/wp-json\/wp\/v2\/media\/93847"}],"wp:attachment":[{"href":"https:\/\/cdnoticias.com\/index.php\/wp-json\/wp\/v2\/media?parent=93854"}],"wp:term":[{"taxonomy":"category","embeddable":true,"href":"https:\/\/cdnoticias.com\/index.php\/wp-json\/wp\/v2\/categories?post=93854"},{"taxonomy":"post_tag","embeddable":true,"href":"https:\/\/cdnoticias.com\/index.php\/wp-json\/wp\/v2\/tags?post=93854"}],"curies":[{"name":"wp","href":"https:\/\/api.w.org\/{rel}","templated":true}]}}