{"id":93823,"date":"2023-08-22T08:36:23","date_gmt":"2023-08-22T11:36:23","guid":{"rendered":"https:\/\/www.centraldenoticias.com.ar\/?p=93823"},"modified":"2023-08-22T09:27:32","modified_gmt":"2023-08-22T12:27:32","slug":"tras-la-devaluacion-gremios-bonaerenses-pidieron-reabrir-paritarias","status":"publish","type":"post","link":"https:\/\/cdnoticias.com\/index.php\/2023\/08\/22\/tras-la-devaluacion-gremios-bonaerenses-pidieron-reabrir-paritarias\/","title":{"rendered":"Tras la devaluaci\u00f3n, gremios bonaerenses pidieron reabrir paritarias"},"content":{"rendered":"<p>Organizaciones sindicales de docentes y estatales emitieron pedidos \u00a0\u201ccon urgencia\u201d al Ministerio de Trabajo. \u201cEntendemos imprescindible que se nos convoque a discutir salarios\u201d sostuvo Oscar de Isasi, titular de ATE.<\/p>\n<p><!--more--><\/p>\n<hr \/>\n<p><strong>Gremios docentes y estatales de la ley 10.430<\/strong> comenzaron a <strong>pedir revisiones y reaperturas de paritarias<\/strong> en la provincia de Buenos Aires, <strong>tras la devaluaci\u00f3n<\/strong> del 22% del d\u00f3lar oficial registrada durante la semana pasada y el impacto de esta en los precios.<\/p>\n<p>&nbsp;<\/p>\n<p>Uno de los gremios estatales que hizo reclamos tras la devaluaci\u00f3n es <strong>ATE<\/strong>. Esta organizaci\u00f3n le <strong>envi\u00f3 una nota al director provincial de Negociaciones Colectivas del Ministerio de Trabajo, Juan Pablo Lorenzo<\/strong>, en el que pidi\u00f3 por <em>\u201cuna convocatoria de monitoreo de manera urgente\u201d<\/em>.<\/p>\n<p>&nbsp;<\/p>\n<blockquote><p>\u201cDesde nuestra organizaci\u00f3n sindical, entendemos imprescindible que se nos convoque a discutir salarios luego de la devaluaci\u00f3n de nuestro pa\u00eds y su instant\u00e1nea traslaci\u00f3n a los precios de la canasta b\u00e1sica y el combustible\u201d, pidi\u00f3 el sindicato que lidera Oscar \u201cColo\u201d de Isasi. En el mismo escrito, la organizaci\u00f3n se\u00f1al\u00f3 que hay que \u201calinear\u201d los salarios de los trabajadores bonaerenses \u201cpor encima de la inflaci\u00f3n\u201d y destac\u00f3 que hasta ahora la gesti\u00f3n de Axel Kicillof lo \u201cha venido haciendo\u201d.<\/p><\/blockquote>\n<p>&nbsp;<\/p>\n<p>Entre los estatales, tambi\u00e9n se expres\u00f3 la<strong> Federaci\u00f3n de Gremios Estatales y Particulares bonaerense (Fegeppba)<\/strong>. La misma le mand\u00f3 <strong>una nota al ministro de Trabajo, Walter Correa<\/strong>, en la que requiri\u00f3 por un <em>\u201curgente llamado a la mesa de paritaria salarial\u201d<\/em> para \u201cadelantar el acuerdo establecido para el mes de septiembre del incremento del 15% a la liquidaci\u00f3n de los salarios del mes de agosto\u201d.<\/p>\n<p>&nbsp;<\/p>\n<p>Asimismo, desde otro sindicato implicado en la negociaci\u00f3n de los trabajadores de la ley 10.430 le dijeron a DIB que posiblemente comiencen esta semana conversaciones informales y deslizaron la posibilidad de incluir en la discusi\u00f3n la suma fija.<\/p>\n<p>&nbsp;<\/p>\n<p>Por otro lado, entre los docentes bonaerenses el primer gremio en reclamar avances en la negociaci\u00f3n tras la devaluaci\u00f3n fue la <strong>FEB<\/strong>. \u201cLas autoridades provinciales deben <em>convocar de manera urgente a los gremios docentes<\/em> para volver a discutir una recomposici\u00f3n salarial que permita al sector no quedar relegado, de cara a un crecimiento de la inflaci\u00f3n para los pr\u00f3ximos meses\u201d, asegur\u00f3 Liliana Olivera, titular de la organizaci\u00f3n sindical.<\/p>\n<p>&nbsp;<\/p>\n<blockquote><p>Y agreg\u00f3: \u201cLos salarios docentes, como el del resto de los trabajadores, han sufrido nuevamente un duro golpe y se hace imprescindible activar la cl\u00e1usula de revisi\u00f3n que se acord\u00f3 en la \u00faltima negociaci\u00f3n para evitar que el poder adquisitivo se siga deteriorando\u201d.<\/p><\/blockquote>\n<p>&nbsp;<\/p>\n<p>En tanto, la <strong>Confederaci\u00f3n de Trabajadores de la Educaci\u00f3n de la Rep\u00fablica Argentina (Ctera)<\/strong>, organizaci\u00f3n en la que est\u00e1 nucleada <strong>Suteba<\/strong> a nivel nacional, advirti\u00f3 que \u201clos acuerdos paritarios alcanzados por los trabajadores han quedado desfasados de la realidad, al igual que los haberes de las y los docentes jubilados\u201d.<\/p>\n<p>&nbsp;<\/p>\n<p><em>\u201cDesde Ctera vemos la necesidad, no solo de la recomposici\u00f3n salarial, sino de poner un l\u00edmite, con medidas econ\u00f3micas concretas, a aquellos que siguen multiplicando sus ganancias indiscriminadamente\u201d<\/em>, se\u00f1al\u00f3 la Confederaci\u00f3n en una nota firmada por su secretaria General, Sonia Alesso, y por su secretario General Adjunto, Roberto Baradel.<\/p>\n<p>&nbsp;<\/p>\n<blockquote><p>Y agreg\u00f3: \u201cPor este motivo la Ctera exige al Gobierno Nacional la urgente convocatoria a la paritaria nacional docente para recuperar el poder adquisitivo de nuestros salarios\u201d.<\/p><\/blockquote>\n<p>&nbsp;<\/p>\n<p>Fuente: <em>Agencia DIB\u00a0<\/em><\/p>\n<p>&nbsp;<\/p>\n","protected":false},"excerpt":{"rendered":"<p>Organizaciones sindicales de docentes y estatales emitieron pedidos \u00a0\u201ccon urgencia\u201d al Ministerio de Trabajo. \u201cEntendemos imprescindible que se nos convoque<\/p>\n","protected":false},"author":4,"featured_media":90488,"comment_status":"closed","ping_status":"closed","sticky":false,"template":"","format":"standard","meta":{"_jetpack_memberships_contains_paid_content":false,"footnotes":""},"categories":[6,1],"tags":[],"class_list":["post-93823","post","type-post","status-publish","format-standard","has-post-thumbnail","hentry","category-nacionales","category-portada"],"jetpack_featured_media_url":"https:\/\/i0.wp.com\/cdnoticias.com\/wp-content\/uploads\/2023\/07\/Paritarias-696x464-1.jpg?fit=696%2C464&ssl=1","jetpack_sharing_enabled":true,"_links":{"self":[{"href":"https:\/\/cdnoticias.com\/index.php\/wp-json\/wp\/v2\/posts\/93823","targetHints":{"allow":["GET"]}}],"collection":[{"href":"https:\/\/cdnoticias.com\/index.php\/wp-json\/wp\/v2\/posts"}],"about":[{"href":"https:\/\/cdnoticias.com\/index.php\/wp-json\/wp\/v2\/types\/post"}],"author":[{"embeddable":true,"href":"https:\/\/cdnoticias.com\/index.php\/wp-json\/wp\/v2\/users\/4"}],"replies":[{"embeddable":true,"href":"https:\/\/cdnoticias.com\/index.php\/wp-json\/wp\/v2\/comments?post=93823"}],"version-history":[{"count":0,"href":"https:\/\/cdnoticias.com\/index.php\/wp-json\/wp\/v2\/posts\/93823\/revisions"}],"wp:featuredmedia":[{"embeddable":true,"href":"https:\/\/cdnoticias.com\/index.php\/wp-json\/wp\/v2\/media\/90488"}],"wp:attachment":[{"href":"https:\/\/cdnoticias.com\/index.php\/wp-json\/wp\/v2\/media?parent=93823"}],"wp:term":[{"taxonomy":"category","embeddable":true,"href":"https:\/\/cdnoticias.com\/index.php\/wp-json\/wp\/v2\/categories?post=93823"},{"taxonomy":"post_tag","embeddable":true,"href":"https:\/\/cdnoticias.com\/index.php\/wp-json\/wp\/v2\/tags?post=93823"}],"curies":[{"name":"wp","href":"https:\/\/api.w.org\/{rel}","templated":true}]}}