{"id":93806,"date":"2023-08-21T19:10:53","date_gmt":"2023-08-21T22:10:53","guid":{"rendered":"https:\/\/www.centraldenoticias.com.ar\/?p=93806"},"modified":"2023-08-21T20:00:13","modified_gmt":"2023-08-21T23:00:13","slug":"entregaron-una-mencion-de-interes-legislativo-a-los-juegos-adetra","status":"publish","type":"post","link":"https:\/\/cdnoticias.com\/index.php\/2023\/08\/21\/entregaron-una-mencion-de-interes-legislativo-a-los-juegos-adetra\/","title":{"rendered":"Entregaron una menci\u00f3n de inter\u00e9s legislativo a los Juegos ADETRA"},"content":{"rendered":"<p>Fue en manos del concejal radical Sebasti\u00e1n Matrella, quien fue donante del vicepresidente de la entidad, Ricardo Hoffman. \u201cQueremos visibilizar para que m\u00e1s gente toma la decisi\u00f3n de ser donante\u201d.<!--more--><\/p>\n<hr \/>\n<p>El pasado s\u00e1bado<strong>, integrantes del Concejo Deliberante de Olavarr\u00eda entregaron a autoridades de ADETRA la declaraci\u00f3n de inter\u00e9s municipal de los Juegos ADETRA, destinados a personas que han sido trasplantadas.<\/strong><\/p>\n<p>&nbsp;<\/p>\n<p>El acto fue encabezado por la presidenta del HCD, Cecilia Krivochen, junto a los concejales Sebasti\u00e1n Matrella y Bel\u00e9n Vergel (UCR) y Carlos Coscia (Juntos). Tambi\u00e9n estuvo presente el Subsecretario de Deportes, Juan Agust\u00edn Galli.<\/p>\n<p>&nbsp;<\/p>\n<p>Matrella fue el encargado de realizar unas palabras y destac\u00f3 que e<em>s \u201cun honor apoyar este tipo de eventos, apoyar a Adetra, y relacionar lo que es el deporte con el trasplante\u201d.<\/em><\/p>\n<p>&nbsp;<\/p>\n<blockquote><p>\u201cLa calidad de vida que tienen, de toda la gente que est\u00e1 trasplantada, y con esto queremos visibilizar para que m\u00e1s gente, por favor, tome la decisi\u00f3n de ser donante, porque vemos la ayuda que podemos dar\u201d agreg\u00f3 y cerr\u00f3: \u201cLos recibimos de todo coraz\u00f3n y esperemos que sean unos juegos fant\u00e1sticos\u201d.<\/p><\/blockquote>\n<p>&nbsp;<\/p>\n<p>Recibieron la menci\u00f3n el presidente Juan Trigo y el vicepresidente de ADETRA, Ricardo Hoffman. Justamente, <strong>Hoffman dio cuenta que<em> \u201cel se\u00f1or que habl\u00f3 reci\u00e9n, el m\u00e1s alto (por Matrella), es el culpable de que yo est\u00e9 ac\u00e1 porque fue mi donante\u201d<\/em> para luego regalarse un gran abrazo ante el aplauso de los presentes.<\/strong><\/p>\n<p>&nbsp;<\/p>\n<blockquote class=\"instagram-media\" style=\"background: #FFF; border: 0; border-radius: 3px; box-shadow: 0 0 1px 0 rgba(0,0,0,0.5),0 1px 10px 0 rgba(0,0,0,0.15); margin: 1px; max-width: 540px; min-width: 326px; padding: 0; width: calc(100% - 2px);\" data-instgrm-captioned=\"\" data-instgrm-permalink=\"https:\/\/www.instagram.com\/reel\/CwI_BlPIQQm\/?utm_source=ig_embed&amp;utm_campaign=loading\" data-instgrm-version=\"14\">\n<div style=\"padding: 16px;\">\n<p>&nbsp;<\/p>\n<div style=\"display: flex; flex-direction: row; align-items: center;\">\n<div style=\"background-color: #f4f4f4; border-radius: 50%; flex-grow: 0; height: 40px; margin-right: 14px; width: 40px;\"><\/div>\n<div style=\"display: flex; flex-direction: column; flex-grow: 1; justify-content: center;\">\n<div style=\"background-color: #f4f4f4; border-radius: 4px; flex-grow: 0; height: 14px; margin-bottom: 6px; width: 100px;\"><\/div>\n<div style=\"background-color: #f4f4f4; border-radius: 4px; flex-grow: 0; height: 14px; width: 60px;\"><\/div>\n<\/div>\n<\/div>\n<div style=\"padding: 19% 0;\"><\/div>\n<div style=\"display: block; height: 50px; margin: 0 auto 12px; width: 50px;\"><\/div>\n<div style=\"padding-top: 8px;\">\n<div style=\"color: #3897f0; font-family: Arial,sans-serif; font-size: 14px; font-style: normal; font-weight: 550; line-height: 18px;\">Ver esta publicaci\u00f3n en Instagram<\/div>\n<\/div>\n<div style=\"padding: 12.5% 0;\"><\/div>\n<div style=\"display: flex; flex-direction: row; margin-bottom: 14px; align-items: center;\">\n<div>\n<div style=\"background-color: #f4f4f4; border-radius: 50%; height: 12.5px; width: 12.5px; transform: translateX(0px) translateY(7px);\"><\/div>\n<div style=\"background-color: #f4f4f4; height: 12.5px; transform: rotate(-45deg) translateX(3px) translateY(1px); width: 12.5px; flex-grow: 0; margin-right: 14px; margin-left: 2px;\"><\/div>\n<div style=\"background-color: #f4f4f4; border-radius: 50%; height: 12.5px; width: 12.5px; transform: translateX(9px) translateY(-18px);\"><\/div>\n<\/div>\n<div style=\"margin-left: 8px;\">\n<div style=\"background-color: #f4f4f4; border-radius: 50%; flex-grow: 0; height: 20px; width: 20px;\"><\/div>\n<div style=\"width: 0; height: 0; border-top: 2px solid transparent; border-left: 6px solid #f4f4f4; border-bottom: 2px solid transparent; transform: translateX(16px) translateY(-4px) rotate(30deg);\"><\/div>\n<\/div>\n<div style=\"margin-left: auto;\">\n<div style=\"width: 0px; border-top: 8px solid #F4F4F4; border-right: 8px solid transparent; transform: translateY(16px);\"><\/div>\n<div style=\"background-color: #f4f4f4; flex-grow: 0; height: 12px; width: 16px; transform: translateY(-4px);\"><\/div>\n<div style=\"width: 0; height: 0; border-top: 8px solid #F4F4F4; border-left: 8px solid transparent; transform: translateY(-4px) translateX(8px);\"><\/div>\n<\/div>\n<\/div>\n<div style=\"display: flex; flex-direction: column; flex-grow: 1; justify-content: center; margin-bottom: 24px;\">\n<div style=\"background-color: #f4f4f4; border-radius: 4px; flex-grow: 0; height: 14px; margin-bottom: 6px; width: 224px;\"><\/div>\n<div style=\"background-color: #f4f4f4; border-radius: 4px; flex-grow: 0; height: 14px; width: 144px;\"><\/div>\n<\/div>\n<p>&nbsp;<\/p>\n<p style=\"color: #c9c8cd; font-family: Arial,sans-serif; font-size: 14px; line-height: 17px; margin-bottom: 0; margin-top: 8px; overflow: hidden; padding: 8px 0 7px; text-align: center; text-overflow: ellipsis; white-space: nowrap;\"><a style=\"color: #c9c8cd; font-family: Arial,sans-serif; font-size: 14px; font-style: normal; font-weight: normal; line-height: 17px; text-decoration: none;\" href=\"https:\/\/www.instagram.com\/reel\/CwI_BlPIQQm\/?utm_source=ig_embed&amp;utm_campaign=loading\" target=\"_blank\" rel=\"noopener\">Una publicaci\u00f3n compartida de Sebastian Matrella (@sebastianmatrella)<\/a><\/p>\n<\/div>\n<\/blockquote>\n<p><script async src=\"\/\/www.instagram.com\/embed.js\"><\/script><\/p>\n<p>&nbsp;<\/p>\n<p>Los juegos se realizaron entre el pasado s\u00e1bado y este lunes en las instalaciones del club Estudiantes de nuestra ciudad.<\/p>\n<p>&nbsp;<\/p>\n<p><em>\u201cLos objetivos de ADETRA son promover, desarrollar, organizar, patrocinar y difundir las pr\u00e1cticas de todos los deportes y actividades f\u00edsicas que las personas trasplantadas realizan. Apoyar estas iniciativas es crear conciencia de la importancia del deporte y la donaci\u00f3n de \u00f3rganos. Donar es dar vida\u201d<\/em> agregaron desde la UCR local.<\/p>\n","protected":false},"excerpt":{"rendered":"<p>Fue en manos del concejal radical Sebasti\u00e1n Matrella, quien fue donante del vicepresidente de la entidad, Ricardo Hoffman. \u201cQueremos visibilizar<\/p>\n","protected":false},"author":2,"featured_media":93807,"comment_status":"closed","ping_status":"closed","sticky":false,"template":"","format":"standard","meta":{"_jetpack_memberships_contains_paid_content":false,"footnotes":""},"categories":[4,1],"tags":[],"class_list":["post-93806","post","type-post","status-publish","format-standard","has-post-thumbnail","hentry","category-politica","category-portada"],"jetpack_featured_media_url":"https:\/\/i0.wp.com\/cdnoticias.com\/wp-content\/uploads\/2023\/08\/tenis-adetra.jpeg?fit=960%2C640&ssl=1","jetpack_sharing_enabled":true,"_links":{"self":[{"href":"https:\/\/cdnoticias.com\/index.php\/wp-json\/wp\/v2\/posts\/93806","targetHints":{"allow":["GET"]}}],"collection":[{"href":"https:\/\/cdnoticias.com\/index.php\/wp-json\/wp\/v2\/posts"}],"about":[{"href":"https:\/\/cdnoticias.com\/index.php\/wp-json\/wp\/v2\/types\/post"}],"author":[{"embeddable":true,"href":"https:\/\/cdnoticias.com\/index.php\/wp-json\/wp\/v2\/users\/2"}],"replies":[{"embeddable":true,"href":"https:\/\/cdnoticias.com\/index.php\/wp-json\/wp\/v2\/comments?post=93806"}],"version-history":[{"count":0,"href":"https:\/\/cdnoticias.com\/index.php\/wp-json\/wp\/v2\/posts\/93806\/revisions"}],"wp:featuredmedia":[{"embeddable":true,"href":"https:\/\/cdnoticias.com\/index.php\/wp-json\/wp\/v2\/media\/93807"}],"wp:attachment":[{"href":"https:\/\/cdnoticias.com\/index.php\/wp-json\/wp\/v2\/media?parent=93806"}],"wp:term":[{"taxonomy":"category","embeddable":true,"href":"https:\/\/cdnoticias.com\/index.php\/wp-json\/wp\/v2\/categories?post=93806"},{"taxonomy":"post_tag","embeddable":true,"href":"https:\/\/cdnoticias.com\/index.php\/wp-json\/wp\/v2\/tags?post=93806"}],"curies":[{"name":"wp","href":"https:\/\/api.w.org\/{rel}","templated":true}]}}