{"id":93798,"date":"2023-08-21T17:53:27","date_gmt":"2023-08-21T20:53:27","guid":{"rendered":"https:\/\/www.centraldenoticias.com.ar\/?p=93798"},"modified":"2023-08-21T19:11:09","modified_gmt":"2023-08-21T22:11:09","slug":"partieron-las-primeras-escuelas-olavarrienses-de-viajes-de-fin-de-curso-impulsados-por-la-provincia","status":"publish","type":"post","link":"https:\/\/cdnoticias.com\/index.php\/2023\/08\/21\/partieron-las-primeras-escuelas-olavarrienses-de-viajes-de-fin-de-curso-impulsados-por-la-provincia\/","title":{"rendered":"Partieron las primeras escuelas olavarrienses de viajes de fin de curso impulsados por la Provincia"},"content":{"rendered":"<p>Se trata de cursos de sexto a\u00f1o de la ex Normal, la Secundaria N\u00b021 y la Escuela Agraria N\u00b01. Viajaron a Monte Hermoso en este programa impulsado por el gobernador Kicillof.<!--more--><\/p>\n<hr \/>\n<p><strong>Estudiantes de sexto a\u00f1o de la Escuela Media N\u00b010 (ex Normal), la Secundaria N\u00b021 y la Agraria N\u00b01 de Olavarr\u00eda<\/strong> salieron este lunes rumbo a Monte Hermoso en el marco del programa <strong>&#8220;Viajes de Fin de Curso&#8221; que lleva adelante el gobierno provincial de Axel Kicillof.<\/strong><\/p>\n<p>&nbsp;<\/p>\n<p><strong><em>&#8220;Si no era por este programa no hubi\u00e9ramos tenido viaje de egresados porque la mayor\u00eda de los chicos no podr\u00edamos pagarlo&#8221;<\/em><\/strong>, asegur\u00f3 Ludmila de la EES N\u00b021 y remarc\u00f3:<em> &#8220;Para nosotros es algo muy importante porque es un momento que no vamos a olvidar nunca junto a todos nuestros compa\u00f1eros&#8221;.<\/em><\/p>\n<p>&nbsp;<\/p>\n<p><img data-recalc-dims=\"1\" loading=\"lazy\" decoding=\"async\" class=\"alignnone size-large wp-image-93802\" src=\"https:\/\/i0.wp.com\/cdnoticias.com\/wp-content\/uploads\/2023\/08\/IMG-20230821-WA0032.jpg?resize=800%2C512&#038;ssl=1\" alt=\"\" width=\"800\" height=\"512\" srcset=\"https:\/\/i0.wp.com\/cdnoticias.com\/wp-content\/uploads\/2023\/08\/IMG-20230821-WA0032.jpg?resize=1024%2C655&amp;ssl=1 1024w, https:\/\/i0.wp.com\/cdnoticias.com\/wp-content\/uploads\/2023\/08\/IMG-20230821-WA0032.jpg?resize=300%2C192&amp;ssl=1 300w, https:\/\/i0.wp.com\/cdnoticias.com\/wp-content\/uploads\/2023\/08\/IMG-20230821-WA0032.jpg?resize=768%2C491&amp;ssl=1 768w, https:\/\/i0.wp.com\/cdnoticias.com\/wp-content\/uploads\/2023\/08\/IMG-20230821-WA0032.jpg?w=1286&amp;ssl=1 1286w\" sizes=\"auto, (max-width: 800px) 100vw, 800px\" \/><\/p>\n<p>&nbsp;<\/p>\n<p>Los <strong>Viajes de Fin de Curso que financia la provincia de Buenos Aires apuntan a impulsar el Turismo, extender la temporada, reactivar la econom\u00eda y potenciar la inclusi\u00f3n y la revinculaci\u00f3n para 220.000 estudiantes de \u00faltimo a\u00f1o<\/strong> de las escuelas secundarias bonaerenses de gesti\u00f3n estatal y privada.<\/p>\n<p>&nbsp;<\/p>\n<p><img data-recalc-dims=\"1\" loading=\"lazy\" decoding=\"async\" class=\"alignnone size-large wp-image-93801\" src=\"https:\/\/i0.wp.com\/cdnoticias.com\/wp-content\/uploads\/2023\/08\/IMG-20230821-WA0033.jpg?resize=800%2C533&#038;ssl=1\" alt=\"\" width=\"800\" height=\"533\" srcset=\"https:\/\/i0.wp.com\/cdnoticias.com\/wp-content\/uploads\/2023\/08\/IMG-20230821-WA0033.jpg?resize=1024%2C682&amp;ssl=1 1024w, https:\/\/i0.wp.com\/cdnoticias.com\/wp-content\/uploads\/2023\/08\/IMG-20230821-WA0033.jpg?resize=300%2C200&amp;ssl=1 300w, https:\/\/i0.wp.com\/cdnoticias.com\/wp-content\/uploads\/2023\/08\/IMG-20230821-WA0033.jpg?resize=768%2C512&amp;ssl=1 768w, https:\/\/i0.wp.com\/cdnoticias.com\/wp-content\/uploads\/2023\/08\/IMG-20230821-WA0033.jpg?resize=272%2C182&amp;ssl=1 272w, https:\/\/i0.wp.com\/cdnoticias.com\/wp-content\/uploads\/2023\/08\/IMG-20230821-WA0033.jpg?w=1286&amp;ssl=1 1286w\" sizes=\"auto, (max-width: 800px) 100vw, 800px\" \/><\/p>\n<p>&nbsp;<\/p>\n<blockquote><p>Entre sus objetivos, se plantea \u201cla posibilidad de que todas y todos los estudiantes puedan viajar dentro de la provincia de Buenos Aires, conocer otros lugares y paisajes, otras realidades, compartir d\u00edas con amigos, y as\u00ed garantizar una experiencia \u00fanica\u201d.<\/p><\/blockquote>\n<p>&nbsp;<\/p>\n<p>El programa se inscribe dentro de una pol\u00edtica <em>\u201cm\u00e1s amplia de promoci\u00f3n y reactivaci\u00f3n del sector tur\u00edstico en la provincia de Buenos Aires\u201d.<\/em><\/p>\n<p>&nbsp;<\/p>\n<p><strong><em>&#8220;Algunos de nosotros tambi\u00e9n nos vamos a Bariloche a fin de a\u00f1o, pero nos parece bien que todos tengan la oportunidad de tener su viaje de egresados&#8221;<\/em><\/strong>, asegur\u00f3 Ignacio de la Media N\u00b010.<\/p>\n<p>&nbsp;<\/p>\n<p><img data-recalc-dims=\"1\" loading=\"lazy\" decoding=\"async\" class=\"alignnone size-large wp-image-93799\" src=\"https:\/\/i0.wp.com\/cdnoticias.com\/wp-content\/uploads\/2023\/08\/IMG-20230821-WA0030.jpg?resize=800%2C536&#038;ssl=1\" alt=\"\" width=\"800\" height=\"536\" srcset=\"https:\/\/i0.wp.com\/cdnoticias.com\/wp-content\/uploads\/2023\/08\/IMG-20230821-WA0030.jpg?resize=1024%2C686&amp;ssl=1 1024w, https:\/\/i0.wp.com\/cdnoticias.com\/wp-content\/uploads\/2023\/08\/IMG-20230821-WA0030.jpg?resize=300%2C201&amp;ssl=1 300w, https:\/\/i0.wp.com\/cdnoticias.com\/wp-content\/uploads\/2023\/08\/IMG-20230821-WA0030.jpg?resize=768%2C515&amp;ssl=1 768w, https:\/\/i0.wp.com\/cdnoticias.com\/wp-content\/uploads\/2023\/08\/IMG-20230821-WA0030.jpg?resize=272%2C182&amp;ssl=1 272w, https:\/\/i0.wp.com\/cdnoticias.com\/wp-content\/uploads\/2023\/08\/IMG-20230821-WA0030.jpg?w=1286&amp;ssl=1 1286w\" sizes=\"auto, (max-width: 800px) 100vw, 800px\" \/><\/p>\n<p>&nbsp;<\/p>\n<p>En Olavarr\u00eda y sus localidades, este a\u00f1o <strong>se inscribieron m\u00e1s de 700 estudiantes de m\u00e1s de 20 escuelas.<\/strong> Se trata de las secundarias N\u00b01, 2, 3, 4, 6 ,7, 8, 10, 12, 13, 14, 15, 16, 17, 18, 19, 20, 21, 22, 23, T\u00e9cnica N\u00b01 y N\u00b02, Agraria N\u00b01 y el Centro de Producci\u00f3n Total N\u00b08 de Espigas.<\/p>\n","protected":false},"excerpt":{"rendered":"<p>Se trata de cursos de sexto a\u00f1o de la ex Normal, la Secundaria N\u00b021 y la Escuela Agraria N\u00b01. Viajaron<\/p>\n","protected":false},"author":2,"featured_media":93800,"comment_status":"closed","ping_status":"closed","sticky":false,"template":"","format":"standard","meta":{"_jetpack_memberships_contains_paid_content":false,"footnotes":""},"categories":[5,1],"tags":[],"class_list":["post-93798","post","type-post","status-publish","format-standard","has-post-thumbnail","hentry","category-informacion-general","category-portada"],"jetpack_featured_media_url":"https:\/\/i0.wp.com\/cdnoticias.com\/wp-content\/uploads\/2023\/08\/IMG-20230821-WA0031.jpg?fit=1286%2C885&ssl=1","jetpack_sharing_enabled":true,"_links":{"self":[{"href":"https:\/\/cdnoticias.com\/index.php\/wp-json\/wp\/v2\/posts\/93798","targetHints":{"allow":["GET"]}}],"collection":[{"href":"https:\/\/cdnoticias.com\/index.php\/wp-json\/wp\/v2\/posts"}],"about":[{"href":"https:\/\/cdnoticias.com\/index.php\/wp-json\/wp\/v2\/types\/post"}],"author":[{"embeddable":true,"href":"https:\/\/cdnoticias.com\/index.php\/wp-json\/wp\/v2\/users\/2"}],"replies":[{"embeddable":true,"href":"https:\/\/cdnoticias.com\/index.php\/wp-json\/wp\/v2\/comments?post=93798"}],"version-history":[{"count":0,"href":"https:\/\/cdnoticias.com\/index.php\/wp-json\/wp\/v2\/posts\/93798\/revisions"}],"wp:featuredmedia":[{"embeddable":true,"href":"https:\/\/cdnoticias.com\/index.php\/wp-json\/wp\/v2\/media\/93800"}],"wp:attachment":[{"href":"https:\/\/cdnoticias.com\/index.php\/wp-json\/wp\/v2\/media?parent=93798"}],"wp:term":[{"taxonomy":"category","embeddable":true,"href":"https:\/\/cdnoticias.com\/index.php\/wp-json\/wp\/v2\/categories?post=93798"},{"taxonomy":"post_tag","embeddable":true,"href":"https:\/\/cdnoticias.com\/index.php\/wp-json\/wp\/v2\/tags?post=93798"}],"curies":[{"name":"wp","href":"https:\/\/api.w.org\/{rel}","templated":true}]}}