{"id":93740,"date":"2023-08-20T18:33:18","date_gmt":"2023-08-20T21:33:18","guid":{"rendered":"https:\/\/www.centraldenoticias.com.ar\/?p=93740"},"modified":"2023-08-20T19:39:26","modified_gmt":"2023-08-20T22:39:26","slug":"el-mensaje-de-las-urnas-en-olavarria","status":"publish","type":"post","link":"https:\/\/cdnoticias.com\/index.php\/2023\/08\/20\/el-mensaje-de-las-urnas-en-olavarria\/","title":{"rendered":"El mensaje de las urnas en Olavarr\u00eda"},"content":{"rendered":"<p><span style=\"font-weight: 400;\">El triunfo de Wesner y Uni\u00f3n por la Patria, y la interpretaci\u00f3n del comportamiento en las urnas: el corte y los temas que prevalecieron. Sumar a los derrotados y captar sus votos, algo que no es autom\u00e1tico. Galli y su salida r\u00e1pida tras el tercer lugar. Arouxet y su boleta competitiva.<\/span><!--more--><\/p>\n<hr \/>\n<p><em><span style=\"font-weight: 400;\">*Volver a las Fuentes, por Josefina Bargas y Alexis Grierson<\/span><\/em><\/p>\n<p>&nbsp;<\/p>\n<p><span style=\"text-decoration: underline;\"><strong>Una tijera, muchos cortes<\/strong><\/span><\/p>\n<p>&nbsp;<\/p>\n<p><span style=\"font-weight: 400;\">Como ya dijimos, <strong>el corte fue un gran protagonista<\/strong>. Muchos olavarrienses fueron con tijera al cuarto oscuro.<\/span><\/p>\n<p><span style=\"font-weight: 400;\">\u00a0<\/span><\/p>\n<p><span style=\"font-weight: 400;\">Para darte una idea muy r\u00e1pida de lo que signific\u00f3, fijate las posiciones por espacio en cada categor\u00eda. <strong>Para presidente: JxC (gan\u00f3 Bullrich por 300 votos)<\/strong>, LLA, UxP. Voto en blanco: 6,87%. <strong>Para gobernador: JxC (gan\u00f3 Santilli por 3.500 votos)<\/strong>, UxP, LLA. En blanco: 11,26%. <strong>Para intendente: UxP, JxC, LLA. En blanco: 8,56%<\/strong>. En los cuerpos legislativos el voto en blanco fue de entre 11 y 13%. <strong>Tres fuerzas, tres posicionamientos.<\/strong><\/span><\/p>\n<p><span style=\"font-weight: 400;\">\u00a0<\/span><\/p>\n<p><span style=\"font-weight: 400;\"><strong>En UxP el corte de abajo hacia arriba: los candidatos locales sacaron 12 puntos m\u00e1s que el cuerpo presidencial y siete m\u00e1s que el de gobernador.<\/strong> Esta tendencia se dio en much\u00edsimos distritos de la Provincia e incluso hubo dudas en torno a si los intendentes -y precandidatos de UxP- militaron a Kicillof y Massa. \u201cLos intendentes empujaron, trabajaron un mont\u00f3n. Hubo una valoraci\u00f3n, siempre en un marco complejo, pero hubo una valoraci\u00f3n&#8221; dijo el gobernador baj\u00e1ndole el tono a la pol\u00e9mica.\u00a0<\/span><\/p>\n<p><span style=\"font-weight: 400;\">\u00a0<\/span><\/p>\n<p><span style=\"font-weight: 400;\">En la<strong> LLA fue inverso, el cuerpo local sac\u00f3 siete puntos menos que el presidencial y cinco menos que el de gobernaci\u00f3n.<\/strong> La preferencia por Javier Milei es clar\u00edsima -en Olavarr\u00eda fue el candidato presidencial m\u00e1s votado con 19.000 sufragios- y deja suponer que muchos votos locales llegaron por arrastre.<\/span><\/p>\n<p>&nbsp;<\/p>\n<p><img data-recalc-dims=\"1\" loading=\"lazy\" decoding=\"async\" class=\"alignnone size-large wp-image-93258\" src=\"https:\/\/i0.wp.com\/cdnoticias.com\/wp-content\/uploads\/2023\/08\/arouxet-decla.jpg?resize=800%2C445&#038;ssl=1\" alt=\"\" width=\"800\" height=\"445\" srcset=\"https:\/\/i0.wp.com\/cdnoticias.com\/wp-content\/uploads\/2023\/08\/arouxet-decla.jpg?resize=1024%2C570&amp;ssl=1 1024w, https:\/\/i0.wp.com\/cdnoticias.com\/wp-content\/uploads\/2023\/08\/arouxet-decla.jpg?resize=300%2C167&amp;ssl=1 300w, https:\/\/i0.wp.com\/cdnoticias.com\/wp-content\/uploads\/2023\/08\/arouxet-decla.jpg?resize=768%2C428&amp;ssl=1 768w, https:\/\/i0.wp.com\/cdnoticias.com\/wp-content\/uploads\/2023\/08\/arouxet-decla.jpg?resize=800%2C445&amp;ssl=1 800w, https:\/\/i0.wp.com\/cdnoticias.com\/wp-content\/uploads\/2023\/08\/arouxet-decla.jpg?w=1200&amp;ssl=1 1200w\" sizes=\"auto, (max-width: 800px) 100vw, 800px\" \/><\/p>\n<p><span style=\"font-weight: 400;\">\u00a0<\/span><\/p>\n<p><span style=\"font-weight: 400;\">Aqu\u00ed un asterisco. <strong>El sector m\u00e1s radicalizado a la derecha cosech\u00f3 mucho \u201cvoto bronca\u201d y con ello el Frente de Izquierda explic\u00f3 su fuerte ca\u00edda.<\/strong> En estas PASO sumaron 1.381 votos para los dos precandidatos locales y el comportamiento del corte fue con la misma tendencia que la LLA. El FIT hab\u00eda sacado 1.900 votos en la PASO 2019 y 2.600 en la de hace dos a\u00f1os.<\/span><\/p>\n<p>&nbsp;<\/p>\n<blockquote><p><span style=\"font-weight: 400;\">En JxC, los precandidatos a intendente sumaron cuatro puntos m\u00e1s que los presidenciales y fueron muy parejos con los de gobernadores.<\/span><\/p><\/blockquote>\n<p>&nbsp;<\/p>\n<p><span style=\"font-weight: 400;\">Para sorpresa de muchos, <strong>UxP gan\u00f3 despu\u00e9s de cuatro Primarias consecutivas en las que hab\u00eda quedado en segundo lugar. Este es el segundo punto destacado de las PASO. La victoria de Maximiliano Wesner<\/strong> -que gan\u00f3 en la interna en todos los circuitos- se sustanci\u00f3 con los votos de los cuatro circuitos urbanos que rodean a los dos del centro, y que son los mayoritarios en cantidad de electores. En esos dos JxC -Ezequiel Galli concretamente- retuvo su apoyo y gan\u00f3 con claridad y contundencia. Adem\u00e1s, UxP se impuso en las tres localidades con m\u00e1s electores.\u00a0<\/span><\/p>\n<p>&nbsp;<\/p>\n<p><span style=\"font-weight: 400;\">Por el lado de JxC, adem\u00e1s de mantener en amarillo la franja central de Olavarr\u00eda, se qued\u00f3 con los circuitos rurales. Entre los tres precandidatos sumaron 21.466 votos, de los cuales 12.600 fueron al actual intendente<strong>. Ac\u00e1 est\u00e1 el tercer punto de la lectura: la ca\u00edda de votos de Juntos es notable. En la PASO 2019, sin internas, Galli hab\u00eda obtenido 26.500 votos. Y en la PASO 2021, con internas, JxC logr\u00f3 casi 30.000 votos, de los cuales 19.000 fueron a la lista del oficialismo.<\/strong><\/span><\/p>\n<p>&nbsp;<\/p>\n<p><span style=\"font-weight: 400;\">En los cuatro circuitos urbanos que se ti\u00f1eron de azul, <strong>Galli qued\u00f3 relegado al tercer puesto. Es que este es el cuarto punto importante para el an\u00e1lisis: Celeste Arouxet mostr\u00f3 un fort\u00edsimo crecimiento en su apoyo y LLA fue tercera en todos los circuitos de la planta urbana.<\/strong> Le fue especialmente bien en los ubicados entre las v\u00edas y la ruta 51. Tambi\u00e9n gan\u00f3 en Sierra Chica, y en el sector de Hinojo y Colonia Hinojo, fue individualmente la m\u00e1s votada. La candidata de LLA se autoproclam\u00f3 \u201csegunda fuerza\u201d despu\u00e9s de estos resultados.<\/span><\/p>\n<p><span style=\"font-weight: 400;\">\u00a0<\/span><\/p>\n<p><span style=\"font-weight: 400;\">En resumen:<strong> gran crecimiento de apoyos para Wesner y Arouxet, y gran retroceso para Galli.<\/strong><\/span><\/p>\n<p><span style=\"font-weight: 400;\">\u00a0<\/span><\/p>\n<p><span style=\"text-decoration: underline;\"><strong>Pero, no comerse la curva (\u00bfhay curva?)<\/strong><\/span><\/p>\n<p>&nbsp;<\/p>\n<p><img data-recalc-dims=\"1\" loading=\"lazy\" decoding=\"async\" class=\"alignnone size-large wp-image-93239\" src=\"https:\/\/i0.wp.com\/cdnoticias.com\/wp-content\/uploads\/2023\/08\/wesner-bun2.jpg?resize=800%2C445&#038;ssl=1\" alt=\"\" width=\"800\" height=\"445\" srcset=\"https:\/\/i0.wp.com\/cdnoticias.com\/wp-content\/uploads\/2023\/08\/wesner-bun2.jpg?resize=1024%2C570&amp;ssl=1 1024w, https:\/\/i0.wp.com\/cdnoticias.com\/wp-content\/uploads\/2023\/08\/wesner-bun2.jpg?resize=300%2C167&amp;ssl=1 300w, https:\/\/i0.wp.com\/cdnoticias.com\/wp-content\/uploads\/2023\/08\/wesner-bun2.jpg?resize=768%2C428&amp;ssl=1 768w, https:\/\/i0.wp.com\/cdnoticias.com\/wp-content\/uploads\/2023\/08\/wesner-bun2.jpg?resize=800%2C445&amp;ssl=1 800w, https:\/\/i0.wp.com\/cdnoticias.com\/wp-content\/uploads\/2023\/08\/wesner-bun2.jpg?w=1072&amp;ssl=1 1072w\" sizes=\"auto, (max-width: 800px) 100vw, 800px\" \/><\/p>\n<p>&nbsp;<\/p>\n<p><span style=\"font-weight: 400;\">El resultado es claro para hablar de avances y retrocesos en las PASO, pero <strong>el escenario de tercios que se dio en lo nacional est\u00e1 muy presente ac\u00e1 tambi\u00e9n.<\/strong><\/span><\/p>\n<p>&nbsp;<\/p>\n<p><span style=\"font-weight: 400;\">Si se miran los resultados individuales por candidato, las afirmaciones enflaquecen. <strong>Wesner sac\u00f3 17.345 votos, Celeste Arouxet sac\u00f3 14.171 votos y Ezequiel Galli, 12.674 votos. No es tanta diferencia y el escenario queda abierto.<\/strong> Cualquiera de los tres conserva chances para las generales.<\/span><\/p>\n<p>&nbsp;<\/p>\n<p><span style=\"font-weight: 400;\">Entonces empieza el juego de especulaciones: <strong>\u00bfretendr\u00e1n sus votos en octubre? \u00bfretendr\u00e1n los votos de sus frentes? \u00bfpodr\u00e1n crecer? Vamos a ir tratando de analizar algunas cosas, pero este no es el club de las certezas.<\/strong><\/span><\/p>\n<p><span style=\"font-weight: 400;\">\u00a0<\/span><\/p>\n<p><span style=\"font-weight: 400;\">Otro dato m\u00e1s para sumar a la perspectiva:<strong> UxP tuvo esta vez muchos votos m\u00e1s que en 2021 cuando hab\u00eda sacado 18.000 sin internas<\/strong>. Pero es la misma cantidad de votos que logr\u00f3 en la PASO 2019, cuando sum\u00f3 24.000 y fue con candidato \u00fanico.<\/span><\/p>\n<p>&nbsp;<\/p>\n<p><span style=\"text-decoration: underline;\"><strong>El gran ganador<\/strong><\/span><\/p>\n<p>&nbsp;<\/p>\n<p><img data-recalc-dims=\"1\" loading=\"lazy\" decoding=\"async\" class=\"alignnone size-large wp-image-93237\" src=\"https:\/\/i0.wp.com\/cdnoticias.com\/wp-content\/uploads\/2023\/08\/wesner-bun.jpg?resize=800%2C445&#038;ssl=1\" alt=\"\" width=\"800\" height=\"445\" srcset=\"https:\/\/i0.wp.com\/cdnoticias.com\/wp-content\/uploads\/2023\/08\/wesner-bun.jpg?resize=1024%2C570&amp;ssl=1 1024w, https:\/\/i0.wp.com\/cdnoticias.com\/wp-content\/uploads\/2023\/08\/wesner-bun.jpg?resize=300%2C167&amp;ssl=1 300w, https:\/\/i0.wp.com\/cdnoticias.com\/wp-content\/uploads\/2023\/08\/wesner-bun.jpg?resize=768%2C428&amp;ssl=1 768w, https:\/\/i0.wp.com\/cdnoticias.com\/wp-content\/uploads\/2023\/08\/wesner-bun.jpg?resize=800%2C445&amp;ssl=1 800w, https:\/\/i0.wp.com\/cdnoticias.com\/wp-content\/uploads\/2023\/08\/wesner-bun.jpg?w=1072&amp;ssl=1 1072w\" sizes=\"auto, (max-width: 800px) 100vw, 800px\" \/><\/p>\n<p><span style=\"font-weight: 400;\">\u00a0<\/span><\/p>\n<p><span style=\"font-weight: 400;\">Como dec\u00edamos, <strong>Maximiliano Wesner rompi\u00f3 una racha larga de derrotas del peronismo en el Partido.<\/strong> Hay toda una discusi\u00f3n en torno a qu\u00e9 lugar ocupa Jos\u00e9 Eseverri en todo esto, pero si lo sumamos en la ecuaci\u00f3n, data de al menos las PASO 2015, con esa victoria -que ten\u00eda olor a derrota- contra Ezequiel Galli, quien terminar\u00eda siendo intendente meses despu\u00e9s y hasta hoy.\u00a0<\/span><\/p>\n<p>&nbsp;<\/p>\n<p><span style=\"font-weight: 400;\"><strong>Una campa\u00f1a 100% local, un mix entre propuestas de campa\u00f1a, caminata y posibilidad de mostrar gesti\u00f3n<\/strong> -dado el rol que tiene la Provincia con Kicillof y la Naci\u00f3n\u2026 bueno, hoy con Sergio Massa pero en su momento con Alberto Fern\u00e1ndez-<strong> Wesner evidenci\u00f3 un trabajo sumamente positivo en presentarse como la llegada de una cara nueva a la pol\u00edtica desde otro lugar y en Olavarr\u00eda.<\/strong><\/span><\/p>\n<p>&nbsp;<\/p>\n<blockquote><p><span style=\"font-weight: 400;\">Y eso lo hizo un candidato muy fuerte para competirle a Galli: pod\u00eda correr en las dos pistas, en la de \u201ccampa\u00f1a de cercan\u00eda\u201d y en la de \u201cgesti\u00f3n\u201d.<\/span><\/p><\/blockquote>\n<p>&nbsp;<\/p>\n<p><span style=\"font-weight: 400;\">Este newsletter logr\u00f3 saber que <strong>en los barrios se escuchaba un \u201cvoy a votar a Milei, pero tambi\u00e9n te voy a votar a vos\u201d en referencia a Wesner.<\/strong> No hubo mayor\u00eda abrumadora, pero fue un corte que se repiti\u00f3 bastante.<strong> Un apoyo al candidato local netamente personal y despojado de partidismo. Otra fortaleza, m\u00e1s si tenemos en cuenta lo sucedido con Massa no s\u00f3lo el domingo de elecciones, sino despu\u00e9s.<\/strong><\/span><\/p>\n<p>&nbsp;<\/p>\n<p><span style=\"font-weight: 400;\">Plantado en su totalidad como funcionario de Anses (y no como concejal) y despojado de sus acompa\u00f1antes en la lista, <strong>Wesner y Uni\u00f3n por la Patria de Olavarr\u00eda supieron interpretar el contexto y localizaron la campa\u00f1a, con un Intendente cuestionado y con dudas en su gesti\u00f3n.\u00a0<\/strong><\/span><\/p>\n<p>&nbsp;<\/p>\n<blockquote><p><span style=\"font-weight: 400;\">Es, justamente, una de las claves de la elecci\u00f3n: ganar de la misma forma que Ezequiel Galli logr\u00f3 romper con la hegemon\u00eda Eseverri en 2015. Caminatas, reuniones, la mayor\u00eda en silencio, y una presencia en los barrios donde, m\u00e1s all\u00e1 de que haya o no presencia del Estado, reclamaban al Intendente. En persona.\u00a0<\/span><\/p><\/blockquote>\n<p><span style=\"font-weight: 400;\">\u00a0<\/span><\/p>\n<p><span style=\"font-weight: 400;\">Esto, de todas maneras<strong>, no garantiza que el candidato de Uni\u00f3n por la Patria sea proclamado intendente el 22 de octubre<\/strong>. Como ya vimos (y veremos m\u00e1s adelante) hay varios escenarios posibles, incluso con la chance certera de ver una ola m\u00e1s alta de La Libertad Avanza que podr\u00eda pintar de mucho violeta el mapa electoral.<\/span><\/p>\n<p><span style=\"font-weight: 400;\">\u00a0<\/span><\/p>\n<p><span style=\"text-decoration: underline;\"><strong>Elecci\u00f3n de tercios y final abierto<\/strong><\/span><\/p>\n<p>&nbsp;<\/p>\n<p><img data-recalc-dims=\"1\" loading=\"lazy\" decoding=\"async\" class=\"alignnone size-full wp-image-93305\" src=\"https:\/\/i0.wp.com\/cdnoticias.com\/wp-content\/uploads\/2023\/08\/galli-paso2023-elecciones.jpg?resize=800%2C445&#038;ssl=1\" alt=\"\" width=\"800\" height=\"445\" srcset=\"https:\/\/i0.wp.com\/cdnoticias.com\/wp-content\/uploads\/2023\/08\/galli-paso2023-elecciones.jpg?w=800&amp;ssl=1 800w, https:\/\/i0.wp.com\/cdnoticias.com\/wp-content\/uploads\/2023\/08\/galli-paso2023-elecciones.jpg?resize=300%2C167&amp;ssl=1 300w, https:\/\/i0.wp.com\/cdnoticias.com\/wp-content\/uploads\/2023\/08\/galli-paso2023-elecciones.jpg?resize=768%2C427&amp;ssl=1 768w\" sizes=\"auto, (max-width: 800px) 100vw, 800px\" \/><\/p>\n<p>&nbsp;<\/p>\n<p><span style=\"font-weight: 400;\">Amada y odiada, con adherentes y detractores, <strong>Cristina Fern\u00e1ndez de Kirchner plante\u00f3 un escenario, meses atr\u00e1s, que se cumpli\u00f3 a rajatabla: \u201cser\u00e1 una elecci\u00f3n de tercios donde lo que pesar\u00e1 son los pisos de los espacios\u201d.<\/strong> Traslademos el an\u00e1lisis a Olavarr\u00eda y el acierto es 100%.<\/span><\/p>\n<p>&nbsp;<\/p>\n<p><span style=\"font-weight: 400;\">Despu\u00e9s de ver el particular comportamiento del corte y el resultado local, el escenario est\u00e1 abierto para todos los espacios: <strong>habr\u00e1 9 precandidatos menos, se unificaron precandidaturas y lo que uno sum\u00f3 de forma autom\u00e1tica en la PASO -por compartir frente pol\u00edtico- no ser\u00e1 precisamente lo que se cumpla en octubre. Y ah\u00ed veremos el techo de cada sector.<\/strong><\/span><\/p>\n<p>&nbsp;<\/p>\n<p><span style=\"font-weight: 400;\">Ezequiel Galli fue, quiz\u00e1s, el que m\u00e1s r\u00e1pido se movi\u00f3 tras el tercer lugar. <strong>Visiblemente golpeado por el inesperado resultado -fuentes del Municipio admitieron en la semana que fue \u201cun claro mensaje de la ciudadan\u00eda que la PASO permiti\u00f3 saberlo para corregirlo r\u00e1pidamente\u201d- hubo reuniones ,varios recalculando y un doble mensaje inicial que buscar\u00e1 ser la punta de lanza hacia octubre.<\/strong><\/span><\/p>\n<p>&nbsp;<\/p>\n<p><span style=\"font-weight: 400;\">\u00a0<\/span><\/p>\n<p><span style=\"font-weight: 400;\"><strong>Despu\u00e9s del momento de reproches, b\u00fasqueda de culpables y an\u00e1lisis de situaci\u00f3n<\/strong> -in\u00e9dita para el Intendente dado que nunca hab\u00eda perdido una elecci\u00f3n en forma individual salvo lo sucedido en la PASO 2015 que qued\u00f3 a tiro de Jos\u00e9 Eseverri y le ganar\u00eda en octubre con contundencia- se intent\u00f3 mostrar una cara distinta a la del domingo donde s\u00f3lo pudo destacar la victoria en la interna de Juntos por el Cambio.\u00a0<\/span><\/p>\n<p>&nbsp;<\/p>\n<p><span style=\"font-weight: 400;\"><img data-recalc-dims=\"1\" loading=\"lazy\" decoding=\"async\" class=\"alignnone size-large wp-image-93256\" src=\"https:\/\/i0.wp.com\/cdnoticias.com\/wp-content\/uploads\/2023\/08\/bun-galli6.jpg?resize=800%2C445&#038;ssl=1\" alt=\"\" width=\"800\" height=\"445\" srcset=\"https:\/\/i0.wp.com\/cdnoticias.com\/wp-content\/uploads\/2023\/08\/bun-galli6.jpg?resize=1024%2C570&amp;ssl=1 1024w, https:\/\/i0.wp.com\/cdnoticias.com\/wp-content\/uploads\/2023\/08\/bun-galli6.jpg?resize=300%2C167&amp;ssl=1 300w, https:\/\/i0.wp.com\/cdnoticias.com\/wp-content\/uploads\/2023\/08\/bun-galli6.jpg?resize=768%2C427&amp;ssl=1 768w, https:\/\/i0.wp.com\/cdnoticias.com\/wp-content\/uploads\/2023\/08\/bun-galli6.jpg?resize=800%2C445&amp;ssl=1 800w, https:\/\/i0.wp.com\/cdnoticias.com\/wp-content\/uploads\/2023\/08\/bun-galli6.jpg?w=1152&amp;ssl=1 1152w\" sizes=\"auto, (max-width: 800px) 100vw, 800px\" \/>\u00a0<\/span><\/p>\n<p>&nbsp;<\/p>\n<p><span style=\"font-weight: 400;\">Como dec\u00edamos, dos l\u00edneas discursivas asomaron en una reuni\u00f3n con la militancia el mismo lunes posterior a la elecci\u00f3n: primero pidi\u00f3 escuchar y tomar el mensaje que los vecinos y vecinas dejaron en las urnas, y el segundo fue el m\u00e1s contundente en torno a lo pol\u00edtico. <strong><em>\u201cNo creo que ninguno de los que est\u00e1 ac\u00e1 quiera que la ciudad sea gobernada por La C\u00e1mpora\u201d<\/em><\/strong> expres\u00f3 el actual mandatario.<\/span><\/p>\n<p>&nbsp;<\/p>\n<p><img data-recalc-dims=\"1\" loading=\"lazy\" decoding=\"async\" class=\"alignnone size-large wp-image-93250\" src=\"https:\/\/i0.wp.com\/cdnoticias.com\/wp-content\/uploads\/2023\/08\/bun-galli.jpg?resize=800%2C445&#038;ssl=1\" alt=\"\" width=\"800\" height=\"445\" srcset=\"https:\/\/i0.wp.com\/cdnoticias.com\/wp-content\/uploads\/2023\/08\/bun-galli.jpg?resize=1024%2C570&amp;ssl=1 1024w, https:\/\/i0.wp.com\/cdnoticias.com\/wp-content\/uploads\/2023\/08\/bun-galli.jpg?resize=300%2C167&amp;ssl=1 300w, https:\/\/i0.wp.com\/cdnoticias.com\/wp-content\/uploads\/2023\/08\/bun-galli.jpg?resize=768%2C427&amp;ssl=1 768w, https:\/\/i0.wp.com\/cdnoticias.com\/wp-content\/uploads\/2023\/08\/bun-galli.jpg?resize=800%2C445&amp;ssl=1 800w, https:\/\/i0.wp.com\/cdnoticias.com\/wp-content\/uploads\/2023\/08\/bun-galli.jpg?w=1152&amp;ssl=1 1152w\" sizes=\"auto, (max-width: 800px) 100vw, 800px\" \/><\/p>\n<p>&nbsp;<\/p>\n<p><span style=\"font-weight: 400;\">Fue, seg\u00fan explicaron a este newsletter, <strong><em>\u201cuna forma de sumar a los adherentes y militantes de las listas de Marcelo Spina y Dalton J\u00e1uregui, que de una u otra forma conciben esta premisa al 100%<\/em><\/strong>\u201d. De hecho, lo que sigui\u00f3 fue una foto, en el Municipio, con el candidato de la UCR que se present\u00f3 a las PASO, Spina. B\u00fasqueda de acercamiento de posturas y promesa de trabajo en conjunto de cara al 22 de octubre.<\/span><\/p>\n<p><span style=\"font-weight: 400;\">\u00a0<\/span><\/p>\n<p><span style=\"font-weight: 400;\">Pero volvamos a uno de los mensajes que dej\u00f3 este r\u00e1pido an\u00e1lisis: \u00bfalcanzar\u00e1 con se\u00f1alar que Wesner pertenece a La C\u00e1mpora? <strong>En ediciones anteriores de este newsletter hab\u00edamos contado que el trabajo de Uni\u00f3n por la Patria era presentar al precandidato opositor como algo \u201csuperador\u201d a su agrupaci\u00f3n por el hecho de la adhesi\u00f3n de decenas de otras agrupaciones, partidos y sindicatos. La elecci\u00f3n realizada, en primera instancia, pareciera que fue un fruto de ese trabajo.<\/strong> De todas maneras, es algo con lo que se insisti\u00f3 durante la semana y se vislumbra que ser\u00e1 una de las -muy variadas- puntas de lanza discursivas del oficialismo para recuperar votos y lograr ganar.<\/span><\/p>\n<p><span style=\"font-weight: 400;\">\u00a0<\/span><\/p>\n<p><span style=\"font-weight: 400;\">La complicaci\u00f3n m\u00e1s importante, al menos pasados siete d\u00edas de las PASO, es que<strong> reforzar ese discurso no le garantiza sumar adhesiones. De hecho, era el discurso que ya ven\u00edan teniendo, incluso desde antes del inicio de la campa\u00f1a formal.<\/strong><\/span><\/p>\n<p>&nbsp;<\/p>\n<p><span style=\"font-weight: 400;\">Y adem\u00e1s, sin perder tiempo, <strong>la ahora libertaria Celeste Arouxet jug\u00f3 una carta que ya mostr\u00f3 el propio Javier Milei y aprovech\u00f3 las palabras de Galli para subirse el precio<\/strong>: \u201cel Intendente se confunde y no se dio cuenta que sali\u00f3 tercero, nosotros tampoco queremos un gobierno manejado por La C\u00e1mpora ni por la corrupci\u00f3n, por eso lo invitamos a que le diga a sus votantes que apoyen al partido nuestro para no correr el riesgo que nos gobierne La C\u00e1mpora\u201d dijo.\u00a0<\/span><\/p>\n<p>&nbsp;<\/p>\n<p><span style=\"font-weight: 400;\">A\u00fan sin saber si este discurso ser\u00e1 efectivo este a\u00f1o -a priori, viendo los resultados de las PASO, no pareciera- <strong>Arouxet intenta imitar la movida de Milei de decir que entre \u00e9l y Bullrich, \u201ces preferible votar al original y no la quinta marca\u201d<\/strong> buscando evitar una fuga de votos a Juntos por el Cambio pero, adem\u00e1s, en la b\u00fasqueda de elegir al rival adecuado en torno a lo ideol\u00f3gico\u2026 es decir,<strong> en un pa\u00eds de polarizaci\u00f3n, los polos opuestos se atraen.<\/strong><\/span><\/p>\n<p>&nbsp;<\/p>\n<p><span style=\"font-weight: 400;\">Adem\u00e1s, la candidata local plante\u00f3 dos b\u00fasquedas a iniciar, que pueden ser una sola:<strong> el voto boleta completa y un impl\u00edcito reconocimiento de que hay parte del electorado que no la conoce.<\/strong> \u201cVamos a buscar el voto. Por un lado, el 7% del corte de Javier Milei y por otro lado, que Olavarr\u00eda conozca qu\u00e9 es \u00b4Ahora Olavarr\u00eda\u00b4, qui\u00e9n es Celeste Arouxet y qu\u00e9 proyecto tenemos para la ciudad\u201d dijo.<\/span><\/p>\n<p>&nbsp;<\/p>\n<p><span style=\"font-weight: 400;\">Otra estrategia desplegada por Juntos por el Cambio esta semana fue<strong> sacar a sus figuras rutilantes y plantear discusiones de gesti\u00f3n.<\/strong><\/span><\/p>\n<p>&nbsp;<\/p>\n<p><img data-recalc-dims=\"1\" loading=\"lazy\" decoding=\"async\" class=\"alignnone size-large wp-image-52046\" src=\"https:\/\/i0.wp.com\/cdnoticias.com\/wp-content\/uploads\/2022\/04\/congreso-de-salud-hospital-galli-caputo-marengo-01.jpg?resize=800%2C445&#038;ssl=1\" alt=\"\" width=\"800\" height=\"445\" srcset=\"https:\/\/i0.wp.com\/cdnoticias.com\/wp-content\/uploads\/2022\/04\/congreso-de-salud-hospital-galli-caputo-marengo-01.jpg?resize=1024%2C570&amp;ssl=1 1024w, https:\/\/i0.wp.com\/cdnoticias.com\/wp-content\/uploads\/2022\/04\/congreso-de-salud-hospital-galli-caputo-marengo-01.jpg?resize=300%2C167&amp;ssl=1 300w, https:\/\/i0.wp.com\/cdnoticias.com\/wp-content\/uploads\/2022\/04\/congreso-de-salud-hospital-galli-caputo-marengo-01.jpg?resize=768%2C428&amp;ssl=1 768w, https:\/\/i0.wp.com\/cdnoticias.com\/wp-content\/uploads\/2022\/04\/congreso-de-salud-hospital-galli-caputo-marengo-01.jpg?resize=800%2C445&amp;ssl=1 800w, https:\/\/i0.wp.com\/cdnoticias.com\/wp-content\/uploads\/2022\/04\/congreso-de-salud-hospital-galli-caputo-marengo-01.jpg?w=1083&amp;ssl=1 1083w\" sizes=\"auto, (max-width: 800px) 100vw, 800px\" \/><\/p>\n<p>&nbsp;<\/p>\n<p><span style=\"font-weight: 400;\">Es sabido que<strong> Germ\u00e1n Caputo es el dirigente post pandemia que m\u00e1s imagen positiva tiene en el Partido.<\/strong> Pues bien, mostr\u00f3 una faceta m\u00e1s dura al cruzar a la oposici\u00f3n por las denuncias sobre el Hospital.<em> &#8220;Las cr\u00edticas vienen de los que nunca pisaron el Hospital&#8221; dijo y agreg\u00f3: &#8220;Hay muchos profesionales trabajando en esto. La critica realmente es muy r\u00e1pida, son palabras, no hay ning\u00fan tipo de consistencia ni de investigaci\u00f3n. Es una critica que termina alarmando a la poblaci\u00f3n&#8221;.<\/em><\/span><\/p>\n<p>&nbsp;<\/p>\n<p><span style=\"font-weight: 400;\">Desde la oposici\u00f3n ensayaron alguna respuesta m\u00e1s informal en redes sociales se\u00f1alando que<strong> la cr\u00edtica en realidad es del vecino, no del frente pol\u00edtico y que incluso fue tema planteado por la propia interna de Juntos por el Cambio. Se vienen d\u00edas complejos&#8230;<\/strong><\/span><\/p>\n<p>&nbsp;<\/p>\n<p><span style=\"font-weight: 400;\">Ahora, m\u00e1s all\u00e1 de estas primeras estrategias -e insistimos, con apenas siete d\u00edas de pasadas las PASO- se abre un gran signo de pregunta:<strong> \u00bfc\u00f3mo se comportar\u00e1 el corte pensando en octubre? \u00bfHabr\u00e1 m\u00e1s sectores pol\u00edticos locales compartiendo la boleta propia con otros frentes?<\/strong> Justamente, el escenario nacional -con distinto resultado del local- deja la puerta abierta a que puedan pasar muchas cosas. <strong>\u00bfGalli podr\u00e1 polarizar con Wesner? \u00bfArouxet con Wesner? \u00bfO ser\u00e1 una elecci\u00f3n de tercios con final abierto? Nos atrevemos a aseverar m\u00e1s la \u00faltima<\/strong>. Es patear fuerte al medio, pero\u2026<\/span><\/p>\n<p>&nbsp;<\/p>\n<p><span style=\"text-decoration: underline;\"><strong>Los derrotados\u00a0<\/strong><\/span><\/p>\n<p>&nbsp;<\/p>\n<p><img data-recalc-dims=\"1\" loading=\"lazy\" decoding=\"async\" class=\"alignnone size-large wp-image-93243\" src=\"https:\/\/i0.wp.com\/cdnoticias.com\/wp-content\/uploads\/2023\/08\/wesner-bun6.jpg?resize=800%2C445&#038;ssl=1\" alt=\"\" width=\"800\" height=\"445\" srcset=\"https:\/\/i0.wp.com\/cdnoticias.com\/wp-content\/uploads\/2023\/08\/wesner-bun6.jpg?resize=1024%2C570&amp;ssl=1 1024w, https:\/\/i0.wp.com\/cdnoticias.com\/wp-content\/uploads\/2023\/08\/wesner-bun6.jpg?resize=300%2C167&amp;ssl=1 300w, https:\/\/i0.wp.com\/cdnoticias.com\/wp-content\/uploads\/2023\/08\/wesner-bun6.jpg?resize=768%2C428&amp;ssl=1 768w, https:\/\/i0.wp.com\/cdnoticias.com\/wp-content\/uploads\/2023\/08\/wesner-bun6.jpg?resize=800%2C445&amp;ssl=1 800w, https:\/\/i0.wp.com\/cdnoticias.com\/wp-content\/uploads\/2023\/08\/wesner-bun6.jpg?w=1072&amp;ssl=1 1072w\" sizes=\"auto, (max-width: 800px) 100vw, 800px\" \/><\/p>\n<p><span style=\"font-weight: 400;\">\u00a0<\/span><\/p>\n<p><span style=\"font-weight: 400;\">Hubo varias internas que se llevaron las miradas:<strong> las m\u00e1s importantes eran las precandidaturas a Intendente en Uni\u00f3n por la Patria y Juntos por el Cambio. Hubo dos ganadores, Wesner y Galli, pero hubo cuatro perdedores que juntaron, entre todos, cerca de 20% de la elecci\u00f3n total, unos 15 mil votos.\u00a0<\/strong><\/span><\/p>\n<p><span style=\"font-weight: 400;\">\u00a0<\/span><\/p>\n<p><span style=\"font-weight: 400;\">J\u00e1uregui, Spina y Eduardo Rodr\u00edguez hicieron lo que ped\u00eda la l\u00f3gica: <strong>postura m\u00e1s que moderada, admitieron r\u00e1pidamente la derrota ante el avance de los escrutinios -no s\u00f3lo el oficial sino tambi\u00e9n los propios que ten\u00edan en su base de c\u00f3mputos- y fueron a saludar al b\u00fanker ganador para tener una foto de unidad.\u00a0<\/strong><\/span><\/p>\n<p>&nbsp;<\/p>\n<p><img data-recalc-dims=\"1\" loading=\"lazy\" decoding=\"async\" class=\"alignnone size-large wp-image-93254\" src=\"https:\/\/i0.wp.com\/cdnoticias.com\/wp-content\/uploads\/2023\/08\/bun-galli4.jpg?resize=800%2C445&#038;ssl=1\" alt=\"\" width=\"800\" height=\"445\" srcset=\"https:\/\/i0.wp.com\/cdnoticias.com\/wp-content\/uploads\/2023\/08\/bun-galli4.jpg?resize=1024%2C570&amp;ssl=1 1024w, https:\/\/i0.wp.com\/cdnoticias.com\/wp-content\/uploads\/2023\/08\/bun-galli4.jpg?resize=300%2C167&amp;ssl=1 300w, https:\/\/i0.wp.com\/cdnoticias.com\/wp-content\/uploads\/2023\/08\/bun-galli4.jpg?resize=768%2C427&amp;ssl=1 768w, https:\/\/i0.wp.com\/cdnoticias.com\/wp-content\/uploads\/2023\/08\/bun-galli4.jpg?resize=800%2C445&amp;ssl=1 800w, https:\/\/i0.wp.com\/cdnoticias.com\/wp-content\/uploads\/2023\/08\/bun-galli4.jpg?w=1059&amp;ssl=1 1059w\" sizes=\"auto, (max-width: 800px) 100vw, 800px\" \/><\/p>\n<p><img data-recalc-dims=\"1\" loading=\"lazy\" decoding=\"async\" class=\"alignnone size-large wp-image-93253\" src=\"https:\/\/i0.wp.com\/cdnoticias.com\/wp-content\/uploads\/2023\/08\/bun-galli3.jpg?resize=800%2C445&#038;ssl=1\" alt=\"\" width=\"800\" height=\"445\" srcset=\"https:\/\/i0.wp.com\/cdnoticias.com\/wp-content\/uploads\/2023\/08\/bun-galli3.jpg?resize=1024%2C570&amp;ssl=1 1024w, https:\/\/i0.wp.com\/cdnoticias.com\/wp-content\/uploads\/2023\/08\/bun-galli3.jpg?resize=300%2C167&amp;ssl=1 300w, https:\/\/i0.wp.com\/cdnoticias.com\/wp-content\/uploads\/2023\/08\/bun-galli3.jpg?resize=768%2C427&amp;ssl=1 768w, https:\/\/i0.wp.com\/cdnoticias.com\/wp-content\/uploads\/2023\/08\/bun-galli3.jpg?resize=800%2C445&amp;ssl=1 800w, https:\/\/i0.wp.com\/cdnoticias.com\/wp-content\/uploads\/2023\/08\/bun-galli3.jpg?w=1075&amp;ssl=1 1075w\" sizes=\"auto, (max-width: 800px) 100vw, 800px\" \/><\/p>\n<p><span style=\"font-weight: 400;\">\u00a0<\/span><\/p>\n<p><span style=\"font-weight: 400;\">Como ya dijimos, <strong>hubo foto a solas en la semana entre Galli y Spina, y aviso de que la semana venidera la habr\u00e1 con J\u00e1uregui. Pero pasemos a la situaci\u00f3n de Uni\u00f3n por la Patria.<\/strong><\/span><\/p>\n<p>&nbsp;<\/p>\n<p><span style=\"font-weight: 400;\">Rodr\u00edguez no s\u00f3lo fue al b\u00fanker sino que <strong>horas despu\u00e9s emiti\u00f3 una comunicaci\u00f3n en la que expresamente dijo que \u00e9l y su espacio trabajar\u00e1n para que Maximiliano Wesner sea Intendente de Olavarr\u00eda<\/strong>. Sin imagen juntos despu\u00e9s del domingo pasado, la l\u00f3gica fue la misma a la del oficialismo.<\/span><\/p>\n<p>&nbsp;<\/p>\n<p><img data-recalc-dims=\"1\" loading=\"lazy\" decoding=\"async\" class=\"alignnone size-full wp-image-93002\" src=\"https:\/\/i0.wp.com\/cdnoticias.com\/wp-content\/uploads\/2023\/08\/parra-votacion-elecciones-paso2023.jpg?resize=800%2C445&#038;ssl=1\" alt=\"\" width=\"800\" height=\"445\" srcset=\"https:\/\/i0.wp.com\/cdnoticias.com\/wp-content\/uploads\/2023\/08\/parra-votacion-elecciones-paso2023.jpg?w=800&amp;ssl=1 800w, https:\/\/i0.wp.com\/cdnoticias.com\/wp-content\/uploads\/2023\/08\/parra-votacion-elecciones-paso2023.jpg?resize=300%2C167&amp;ssl=1 300w, https:\/\/i0.wp.com\/cdnoticias.com\/wp-content\/uploads\/2023\/08\/parra-votacion-elecciones-paso2023.jpg?resize=768%2C427&amp;ssl=1 768w\" sizes=\"auto, (max-width: 800px) 100vw, 800px\" \/><\/p>\n<p><span style=\"font-weight: 400;\">\u00a0<\/span><\/p>\n<p><span style=\"font-weight: 400;\"><strong>\u00bfQu\u00e9 pas\u00f3 con Hern\u00e1n Parra?<\/strong> Es la gran pregunta que muchos se hicieron tras no verlo en el b\u00fanker de Wesner.<strong> Seg\u00fan algunos allegados al espacio que encabeza, Olavarr\u00eda al Frente, decidi\u00f3 enviar un mensaje al ganador de la interna y no asistir al espacio ubicado en Uni\u00f3n Clasistas. El resto de la agrupaci\u00f3n tom\u00f3 una determinaci\u00f3n distinta y asisti\u00f3 en su gran mayor\u00eda al b\u00fanker<\/strong>, e incluso en las fotos del discurso de Wesner se puede ver detr\u00e1s del candidato y de Mercedes Land\u00edvar -primera candidata por la Secci\u00f3n- a Eduardo Rodr\u00edguez, gente del Foro Olavarr\u00eda y todo Olavarr\u00eda al Frente menos Hern\u00e1n Parra.<\/span><\/p>\n<p><span style=\"font-weight: 400;\">\u00a0<\/span><\/p>\n<p><span style=\"font-weight: 400;\">Pues bien, en la semana hubo comunicado y, a decir verdad, <strong>dej\u00f3 m\u00e1s dudas que certezas en torno a la decisi\u00f3n que tom\u00f3 Parra<\/strong>. tras agradecer a quienes lo votaron y a su militancia, felicitaron a Wesner por el triunfo pero resaltaron m\u00e1s <strong><em>\u201cel aporte realizado desde nuestro espacio para que Uni\u00f3n por la Patria sea la fuerza m\u00e1s votada en Olavarr\u00eda\u201d.<\/em><\/strong><\/span><\/p>\n<p><span style=\"font-weight: 400;\">\u00a0<\/span><\/p>\n<p><span style=\"font-weight: 400;\">Se\u00f1alaron que trabajar\u00e1n<em> \u201cpara que Olavarr\u00eda tenga una mejor gesti\u00f3n, aportando para que Uni\u00f3n por la Patria gobierne el Municipio de Olavarr\u00eda, la Provincia y la Naci\u00f3n\u201d<\/em><strong>. Si bien se sobreentiende que es un apoyo a Wesner\u2026existen varias diferencias en lo dicho por Eduardo Rodr\u00edguez, por ejemplo. Es particular. O no es claro.<\/strong> Veremos qu\u00e9 se ve -o qu\u00e9 no- en la semana. Quiz\u00e1s hay una foto Wesner-Parra y todo esto ha sido un derroche de caracteres. Pero para el an\u00e1lisis, vale.<\/span><\/p>\n<p>&nbsp;<\/p>\n<p><span style=\"font-weight: 400;\">\u00bfPor qu\u00e9 vale? <strong>Porque el resto de los espacios observaron estas particularidades y r\u00e1pidamente sumaron a sus an\u00e1lisis que \u201cquien vot\u00f3 a Parra puede votar a otro espacio en octubre, pareciera que quien lo vot\u00f3 lo hizo a \u00e9l, no fue de forma partidaria u org\u00e1nica\u201d<\/strong>. Es decir, no ven que autom\u00e1ticamente pasen a Wesner.\u00a0<\/span><\/p>\n<p><span style=\"font-weight: 400;\">\u00a0<\/span><\/p>\n<p><span style=\"font-weight: 400;\">Y, tambi\u00e9n contando todo lo sucedido<strong>, integrantes de Olavarr\u00eda al Frente mostraron otra actitud durante la semana y se mostraron en apoyo expl\u00edcito a Wesner. \u201cGana sigue, pierde acompa\u00f1a\u201d el lema.<\/strong><\/span><\/p>\n<p>&nbsp;<\/p>\n<p><span style=\"text-decoration: underline;\"><strong>La S\u00e9ptima<\/strong><\/span><\/p>\n<p>&nbsp;<\/p>\n<p><img data-recalc-dims=\"1\" loading=\"lazy\" decoding=\"async\" class=\"alignnone size-large wp-image-93100\" src=\"https:\/\/i0.wp.com\/cdnoticias.com\/wp-content\/uploads\/2023\/08\/landivar-voto.jpg?resize=800%2C445&#038;ssl=1\" alt=\"\" width=\"800\" height=\"445\" srcset=\"https:\/\/i0.wp.com\/cdnoticias.com\/wp-content\/uploads\/2023\/08\/landivar-voto.jpg?resize=1024%2C570&amp;ssl=1 1024w, https:\/\/i0.wp.com\/cdnoticias.com\/wp-content\/uploads\/2023\/08\/landivar-voto.jpg?resize=300%2C167&amp;ssl=1 300w, https:\/\/i0.wp.com\/cdnoticias.com\/wp-content\/uploads\/2023\/08\/landivar-voto.jpg?resize=768%2C427&amp;ssl=1 768w, https:\/\/i0.wp.com\/cdnoticias.com\/wp-content\/uploads\/2023\/08\/landivar-voto.jpg?resize=1536%2C854&amp;ssl=1 1536w, https:\/\/i0.wp.com\/cdnoticias.com\/wp-content\/uploads\/2023\/08\/landivar-voto.jpg?resize=800%2C445&amp;ssl=1 800w, https:\/\/i0.wp.com\/cdnoticias.com\/wp-content\/uploads\/2023\/08\/landivar-voto.jpg?w=1600&amp;ssl=1 1600w\" sizes=\"auto, (max-width: 800px) 100vw, 800px\" \/><\/p>\n<p><span style=\"font-weight: 400;\">\u00a0<\/span><\/p>\n<p><span style=\"font-weight: 400;\">Es dif\u00edcil aseverar tama\u00f1a afirmaci\u00f3n cuando faltan dos meses para las generales pero con una previa tan contundente amerita: <strong>salvo una cat\u00e1strofe, Olavarr\u00eda tendr\u00e1 dos legisladores en la C\u00e1mara de Diputados de la Provincia: ser\u00e1n Mercedes Land\u00edvar y Mart\u00edn Endere<\/strong>, dado que sus espacios lograron un importante porcentaje que los posiciona con muy buenas expectativas para el 22 de octubre.<\/span><\/p>\n<p>&nbsp;<\/p>\n<p><span style=\"font-weight: 400;\">Aunque con resultados dispares:<strong> Land\u00edvar fue la precandidata m\u00e1s votada de toda la Secci\u00f3n con un 30,11% de los votos. Con un piso del 16% para el ingreso de un legislador, las chances de ingreso son muy altas.\u00a0<\/strong><\/span><\/p>\n<p>&nbsp;<\/p>\n<p><img data-recalc-dims=\"1\" loading=\"lazy\" decoding=\"async\" class=\"alignnone size-full wp-image-92994\" src=\"https:\/\/i0.wp.com\/cdnoticias.com\/wp-content\/uploads\/2023\/08\/endere-elecciones-paso2023-03.jpg?resize=800%2C445&#038;ssl=1\" alt=\"\" width=\"800\" height=\"445\" srcset=\"https:\/\/i0.wp.com\/cdnoticias.com\/wp-content\/uploads\/2023\/08\/endere-elecciones-paso2023-03.jpg?w=800&amp;ssl=1 800w, https:\/\/i0.wp.com\/cdnoticias.com\/wp-content\/uploads\/2023\/08\/endere-elecciones-paso2023-03.jpg?resize=300%2C167&amp;ssl=1 300w, https:\/\/i0.wp.com\/cdnoticias.com\/wp-content\/uploads\/2023\/08\/endere-elecciones-paso2023-03.jpg?resize=768%2C427&amp;ssl=1 768w\" sizes=\"auto, (max-width: 800px) 100vw, 800px\" \/><\/p>\n<p><span style=\"font-weight: 400;\">\u00a0<\/span><\/p>\n<p><span style=\"font-weight: 400;\"><strong>Juntos por el Cambio fue el espacio m\u00e1s votado de la S\u00e9ptima, pero con una interna muy dura que se defini\u00f3 por detalles: all\u00ed, la radical Alejandra Lord\u00e9n le gan\u00f3 en un resultado ajustado al olavarriense Mart\u00edn Endere (3.500 votos)<\/strong> y el reglamento interno del frente le permiti\u00f3 integrar en un segundo lugar que, por el porcentaje obtenido (42%) tendr\u00e1 un ingreso sin inconvenientes a la legislatura.\u00a0<\/span><\/p>\n<p>&nbsp;<\/p>\n<p><span style=\"font-weight: 400;\">\u00a0<\/span><\/p>\n<p><span style=\"font-weight: 400;\">En este punto, hubo algunas quejas de dirigentes que integraban la lista del palomar dado que<strong><em> \u201cse hizo una muy buena elecci\u00f3n en la S\u00e9ptima, todo dado para que Endere gane&#8230;y nos faltaron los votos de Olavarr\u00eda\u201d.<\/em><\/strong> \u00bfTraducido? En los siete distritos restantes se hicieron elecciones \u201cesperables\u201d por los precandidatos que articulaban con Ezequiel Galli -incluso Natalia Colom\u00e9 en Azul gan\u00f3 la elecci\u00f3n, qued\u00f3 muy bien parada para ser Intendenta y dej\u00f3 en tercer lugar al actual mandatario Hern\u00e1n Bertellys, que qued\u00f3 afuera y se retirar\u00e1 de la pol\u00edtica al final de su mandato- pero la floja tarea en Olavarr\u00eda le rest\u00f3 los votos necesarios para que Endere encabece en octubre. <strong>\u00bfAhora se entiende mejor la lista de Marcelo Spina?\u00a0<\/strong><\/span><\/p>\n<p>&nbsp;<\/p>\n<p><span style=\"font-weight: 400;\">De todos modos, el interesante -y equilibrado- reglamento de JxC le permite quedar en un lugar ingresable a Endere y, de esta forma, le permitir\u00e1 a Galli tener un diputado en la Provincia por primera vez desde 2015. <strong>Veremos, tras octubre, si ser\u00e1 un aliado en un eventual tercer mandato o si ser\u00e1 un lugar para posicionarse, ya fuera de la intendencia, en la Provincia. Como dijimos varias veces ya, escenario abierto.<\/strong><\/span><\/p>\n<p><span style=\"font-weight: 400;\">\u00a0<\/span><\/p>\n<p><span style=\"font-weight: 400;\">El peso de la imagen<\/span><\/p>\n<p>&nbsp;<\/p>\n<p><span style=\"font-weight: 400;\"><img data-recalc-dims=\"1\" loading=\"lazy\" decoding=\"async\" class=\"alignnone size-full wp-image-92029\" src=\"https:\/\/i0.wp.com\/cdnoticias.com\/wp-content\/uploads\/2023\/08\/bullrich-olavarria-12.jpg?resize=800%2C445&#038;ssl=1\" alt=\"\" width=\"800\" height=\"445\" srcset=\"https:\/\/i0.wp.com\/cdnoticias.com\/wp-content\/uploads\/2023\/08\/bullrich-olavarria-12.jpg?w=800&amp;ssl=1 800w, https:\/\/i0.wp.com\/cdnoticias.com\/wp-content\/uploads\/2023\/08\/bullrich-olavarria-12.jpg?resize=300%2C167&amp;ssl=1 300w, https:\/\/i0.wp.com\/cdnoticias.com\/wp-content\/uploads\/2023\/08\/bullrich-olavarria-12.jpg?resize=768%2C427&amp;ssl=1 768w\" sizes=\"auto, (max-width: 800px) 100vw, 800px\" \/>\u00a0<\/span><\/p>\n<p>&nbsp;<\/p>\n<p><span style=\"font-weight: 400;\">Juntos por el Cambio gan\u00f3 en la boleta presidencial en Olavarr\u00eda y en la interna la victoria fue de <strong>Patricia Bullrich<\/strong>. Muy ajustada, hay que destacarlo. Pero sin embargo -ya lo dijimos antes-,<strong> fue la \u00fanica candidata presidencial que vino a la ciudad y lo hizo dos semanas antes de las elecciones.<\/strong><\/span><\/p>\n<p>&nbsp;<\/p>\n<p><span style=\"font-weight: 400;\">\u00bfImporta que un candidato nacional llegue hasta el distrito? <strong>Sin datos contrastables, nos animamos a decir que s\u00ed. Y no es tanto por lo que pueda sumar la figura que visita, sino por lo que pueda aportar a las figuras locales.<\/strong><\/span><\/p>\n<p>&nbsp;<\/p>\n<p><span style=\"font-weight: 400;\"><strong>Bullrich estuvo durante toda su visita junto a Spina y J\u00e1uregui, y prolijamente los nombr\u00f3 en las actividades en las que estuvo (tanto, que fue hasta con papelito).<\/strong> Ellos parecen haber sido los beneficiarios de las im\u00e1genes que se difundieron: <strong>reforzaron la identidad bullrichista, digamos, y pudieron aprovecharlo con un electorado que buscaba a la ex ministra y no necesariamente est\u00e1 atento al devenir de la interna de JxC en lo local.<\/strong><\/span><\/p>\n<p>&nbsp;<\/p>\n<p><span style=\"font-weight: 400;\">Ahora con el mapa ya marcado que dej\u00f3 las PASO, el efecto puede ser otro cuando se produzcan las visitas de figuras nacionales (que s\u00ed se van a producir) antes del 22 de octubre. \u00bfA qui\u00e9n le servir\u00e1 mostrarse con qui\u00e9n?<strong> \u00bfLas fotos abonar\u00e1n a \u201cnacionalizar\u201d la campa\u00f1a? Por ahora tenemos preguntas y habr\u00e1 que fijarse caso por caso.<\/strong><\/span><\/p>\n<p><span style=\"font-weight: 400;\">\u00a0<\/span><\/p>\n<p><span style=\"text-decoration: underline;\"><strong>Cortitas<\/strong><\/span><\/p>\n<p><span style=\"font-weight: 400;\">\u00a0<\/span><\/p>\n<p><span style=\"font-weight: 400;\"><strong>Un dato muy curioso de las PASO.<\/strong> En el cuerpo presidencial, Hacemos por Nuestro Pa\u00eds, el frente que llev\u00f3 a Juan Schiaretti- Florencio Randazzo, cosech\u00f3 1.088 votos. Lleg\u00f3 a 1,62%, y ac\u00e1 tambi\u00e9n superaron el corte. \u00bfA qui\u00e9n habr\u00e1n votado en el cuerpo local esos olavarrienses? \u00bfVolver\u00e1n a elegir esa f\u00f3rmula en octubre?<\/span><\/p>\n<p>&nbsp;<\/p>\n<p><span style=\"font-weight: 400;\"><strong>Al final, no hay elecciones.<\/strong> Hablamos de Coopelectric. Las elecciones en la cooperativa se hab\u00edan convocado para ayer, pero se inscribi\u00f3 una sola lista: la Amarilla.<\/span><\/p>\n<p>&nbsp;<\/p>\n<p><span style=\"font-weight: 400;\"><strong>El d\u00e9ficit municipal en ascenso<\/strong>. Fue uno de los \u00faltimos temas que lanz\u00f3 Celeste Arouxet antes de las PASO. Las finanzas municipales est\u00e1n 800 millones de pesos en negativo este mes y es un crecimiento de m\u00e1s de 200 millones desde el 30 de junio. La hoy candidata a intendenta apunt\u00f3 a los gastos. Desde el Ejecutivo, se\u00f1alaron a los ingresos.\u00a0<\/span><\/p>\n<p>&nbsp;<\/p>\n<p><span style=\"text-decoration: underline;\"><strong>Un resumen<\/strong><\/span><\/p>\n<p>&nbsp;<\/p>\n<p><span style=\"font-weight: 400;\">Volver a las Fuentes es un newsletter que se emite todos los domingos por la ma\u00f1ana en tu correo, en En L\u00ednea Noticias y Central de Noticias.\u00a0<\/span><\/p>\n<p>&nbsp;<\/p>\n<p><span style=\"font-weight: 400;\">Si te gusta el espacio,<\/span><a href=\"https:\/\/linktr.ee\/nhdp_valf\"><span style=\"font-weight: 400;\"> pod\u00e9s colaborar con una contribuci\u00f3n econ\u00f3mica o suscribirte <\/span><\/a><span style=\"font-weight: 400;\">para acompa\u00f1ar el proyecto que lleva m\u00e1s de 3 a\u00f1os de publicaciones pol\u00edticas sobre Olavarr\u00eda.<\/span><\/p>\n<p>&nbsp;<\/p>\n<p><span style=\"font-weight: 400;\">La edici\u00f3n completa la pod\u00e9s ver <\/span><a href=\"https:\/\/mailchi.mp\/f077b9dc9b39\/un-mensaje?e=b6c762679c\"><span style=\"font-weight: 400;\">ac\u00e1.<\/span><\/a><\/p>\n<p>&nbsp;<\/p>\n","protected":false},"excerpt":{"rendered":"<p>El triunfo de Wesner y Uni\u00f3n por la Patria, y la interpretaci\u00f3n del comportamiento en las urnas: el corte y<\/p>\n","protected":false},"author":2,"featured_media":93741,"comment_status":"closed","ping_status":"closed","sticky":false,"template":"","format":"standard","meta":{"_jetpack_memberships_contains_paid_content":false,"footnotes":""},"categories":[4,1],"tags":[],"class_list":["post-93740","post","type-post","status-publish","format-standard","has-post-thumbnail","hentry","category-politica","category-portada"],"jetpack_featured_media_url":"https:\/\/i0.wp.com\/cdnoticias.com\/wp-content\/uploads\/2023\/08\/PASO-corte-de-boleta-1.jpeg?fit=1600%2C1200&ssl=1","jetpack_sharing_enabled":true,"_links":{"self":[{"href":"https:\/\/cdnoticias.com\/index.php\/wp-json\/wp\/v2\/posts\/93740","targetHints":{"allow":["GET"]}}],"collection":[{"href":"https:\/\/cdnoticias.com\/index.php\/wp-json\/wp\/v2\/posts"}],"about":[{"href":"https:\/\/cdnoticias.com\/index.php\/wp-json\/wp\/v2\/types\/post"}],"author":[{"embeddable":true,"href":"https:\/\/cdnoticias.com\/index.php\/wp-json\/wp\/v2\/users\/2"}],"replies":[{"embeddable":true,"href":"https:\/\/cdnoticias.com\/index.php\/wp-json\/wp\/v2\/comments?post=93740"}],"version-history":[{"count":0,"href":"https:\/\/cdnoticias.com\/index.php\/wp-json\/wp\/v2\/posts\/93740\/revisions"}],"wp:featuredmedia":[{"embeddable":true,"href":"https:\/\/cdnoticias.com\/index.php\/wp-json\/wp\/v2\/media\/93741"}],"wp:attachment":[{"href":"https:\/\/cdnoticias.com\/index.php\/wp-json\/wp\/v2\/media?parent=93740"}],"wp:term":[{"taxonomy":"category","embeddable":true,"href":"https:\/\/cdnoticias.com\/index.php\/wp-json\/wp\/v2\/categories?post=93740"},{"taxonomy":"post_tag","embeddable":true,"href":"https:\/\/cdnoticias.com\/index.php\/wp-json\/wp\/v2\/tags?post=93740"}],"curies":[{"name":"wp","href":"https:\/\/api.w.org\/{rel}","templated":true}]}}