{"id":9374,"date":"2020-12-20T09:06:56","date_gmt":"2020-12-20T12:06:56","guid":{"rendered":"http:\/\/www.centraldenoticias.com.ar\/?p=9374"},"modified":"2020-12-20T09:47:20","modified_gmt":"2020-12-20T12:47:20","slug":"evolucion-radical-se-reunion-en-olavarria-con-fuerte-presencia-de-la-septima","status":"publish","type":"post","link":"https:\/\/cdnoticias.com\/index.php\/2020\/12\/20\/evolucion-radical-se-reunion-en-olavarria-con-fuerte-presencia-de-la-septima\/","title":{"rendered":"Evoluci\u00f3n Radical se reuni\u00f3n en Olavarr\u00eda con fuerte presencia de la s\u00e9ptima"},"content":{"rendered":"<p>Durante el encuentro, la l\u00ednea interna de la UCR, acord\u00f3 \u201cuna estrategia en conjunto\u201d para las elecciones partidarias de marzo. A su vez, se mostraron en rechazo a una eventual suspensi\u00f3n de las PASO.<!--more--><\/p>\n<hr \/>\n<p>El viernes se desarroll\u00f3 en nuestra ciudad un <strong>encuentro seccional del espacio Evoluci\u00f3n Radical<\/strong>, l\u00ednea interna de la UCR bonaerense.<\/p>\n<p>Se inform\u00f3 que \u201cse dieron cita el <strong>candidato a secretario general para el Comit\u00e9 Provincia Franco Cominotto y el diputado provincial Fernando P\u00e9rez<\/strong>, junto a candidatos de la Lista 14 y dirigentes de los diferentes distritos que componen la s\u00e9ptima secci\u00f3n electoral\u201d.<\/p>\n<p><img data-recalc-dims=\"1\" loading=\"lazy\" decoding=\"async\" class=\"aligncenter wp-image-9376 size-full\" src=\"https:\/\/i0.wp.com\/cdnoticias.com\/wp-content\/uploads\/2020\/12\/UCR-evolucion-w03.jpg?resize=800%2C637&#038;ssl=1\" alt=\"\" width=\"800\" height=\"637\" srcset=\"https:\/\/i0.wp.com\/cdnoticias.com\/wp-content\/uploads\/2020\/12\/UCR-evolucion-w03.jpg?w=800&amp;ssl=1 800w, https:\/\/i0.wp.com\/cdnoticias.com\/wp-content\/uploads\/2020\/12\/UCR-evolucion-w03.jpg?resize=300%2C239&amp;ssl=1 300w, https:\/\/i0.wp.com\/cdnoticias.com\/wp-content\/uploads\/2020\/12\/UCR-evolucion-w03.jpg?resize=768%2C612&amp;ssl=1 768w\" sizes=\"auto, (max-width: 800px) 100vw, 800px\" \/><\/p>\n<p>Durante la reuni\u00f3n \u201cse analiz\u00f3 la realidad de cada uno de los distritos y<strong> se diagram\u00f3 una estrategia en conjunto de cara a lo que ser\u00e1n las elecciones internas partidarias<\/strong> a desarrollarse el <a href=\"https:\/\/cdnoticias.com\/index.php\/2020\/10\/02\/las-elecciones-de-la-ucr-pasaron-al-21-de-marzo\/\" target=\"_blank\" rel=\"noopener\">21 de marzo<\/a> y que el espacio competir\u00e1 dentro de la <strong>Lista 14 &#8216;Protagonismo Radical&#8217;<\/strong> encabezada por el Intendente de San Isidro Gustavo Posse acompa\u00f1ado por la Vicerrectora de la UNNOBA Danya Tavella\u201d se record\u00f3.<\/p>\n<p>Se estableci\u00f3 un <strong>pr\u00f3ximo encuentro para finales del mes de enero<\/strong> con el resto de los candidatos provinciales y la totalidad de los espacios que integran la lista Protagonismo Radical.<\/p>\n<p><img data-recalc-dims=\"1\" loading=\"lazy\" decoding=\"async\" class=\"wp-image-9375 size-full aligncenter\" src=\"https:\/\/i0.wp.com\/cdnoticias.com\/wp-content\/uploads\/2020\/12\/UCR-evolucion-w02.jpg?resize=800%2C601&#038;ssl=1\" alt=\"\" width=\"800\" height=\"601\" srcset=\"https:\/\/i0.wp.com\/cdnoticias.com\/wp-content\/uploads\/2020\/12\/UCR-evolucion-w02.jpg?w=800&amp;ssl=1 800w, https:\/\/i0.wp.com\/cdnoticias.com\/wp-content\/uploads\/2020\/12\/UCR-evolucion-w02.jpg?resize=300%2C225&amp;ssl=1 300w, https:\/\/i0.wp.com\/cdnoticias.com\/wp-content\/uploads\/2020\/12\/UCR-evolucion-w02.jpg?resize=768%2C577&amp;ssl=1 768w\" sizes=\"auto, (max-width: 800px) 100vw, 800px\" \/><\/p>\n<p>En el marco del encuentro <strong>se analiz\u00f3 el contexto pol\u00edtico que atraviesa nuestro pa\u00eds<\/strong> donde se coincidi\u00f3 \u201cen la necesidad del sostenimiento de las PASO y se observ\u00f3 con preocupaci\u00f3n la realidad sanitaria y la falta de certidumbre que generan tanto el Gobierno Nacional y Provincial respecto a una posible vacunaci\u00f3n contra el COVID-19 de la cual se ha dicho mucho pero se sabe muy poco\u201d subray\u00f3 el espacio en el cierre.<\/p>\n","protected":false},"excerpt":{"rendered":"<p>Durante el encuentro, la l\u00ednea interna de la UCR, acord\u00f3 \u201cuna estrategia en conjunto\u201d para las elecciones partidarias de marzo.<\/p>\n","protected":false},"author":4,"featured_media":9377,"comment_status":"closed","ping_status":"closed","sticky":false,"template":"","format":"standard","meta":{"_jetpack_memberships_contains_paid_content":false,"footnotes":""},"categories":[4,1],"tags":[],"class_list":["post-9374","post","type-post","status-publish","format-standard","has-post-thumbnail","hentry","category-politica","category-portada"],"jetpack_featured_media_url":"https:\/\/i0.wp.com\/cdnoticias.com\/wp-content\/uploads\/2020\/12\/UCR-evolucion-w01.jpg?fit=800%2C443&ssl=1","jetpack_sharing_enabled":true,"_links":{"self":[{"href":"https:\/\/cdnoticias.com\/index.php\/wp-json\/wp\/v2\/posts\/9374","targetHints":{"allow":["GET"]}}],"collection":[{"href":"https:\/\/cdnoticias.com\/index.php\/wp-json\/wp\/v2\/posts"}],"about":[{"href":"https:\/\/cdnoticias.com\/index.php\/wp-json\/wp\/v2\/types\/post"}],"author":[{"embeddable":true,"href":"https:\/\/cdnoticias.com\/index.php\/wp-json\/wp\/v2\/users\/4"}],"replies":[{"embeddable":true,"href":"https:\/\/cdnoticias.com\/index.php\/wp-json\/wp\/v2\/comments?post=9374"}],"version-history":[{"count":0,"href":"https:\/\/cdnoticias.com\/index.php\/wp-json\/wp\/v2\/posts\/9374\/revisions"}],"wp:featuredmedia":[{"embeddable":true,"href":"https:\/\/cdnoticias.com\/index.php\/wp-json\/wp\/v2\/media\/9377"}],"wp:attachment":[{"href":"https:\/\/cdnoticias.com\/index.php\/wp-json\/wp\/v2\/media?parent=9374"}],"wp:term":[{"taxonomy":"category","embeddable":true,"href":"https:\/\/cdnoticias.com\/index.php\/wp-json\/wp\/v2\/categories?post=9374"},{"taxonomy":"post_tag","embeddable":true,"href":"https:\/\/cdnoticias.com\/index.php\/wp-json\/wp\/v2\/tags?post=9374"}],"curies":[{"name":"wp","href":"https:\/\/api.w.org\/{rel}","templated":true}]}}