{"id":93724,"date":"2023-08-20T11:07:42","date_gmt":"2023-08-20T14:26:28","guid":{"rendered":"https:\/\/www.centraldenoticias.com.ar\/?p=93724"},"modified":"2025-02-11T21:03:30","modified_gmt":"2025-02-12T00:03:30","slug":"los-juegos-adetra-tuvieron-su-primer-dia-de-competencia","status":"publish","type":"post","link":"https:\/\/cdnoticias.com\/index.php\/2023\/08\/20\/los-juegos-adetra-tuvieron-su-primer-dia-de-competencia\/","title":{"rendered":"Los Juegos ADETRA tuvieron su primer d\u00eda de competencia"},"content":{"rendered":"<p>Este s\u00e1bado, en las instalaciones del Club Estudiantes, empezaron a desenvolverse las primeras disciplinas deportivas.<!--more--><\/p>\n<hr \/>\n<p>Los <strong>Juegos Nacionales<\/strong> para deportistas trasplantados organizados por <strong>ADETRA<\/strong> se est\u00e1n desarrollando en nuestra ciudad y este s\u00e1bado transcurri\u00f3 el primer d\u00eda de competencia.<\/p>\n<p>&nbsp;<\/p>\n<p>Cuatro disciplinas abrieron el tel\u00f3n del evento deportivo en las instalaciones de la entidad \u201cBataraz\u201d. <strong>Hubo tenis de mesa, tenis, atletismo (Marcha y 1500 metros) y nataci\u00f3n<\/strong>.<\/p>\n<p>&nbsp;<\/p>\n<p>[soliloquy id=&#8221;40313&#8243;]<\/p>\n<p>&nbsp;<\/p>\n<p>Previamente, se llev\u00f3 adelante la ceremonia de apertura con la participaci\u00f3n de autoridades municipales, provinciales y los propios competidores junto a familiares. Estuvieron presentes <strong>Juan Agust\u00edn Galli<\/strong>, Subsecretario de Deportes y Recreaci\u00f3n y los concejales<strong> Cecilia Krivochen, Bel\u00e9n Vergel y Sebasti\u00e1n Matrella<\/strong>, quienes hicieron entrega de un reconocimiento por tratarse de un evento declarado de inter\u00e9s municipal.<\/p>\n<p>&nbsp;<\/p>\n<p>Las jornadas, que se extender\u00e1n hasta el pr\u00f3ximo 21 de agosto, <strong>cuenta con m\u00e1s de 80 deportistas trasplantados<\/strong> y este domingo continuar\u00e1 la actividad con golf, tenis mixto y dobles, v\u00f3ley y newcom.<\/p>\n","protected":false},"excerpt":{"rendered":"<p>Este s\u00e1bado, en las instalaciones del Club Estudiantes, empezaron a desenvolverse las primeras disciplinas deportivas.<\/p>\n","protected":false},"author":96739694,"featured_media":156918,"comment_status":"closed","ping_status":"closed","sticky":false,"template":"","format":"standard","meta":{"_jetpack_memberships_contains_paid_content":false,"footnotes":""},"categories":[30,1],"tags":[],"class_list":["post-93724","post","type-post","status-publish","format-standard","has-post-thumbnail","hentry","category-polideportivo","category-portada"],"jetpack_featured_media_url":"https:\/\/i0.wp.com\/cdnoticias.com\/wp-content\/uploads\/2023\/08\/tenis-adetra-1.jpeg?fit=1280%2C853&ssl=1","jetpack_sharing_enabled":true,"_links":{"self":[{"href":"https:\/\/cdnoticias.com\/index.php\/wp-json\/wp\/v2\/posts\/93724","targetHints":{"allow":["GET"]}}],"collection":[{"href":"https:\/\/cdnoticias.com\/index.php\/wp-json\/wp\/v2\/posts"}],"about":[{"href":"https:\/\/cdnoticias.com\/index.php\/wp-json\/wp\/v2\/types\/post"}],"author":[{"embeddable":true,"href":"https:\/\/cdnoticias.com\/index.php\/wp-json\/wp\/v2\/users\/96739694"}],"replies":[{"embeddable":true,"href":"https:\/\/cdnoticias.com\/index.php\/wp-json\/wp\/v2\/comments?post=93724"}],"version-history":[{"count":0,"href":"https:\/\/cdnoticias.com\/index.php\/wp-json\/wp\/v2\/posts\/93724\/revisions"}],"wp:featuredmedia":[{"embeddable":true,"href":"https:\/\/cdnoticias.com\/index.php\/wp-json\/wp\/v2\/media\/156918"}],"wp:attachment":[{"href":"https:\/\/cdnoticias.com\/index.php\/wp-json\/wp\/v2\/media?parent=93724"}],"wp:term":[{"taxonomy":"category","embeddable":true,"href":"https:\/\/cdnoticias.com\/index.php\/wp-json\/wp\/v2\/categories?post=93724"},{"taxonomy":"post_tag","embeddable":true,"href":"https:\/\/cdnoticias.com\/index.php\/wp-json\/wp\/v2\/tags?post=93724"}],"curies":[{"name":"wp","href":"https:\/\/api.w.org\/{rel}","templated":true}]}}