{"id":93715,"date":"2023-08-20T10:41:28","date_gmt":"2023-08-20T13:41:28","guid":{"rendered":"https:\/\/www.centraldenoticias.com.ar\/?p=93715"},"modified":"2023-08-20T11:54:38","modified_gmt":"2023-08-20T14:54:38","slug":"dos-vehiculos-chocaron-columnas-de-alumbrado-y-provocaron-danos-en-el-servicio","status":"publish","type":"post","link":"https:\/\/cdnoticias.com\/index.php\/2023\/08\/20\/dos-vehiculos-chocaron-columnas-de-alumbrado-y-provocaron-danos-en-el-servicio\/","title":{"rendered":"Dos veh\u00edculos chocaron columnas de alumbrado y provocaron da\u00f1os en el servicio"},"content":{"rendered":"<p>Uno de los siniestro ocurri\u00f3 en el camino que une Sierras Bayas y Colonia San Miguel y el servicio se interrumpi\u00f3 en esa zona. Otro, choc\u00f3 una columna en cercan\u00edas de la Escuela Agraria.<!--more--><\/p>\n<hr \/>\n<p>Un veh\u00edculo que circulaba por el <strong>camino que une la localidad de Sierras Bayas y Colonia San Miguel<\/strong>, embisti\u00f3 una columna de hormig\u00f3n ocasionando <strong>da\u00f1os en las instalaciones el\u00e9ctricas y la interrupci\u00f3n del suministro el\u00e9ctrico en Colonia San Miguel, salida rural La Palmira y zona de canteras.<\/strong><\/p>\n<p>&nbsp;<\/p>\n<p>Se estima que por la magnitud de las tareas a realizar,<strong> la reposici\u00f3n del servicio demorar\u00e1 varias horas.<\/strong><\/p>\n<p>&nbsp;<\/p>\n<p><img data-recalc-dims=\"1\" loading=\"lazy\" decoding=\"async\" class=\"alignnone size-large wp-image-93716\" src=\"https:\/\/i0.wp.com\/cdnoticias.com\/wp-content\/uploads\/2023\/08\/columna-danos-2.png?resize=800%2C505&#038;ssl=1\" alt=\"\" width=\"800\" height=\"505\" srcset=\"https:\/\/i0.wp.com\/cdnoticias.com\/wp-content\/uploads\/2023\/08\/columna-danos-2.png?resize=1024%2C647&amp;ssl=1 1024w, https:\/\/i0.wp.com\/cdnoticias.com\/wp-content\/uploads\/2023\/08\/columna-danos-2.png?resize=300%2C189&amp;ssl=1 300w, https:\/\/i0.wp.com\/cdnoticias.com\/wp-content\/uploads\/2023\/08\/columna-danos-2.png?resize=768%2C485&amp;ssl=1 768w, https:\/\/i0.wp.com\/cdnoticias.com\/wp-content\/uploads\/2023\/08\/columna-danos-2.png?w=1075&amp;ssl=1 1075w\" sizes=\"auto, (max-width: 800px) 100vw, 800px\" \/><\/p>\n<p>&nbsp;<\/p>\n<p>Por otro lado, un veh\u00edculo choc\u00f3 contra una columna de alumbrado p\u00fablico ubicada sobre <strong>Autopista Fortabat a la altura de la Escuela de Educaci\u00f3n Agraria N\u00b0 1<\/strong>, la cual ser\u00e1 retirada para su reparaci\u00f3n.<\/p>\n","protected":false},"excerpt":{"rendered":"<p>Uno de los siniestro ocurri\u00f3 en el camino que une Sierras Bayas y Colonia San Miguel y el servicio se<\/p>\n","protected":false},"author":2,"featured_media":93717,"comment_status":"closed","ping_status":"closed","sticky":false,"template":"","format":"standard","meta":{"_jetpack_memberships_contains_paid_content":false,"footnotes":""},"categories":[5,1],"tags":[],"class_list":["post-93715","post","type-post","status-publish","format-standard","has-post-thumbnail","hentry","category-informacion-general","category-portada"],"jetpack_featured_media_url":"https:\/\/i0.wp.com\/cdnoticias.com\/wp-content\/uploads\/2023\/08\/columna-danos.png?fit=899%2C643&ssl=1","jetpack_sharing_enabled":true,"_links":{"self":[{"href":"https:\/\/cdnoticias.com\/index.php\/wp-json\/wp\/v2\/posts\/93715","targetHints":{"allow":["GET"]}}],"collection":[{"href":"https:\/\/cdnoticias.com\/index.php\/wp-json\/wp\/v2\/posts"}],"about":[{"href":"https:\/\/cdnoticias.com\/index.php\/wp-json\/wp\/v2\/types\/post"}],"author":[{"embeddable":true,"href":"https:\/\/cdnoticias.com\/index.php\/wp-json\/wp\/v2\/users\/2"}],"replies":[{"embeddable":true,"href":"https:\/\/cdnoticias.com\/index.php\/wp-json\/wp\/v2\/comments?post=93715"}],"version-history":[{"count":0,"href":"https:\/\/cdnoticias.com\/index.php\/wp-json\/wp\/v2\/posts\/93715\/revisions"}],"wp:featuredmedia":[{"embeddable":true,"href":"https:\/\/cdnoticias.com\/index.php\/wp-json\/wp\/v2\/media\/93717"}],"wp:attachment":[{"href":"https:\/\/cdnoticias.com\/index.php\/wp-json\/wp\/v2\/media?parent=93715"}],"wp:term":[{"taxonomy":"category","embeddable":true,"href":"https:\/\/cdnoticias.com\/index.php\/wp-json\/wp\/v2\/categories?post=93715"},{"taxonomy":"post_tag","embeddable":true,"href":"https:\/\/cdnoticias.com\/index.php\/wp-json\/wp\/v2\/tags?post=93715"}],"curies":[{"name":"wp","href":"https:\/\/api.w.org\/{rel}","templated":true}]}}