{"id":9370,"date":"2020-12-19T12:50:57","date_gmt":"2020-12-19T15:50:57","guid":{"rendered":"http:\/\/www.centraldenoticias.com.ar\/?p=9370"},"modified":"2020-12-19T12:50:57","modified_gmt":"2020-12-19T15:50:57","slug":"proyecto-ive-como-fue-el-debate-en-comisiones-del-senado","status":"publish","type":"post","link":"https:\/\/cdnoticias.com\/index.php\/2020\/12\/19\/proyecto-ive-como-fue-el-debate-en-comisiones-del-senado\/","title":{"rendered":"Proyecto IVE: c\u00f3mo fue el debate en comisiones del Senado"},"content":{"rendered":"<p>En el sitio web oficial de la C\u00e1mara Alta se abri\u00f3 una secci\u00f3n especial para mostrar el recorrido del proyecto de ley de Interrupci\u00f3n Voluntaria del Embarazo. Documentos, fotos y videos del debate.<!--more--><\/p>\n<hr \/>\n<p>El Senado de la Naci\u00f3n debati\u00f3 desde la semana pasada el proyecto de ley de Interrupci\u00f3n Voluntaria del Embarazo (IVE) y fij\u00f3 para el <a href=\"https:\/\/cdnoticias.com\/index.php\/2020\/12\/17\/el-proyecto-por-el-aborto-legal-se-debatira-el-29-en-el-senado\/\" target=\"_blank\" rel=\"noopener\">29 de diciembre<\/a> la sesi\u00f3n de tratamiento en el recinto.<\/p>\n<blockquote class=\"twitter-tweet\">\n<p dir=\"ltr\" lang=\"es\">\ud83d\udcbb Ya est\u00e1 disponible en nuestra web una secci\u00f3n especial sobre el recorrido en la C\u00e1mara alta del proyecto de ley sobre Interrupci\u00f3n Voluntaria del Embarazo 2020. Acced\u00e9 a documentos y a las exposiciones de los especialistas siguiendo este link \ud83d\udc49 <a href=\"https:\/\/t.co\/9Dr4JER5bU\">https:\/\/t.co\/9Dr4JER5bU<\/a><\/p>\n<p>\u2014 Senado Argentina (@SenadoArgentina) <a href=\"https:\/\/twitter.com\/SenadoArgentina\/status\/1340021341496487937?ref_src=twsrc%5Etfw\">December 18, 2020<\/a><\/p><\/blockquote>\n<p><script async src=\"https:\/\/platform.twitter.com\/widgets.js\" charset=\"utf-8\"><\/script><\/p>\n<p>En virtud de la importancia del tema abri\u00f3 una secci\u00f3n especial sobre el recorrido en la C\u00e1mara del proyecto en el sitio web oficial <a href=\"https:\/\/www.senado.gob.ar\/micrositios\/ive\/2020\/4#fechaEvento5502\" target=\"_blank\" rel=\"noopener\">www.senado.gob.ar<\/a>.<\/p>\n<p>All\u00ed pueden seguirse los avances registrados en cada jornada, con los plenarios de las comisiones y en cada uno se presentan documentos, fotos y videos del debate con los discursos de los senadores, los funcionarios del Ejecutivo y todos los expositores invitados.<\/p>\n","protected":false},"excerpt":{"rendered":"<p>En el sitio web oficial de la C\u00e1mara Alta se abri\u00f3 una secci\u00f3n especial para mostrar el recorrido del proyecto<\/p>\n","protected":false},"author":4,"featured_media":9371,"comment_status":"closed","ping_status":"closed","sticky":false,"template":"","format":"standard","meta":{"_jetpack_memberships_contains_paid_content":false,"footnotes":""},"categories":[6],"tags":[],"class_list":["post-9370","post","type-post","status-publish","format-standard","has-post-thumbnail","hentry","category-nacionales"],"jetpack_featured_media_url":"https:\/\/i0.wp.com\/cdnoticias.com\/wp-content\/uploads\/2020\/12\/senado-ley-IVE-aborto-web.jpg?fit=1000%2C667&ssl=1","jetpack_sharing_enabled":true,"_links":{"self":[{"href":"https:\/\/cdnoticias.com\/index.php\/wp-json\/wp\/v2\/posts\/9370","targetHints":{"allow":["GET"]}}],"collection":[{"href":"https:\/\/cdnoticias.com\/index.php\/wp-json\/wp\/v2\/posts"}],"about":[{"href":"https:\/\/cdnoticias.com\/index.php\/wp-json\/wp\/v2\/types\/post"}],"author":[{"embeddable":true,"href":"https:\/\/cdnoticias.com\/index.php\/wp-json\/wp\/v2\/users\/4"}],"replies":[{"embeddable":true,"href":"https:\/\/cdnoticias.com\/index.php\/wp-json\/wp\/v2\/comments?post=9370"}],"version-history":[{"count":0,"href":"https:\/\/cdnoticias.com\/index.php\/wp-json\/wp\/v2\/posts\/9370\/revisions"}],"wp:featuredmedia":[{"embeddable":true,"href":"https:\/\/cdnoticias.com\/index.php\/wp-json\/wp\/v2\/media\/9371"}],"wp:attachment":[{"href":"https:\/\/cdnoticias.com\/index.php\/wp-json\/wp\/v2\/media?parent=9370"}],"wp:term":[{"taxonomy":"category","embeddable":true,"href":"https:\/\/cdnoticias.com\/index.php\/wp-json\/wp\/v2\/categories?post=9370"},{"taxonomy":"post_tag","embeddable":true,"href":"https:\/\/cdnoticias.com\/index.php\/wp-json\/wp\/v2\/tags?post=9370"}],"curies":[{"name":"wp","href":"https:\/\/api.w.org\/{rel}","templated":true}]}}