{"id":93680,"date":"2023-08-19T10:57:57","date_gmt":"2023-08-19T13:57:57","guid":{"rendered":"https:\/\/www.centraldenoticias.com.ar\/?p=93680"},"modified":"2023-08-19T10:57:57","modified_gmt":"2023-08-19T13:57:57","slug":"el-olavarriense-janson-fue-titular-en-el-debut-con-triunfo-de-boca-en-copa-de-la-liga","status":"publish","type":"post","link":"https:\/\/cdnoticias.com\/index.php\/2023\/08\/19\/el-olavarriense-janson-fue-titular-en-el-debut-con-triunfo-de-boca-en-copa-de-la-liga\/","title":{"rendered":"El olavarriense Janson fue titular en el debut con triunfo de Boca en Copa de la Liga"},"content":{"rendered":"<p>El \u201cXeneize\u201d derrot\u00f3 3 a 1 a Platense y sum\u00f3 sus primeros tres puntos en la Zona 2. Adem\u00e1s, el olavarriense tuvo su estreno oficial en La Bombonera.<!--more--><\/p>\n<hr \/>\n<p>Si bien ya hab\u00eda tenido minutos en el duelo contra Nacional de Uruguay, <strong>Lucas Janson debut\u00f3 oficialmente como titular en el club del Barrio La Boca y disput\u00f3 los 90\u2019 minutos del encuentro.<\/strong> Adem\u00e1s, tuvo su estreno en La Bombonera vistiendo el manto \u201cXeneize\u201d.<\/p>\n<p>&nbsp;<\/p>\n<p>M\u00e1s detalles en <strong>Central de Deportes, el portal deportivo de la ciudad.<\/strong><\/p>\n<p>&nbsp;<\/p>\n<blockquote class=\"wp-embedded-content\" data-secret=\"yONUkDp09a\"><p><a href=\"https:\/\/centraldeportes.com.ar\/boca-con-janson-titular-debuto-con-victoria-en-la-copa-de-la-liga\/\">Boca, con Janson titular, debut\u00f3 con victoria en la Copa de la Liga<\/a><\/p><\/blockquote>\n<p><iframe loading=\"lazy\" class=\"wp-embedded-content\" sandbox=\"allow-scripts\" security=\"restricted\" style=\"position: absolute; clip: rect(1px, 1px, 1px, 1px);\" title=\"&#8220;Boca, con Janson titular, debut\u00f3 con victoria en la Copa de la Liga&#8221; &#8212; Central de Deportes\" src=\"https:\/\/centraldeportes.com.ar\/boca-con-janson-titular-debuto-con-victoria-en-la-copa-de-la-liga\/embed\/#?secret=yONUkDp09a\" data-secret=\"yONUkDp09a\" width=\"600\" height=\"338\" frameborder=\"0\" marginwidth=\"0\" marginheight=\"0\" scrolling=\"no\"><\/iframe><\/p>\n","protected":false},"excerpt":{"rendered":"<p>El \u201cXeneize\u201d derrot\u00f3 3 a 1 a Platense y sum\u00f3 sus primeros tres puntos en la Zona 2. Adem\u00e1s, el<\/p>\n","protected":false},"author":2,"featured_media":93681,"comment_status":"closed","ping_status":"closed","sticky":false,"template":"","format":"standard","meta":{"_jetpack_memberships_contains_paid_content":false,"footnotes":""},"categories":[5,1],"tags":[],"class_list":["post-93680","post","type-post","status-publish","format-standard","has-post-thumbnail","hentry","category-informacion-general","category-portada"],"jetpack_featured_media_url":"https:\/\/i0.wp.com\/cdnoticias.com\/wp-content\/uploads\/2023\/08\/Lucas-Janson-titular-.jpg?fit=1500%2C930&ssl=1","jetpack_sharing_enabled":true,"_links":{"self":[{"href":"https:\/\/cdnoticias.com\/index.php\/wp-json\/wp\/v2\/posts\/93680","targetHints":{"allow":["GET"]}}],"collection":[{"href":"https:\/\/cdnoticias.com\/index.php\/wp-json\/wp\/v2\/posts"}],"about":[{"href":"https:\/\/cdnoticias.com\/index.php\/wp-json\/wp\/v2\/types\/post"}],"author":[{"embeddable":true,"href":"https:\/\/cdnoticias.com\/index.php\/wp-json\/wp\/v2\/users\/2"}],"replies":[{"embeddable":true,"href":"https:\/\/cdnoticias.com\/index.php\/wp-json\/wp\/v2\/comments?post=93680"}],"version-history":[{"count":0,"href":"https:\/\/cdnoticias.com\/index.php\/wp-json\/wp\/v2\/posts\/93680\/revisions"}],"wp:featuredmedia":[{"embeddable":true,"href":"https:\/\/cdnoticias.com\/index.php\/wp-json\/wp\/v2\/media\/93681"}],"wp:attachment":[{"href":"https:\/\/cdnoticias.com\/index.php\/wp-json\/wp\/v2\/media?parent=93680"}],"wp:term":[{"taxonomy":"category","embeddable":true,"href":"https:\/\/cdnoticias.com\/index.php\/wp-json\/wp\/v2\/categories?post=93680"},{"taxonomy":"post_tag","embeddable":true,"href":"https:\/\/cdnoticias.com\/index.php\/wp-json\/wp\/v2\/tags?post=93680"}],"curies":[{"name":"wp","href":"https:\/\/api.w.org\/{rel}","templated":true}]}}