{"id":9365,"date":"2020-12-19T11:37:33","date_gmt":"2020-12-19T14:37:33","guid":{"rendered":"http:\/\/www.centraldenoticias.com.ar\/?p=9365"},"modified":"2020-12-19T11:37:33","modified_gmt":"2020-12-19T14:37:33","slug":"un-vecino-de-la-virgen-de-la-loma-se-quejo-por-los-reiterados-cortes-de-luz","status":"publish","type":"post","link":"https:\/\/cdnoticias.com\/index.php\/2020\/12\/19\/un-vecino-de-la-virgen-de-la-loma-se-quejo-por-los-reiterados-cortes-de-luz\/","title":{"rendered":"Un vecino de la Virgen de la Loma se quej\u00f3 por los reiterados cortes de luz"},"content":{"rendered":"<p>Asegur\u00f3 que en la \u00faltima semana, cinco d\u00edas estuvieron sin servicio en el sector. \u201cVivir sin luz en estos tiempos es algo que ya se nos hizo costumbre en el campo\u201d lament\u00f3.<!--more--><\/p>\n<hr \/>\n<p><strong>\u201cUn nuevo corte de luz afecta a los vecinos de la Virgen de la Loma, cinco de los \u00faltimos siete d\u00edas, la zona no tuvo energ\u00eda el\u00e9ctrica\u201d se quej\u00f3 Pablo Maccarini<\/strong>, vecino de la zona, quien se comunic\u00f3 con <strong>Central de Noticias<\/strong>.<\/p>\n<p>A su vez, manifest\u00f3 que desde la prestadora, Coopelectric, \u201c<strong>manifiestan que no tienen personal t\u00e9cnico para mandar<\/strong> ya que dispone de una sola cuadrilla que trabaja hasta las 18 horas para atender todas las l\u00edneas rurales del partido de Olavarr\u00eda\u201d.<\/p>\n<p>Cabe se\u00f1alar que la zona, ubicada sobre ruta 226 y a pocos kil\u00f3metros de la planta urbana, pertenece al sistema rural del tendido el\u00e9ctrico.<\/p>\n<p>\u201c<strong>Se convive con estos problemas desde siempre<\/strong>, cuando hay un poco de viento y lluvia el servicio se suspende y no se sabe cu\u00e1ndo va a volver\u201d explic\u00f3 el vecino al tiempo que detall\u00f3 que los inconvenientes que genera alcanzan a \u201cp\u00e9rdida de alimentos, la incomunicaci\u00f3n, falta de agua por no funcionar las bombas y todos los campos a oscuras con el riesgo de la inseguridad\u201d.<\/p>\n<p>Consider\u00f3 central tener certezas sobre la demora en el restablecimiento del servicio. \u201cLlam\u00e1s para hacer el reclamo y nadie te atiende, s\u00f3lo un contestador donde registra el pedido de reparaci\u00f3n, <strong>no hay un comunicado oficial y todo es incertidumbre sobre cu\u00e1ndo ser\u00e1 restablecido el servicio<\/strong>\u201d plante\u00f3.<\/p>\n<p>Maccarini afirm\u00f3 por \u00faltimo que \u201cdesde Coopelectric tambi\u00e9n manifiestan que las l\u00edneas rurales `dan p\u00e9rdidas\u00b4, que no les conviene atender y mantener las l\u00edneas por los pocos usuarios que hay en ellas. Un problema que se manifiesta desde hace muchos a\u00f1os y se agudiza por el envejecimiento y desgastes de los materiales. <strong>Los vecinos rurales estamos en total vulnerabilidad, no nos dan respuestas y vivir sin luz en estos tiempos es algo que ya se nos hizo costumbre en el campo<\/strong>\u201d.<\/p>\n","protected":false},"excerpt":{"rendered":"<p>Asegur\u00f3 que en la \u00faltima semana, cinco d\u00edas estuvieron sin servicio en el sector. \u201cVivir sin luz en estos tiempos<\/p>\n","protected":false},"author":4,"featured_media":9366,"comment_status":"closed","ping_status":"closed","sticky":false,"template":"","format":"standard","meta":{"_jetpack_memberships_contains_paid_content":false,"footnotes":""},"categories":[5,1],"tags":[],"class_list":["post-9365","post","type-post","status-publish","format-standard","has-post-thumbnail","hentry","category-informacion-general","category-portada"],"jetpack_featured_media_url":"https:\/\/i0.wp.com\/cdnoticias.com\/wp-content\/uploads\/2020\/12\/electricidad-rural.jpg?fit=1000%2C555&ssl=1","jetpack_sharing_enabled":true,"_links":{"self":[{"href":"https:\/\/cdnoticias.com\/index.php\/wp-json\/wp\/v2\/posts\/9365","targetHints":{"allow":["GET"]}}],"collection":[{"href":"https:\/\/cdnoticias.com\/index.php\/wp-json\/wp\/v2\/posts"}],"about":[{"href":"https:\/\/cdnoticias.com\/index.php\/wp-json\/wp\/v2\/types\/post"}],"author":[{"embeddable":true,"href":"https:\/\/cdnoticias.com\/index.php\/wp-json\/wp\/v2\/users\/4"}],"replies":[{"embeddable":true,"href":"https:\/\/cdnoticias.com\/index.php\/wp-json\/wp\/v2\/comments?post=9365"}],"version-history":[{"count":0,"href":"https:\/\/cdnoticias.com\/index.php\/wp-json\/wp\/v2\/posts\/9365\/revisions"}],"wp:featuredmedia":[{"embeddable":true,"href":"https:\/\/cdnoticias.com\/index.php\/wp-json\/wp\/v2\/media\/9366"}],"wp:attachment":[{"href":"https:\/\/cdnoticias.com\/index.php\/wp-json\/wp\/v2\/media?parent=9365"}],"wp:term":[{"taxonomy":"category","embeddable":true,"href":"https:\/\/cdnoticias.com\/index.php\/wp-json\/wp\/v2\/categories?post=9365"},{"taxonomy":"post_tag","embeddable":true,"href":"https:\/\/cdnoticias.com\/index.php\/wp-json\/wp\/v2\/tags?post=9365"}],"curies":[{"name":"wp","href":"https:\/\/api.w.org\/{rel}","templated":true}]}}