{"id":93647,"date":"2023-08-18T19:30:05","date_gmt":"2023-08-18T22:30:05","guid":{"rendered":"https:\/\/www.centraldenoticias.com.ar\/?p=93647"},"modified":"2023-08-18T19:30:05","modified_gmt":"2023-08-18T22:30:05","slug":"el-bloque-foro-olavarria-apoya-una-ley-para-agravar-las-penas-al-trafico-de-organos","status":"publish","type":"post","link":"https:\/\/cdnoticias.com\/index.php\/2023\/08\/18\/el-bloque-foro-olavarria-apoya-una-ley-para-agravar-las-penas-al-trafico-de-organos\/","title":{"rendered":"El bloque Foro Olavarr\u00eda apoya una Ley para agravar las penas al tr\u00e1fico de \u00f3rganos"},"content":{"rendered":"<p>El bloque conformado por la concejala In\u00e9s Creimer y el concejal Gast\u00f3n Sarachu busca que el HCD exprese su benepl\u00e1cito al proyecto de modificaci\u00f3n de la Ley N.\u00ba 27.447, impulsada por el Diputado Nacional Ramiro Guti\u00e9rrez.<!--more--><\/p>\n<hr \/>\n<p>Desde el bloque <strong>Foro Olavarr\u00eda &#8211; Frente Renovador<\/strong> en el interbloque Uni\u00f3n por la Patria, integrado por la concejala<strong> In\u00e9s Creimer<\/strong> y el concejal<strong> Gast\u00f3n Sarachu,<\/strong> elevaron un Proyecto de Comunicaci\u00f3n con el que buscan que el Concejo Deliberante exprese su benepl\u00e1cito al proyecto de modificaci\u00f3n de la <strong>Ley de Trasplante de \u00d3rganos, Tejidos y C\u00e9lulas de origen humano.<\/strong><\/p>\n<p>&nbsp;<\/p>\n<blockquote><p>Dicha modificaci\u00f3n agrava las penas de la Ley N.\u00ba 27.447 y es impulsada por el Diputado Nacional Ramiro Guti\u00e9rrez, la cual impide la entrega de \u00f3rganos en el caso de que no se respeten los principios de voluntariedad, altruismo o gratuidad.<\/p><\/blockquote>\n<p>&nbsp;<\/p>\n<p><em><strong>\u201cEl objetivo es el de garantizar y reforzar los derechos de las personas que pueden verse sometidas a una potencial intervenci\u00f3n quir\u00fargica de extracci\u00f3n de \u00f3rganos\u201d<\/strong><\/em>, explicaron desde el bloque Foro Olavarr\u00eda &#8211; Frente Renovador en Uni\u00f3n por la Patria.<\/p>\n<p>&nbsp;<\/p>\n<p><em><strong>\u201cEl cuerpo humano no tiene un valor econ\u00f3mico ni sus partes pueden ser objeto de libre disposici\u00f3n por sus titulares\u201d<\/strong><\/em>, sostuvieron la concejala In\u00e9s Creimer y el concejal Gast\u00f3n Sarachu, explicando que la venta ilegal de \u00f3rganos est\u00e1 vinculada con \u201cla escasez\u201d y que esto \u201cimplica que hablemos de valores extremadamente onerosos: diez mil a ciento cincuenta mil d\u00f3lares por \u00f3rgano\u201d.<\/p>\n<p>&nbsp;<\/p>\n<blockquote><p>\u201cLas estad\u00edsticas indican que cada 27 minutos en el mundo alguien recibe un trasplante y cada 2 horas y 24 minutos alguien muere y permite un trasplante \u00e9tico\u201d, analizaron Creimer y Sarachu.<\/p><\/blockquote>\n<p>&nbsp;<\/p>\n<p>Por \u00faltimo, afirmaron que <em>\u201ceste proyecto busca afianzar y garantizar el sistema legal argentinos de recepci\u00f3n y defensa de los derechos humanos fundamentales, e incorpora como delito agravado la subasta f\u00edsica y en red de \u00f3rganos, as\u00ed como tambi\u00e9n el turismo de comercializaci\u00f3n e implante de \u00f3rganos, ya que de ahora en m\u00e1s no s\u00f3lo ser\u00e1 delito extraer los \u00f3rganos sino tambi\u00e9n implantarlos ilegalmente\u201d.<\/em><\/p>\n","protected":false},"excerpt":{"rendered":"<p>El bloque conformado por la concejala In\u00e9s Creimer y el concejal Gast\u00f3n Sarachu busca que el HCD exprese su benepl\u00e1cito<\/p>\n","protected":false},"author":6,"featured_media":41682,"comment_status":"closed","ping_status":"closed","sticky":false,"template":"","format":"standard","meta":{"_jetpack_memberships_contains_paid_content":false,"footnotes":""},"categories":[4,1],"tags":[],"class_list":["post-93647","post","type-post","status-publish","format-standard","has-post-thumbnail","hentry","category-politica","category-portada"],"jetpack_featured_media_url":"https:\/\/i0.wp.com\/cdnoticias.com\/wp-content\/uploads\/2021\/12\/WhatsApp-Image-2021-12-17-at-15.55.30.jpeg?fit=1280%2C855&ssl=1","jetpack_sharing_enabled":true,"_links":{"self":[{"href":"https:\/\/cdnoticias.com\/index.php\/wp-json\/wp\/v2\/posts\/93647","targetHints":{"allow":["GET"]}}],"collection":[{"href":"https:\/\/cdnoticias.com\/index.php\/wp-json\/wp\/v2\/posts"}],"about":[{"href":"https:\/\/cdnoticias.com\/index.php\/wp-json\/wp\/v2\/types\/post"}],"author":[{"embeddable":true,"href":"https:\/\/cdnoticias.com\/index.php\/wp-json\/wp\/v2\/users\/6"}],"replies":[{"embeddable":true,"href":"https:\/\/cdnoticias.com\/index.php\/wp-json\/wp\/v2\/comments?post=93647"}],"version-history":[{"count":0,"href":"https:\/\/cdnoticias.com\/index.php\/wp-json\/wp\/v2\/posts\/93647\/revisions"}],"wp:featuredmedia":[{"embeddable":true,"href":"https:\/\/cdnoticias.com\/index.php\/wp-json\/wp\/v2\/media\/41682"}],"wp:attachment":[{"href":"https:\/\/cdnoticias.com\/index.php\/wp-json\/wp\/v2\/media?parent=93647"}],"wp:term":[{"taxonomy":"category","embeddable":true,"href":"https:\/\/cdnoticias.com\/index.php\/wp-json\/wp\/v2\/categories?post=93647"},{"taxonomy":"post_tag","embeddable":true,"href":"https:\/\/cdnoticias.com\/index.php\/wp-json\/wp\/v2\/tags?post=93647"}],"curies":[{"name":"wp","href":"https:\/\/api.w.org\/{rel}","templated":true}]}}