{"id":93621,"date":"2023-08-18T15:24:35","date_gmt":"2023-08-18T18:24:35","guid":{"rendered":"https:\/\/www.centraldenoticias.com.ar\/?p=93621"},"modified":"2023-08-22T08:38:19","modified_gmt":"2023-08-22T11:38:19","slug":"lo-arrestaron-cuando-iba-a-vender-drogas-en-barrio-coronel-dorrego","status":"publish","type":"post","link":"https:\/\/cdnoticias.com\/index.php\/2023\/08\/18\/lo-arrestaron-cuando-iba-a-vender-drogas-en-barrio-coronel-dorrego\/","title":{"rendered":"Lo arrestaron cuando iba a vender drogas en barrio Coronel Dorrego"},"content":{"rendered":"<p>El acusado tiene 29 a\u00f1os. En su poder ten\u00eda m\u00e1s de 100 gramos de coca\u00edna y marihuana. Adem\u00e1s, circulaba en una moto con pedido de secuestro.<\/p>\n<p><!--more--><\/p>\n<hr \/>\n<p>Un hombre fue <strong>capturado<\/strong> en barrio Coronel Dorrego cuando <strong>iba a vender estupefacientes<\/strong>. En su poder se hall\u00f3 <strong>marihuana y coca\u00edna<\/strong>.<\/p>\n<p>&nbsp;<\/p>\n<p>Seg\u00fan se inform\u00f3, este viernes el personal de motopolic\u00edas de <strong>Polic\u00eda Local<\/strong> lleg\u00f3 a <strong>calle 17 al 2600<\/strong>, entre General Paz y Coronel Su\u00e1rez donde <strong>esperaban dar con el acusado<\/strong>, en base a tareas investigativas.<\/p>\n<p>&nbsp;<\/p>\n<p>All\u00ed encontraron a un <strong>hombre de 29 a\u00f1os<\/strong> a bordo de una <strong>moto Yamaha FZ color azul<\/strong> y el sospechoso qued\u00f3 inmediatamente<strong> aprehendido<\/strong>.<\/p>\n<p>&nbsp;<\/p>\n<p><img data-recalc-dims=\"1\" loading=\"lazy\" decoding=\"async\" class=\"size-full wp-image-93622 aligncenter\" src=\"https:\/\/i0.wp.com\/cdnoticias.com\/wp-content\/uploads\/2023\/08\/aprehendido-drogas-calle-17-b.jpg?resize=800%2C445&#038;ssl=1\" alt=\"\" width=\"800\" height=\"445\" srcset=\"https:\/\/i0.wp.com\/cdnoticias.com\/wp-content\/uploads\/2023\/08\/aprehendido-drogas-calle-17-b.jpg?w=800&amp;ssl=1 800w, https:\/\/i0.wp.com\/cdnoticias.com\/wp-content\/uploads\/2023\/08\/aprehendido-drogas-calle-17-b.jpg?resize=300%2C167&amp;ssl=1 300w, https:\/\/i0.wp.com\/cdnoticias.com\/wp-content\/uploads\/2023\/08\/aprehendido-drogas-calle-17-b.jpg?resize=768%2C427&amp;ssl=1 768w\" sizes=\"auto, (max-width: 800px) 100vw, 800px\" \/><\/p>\n<p>&nbsp;<\/p>\n<blockquote><p>Fueron secuestrados los elementos que llevaba en su poder, entre los que se destac\u00f3 una piedra de coca\u00edna de 90 gramos, coca\u00edna fraccionada en cinco piedras envueltas en nylon por un total de 8 gramos total y marihuana en flores en un frasco de 13 gramos.<\/p><\/blockquote>\n<p>&nbsp;<\/p>\n<p>Adem\u00e1s, se secuestraron <strong>123 mil pesos en efectivo, una balanza y dos celulares<\/strong>.<\/p>\n<p>&nbsp;<\/p>\n<p>Efectivos de la <strong>Delegaci\u00f3n de Drogas Il\u00edcitas<\/strong> concretaron las pruebas correspondientes para determinar que efectivamente se trataba de marihuana y coca\u00edna. Entre ambas sustancias arrojaron un<strong> pesaje que super\u00f3 los 100 gramos.<\/strong><\/p>\n<p>&nbsp;<\/p>\n<p><img data-recalc-dims=\"1\" loading=\"lazy\" decoding=\"async\" class=\"size-full wp-image-93624 aligncenter\" src=\"https:\/\/i0.wp.com\/cdnoticias.com\/wp-content\/uploads\/2023\/08\/aprehendido-drogas-calle-17-a.jpg?resize=800%2C444&#038;ssl=1\" alt=\"\" width=\"800\" height=\"444\" srcset=\"https:\/\/i0.wp.com\/cdnoticias.com\/wp-content\/uploads\/2023\/08\/aprehendido-drogas-calle-17-a.jpg?w=800&amp;ssl=1 800w, https:\/\/i0.wp.com\/cdnoticias.com\/wp-content\/uploads\/2023\/08\/aprehendido-drogas-calle-17-a.jpg?resize=300%2C167&amp;ssl=1 300w, https:\/\/i0.wp.com\/cdnoticias.com\/wp-content\/uploads\/2023\/08\/aprehendido-drogas-calle-17-a.jpg?resize=768%2C426&amp;ssl=1 768w\" sizes=\"auto, (max-width: 800px) 100vw, 800px\" \/><\/p>\n<p>&nbsp;<\/p>\n<p>Adem\u00e1s, la <strong>motocicleta<\/strong> en la que se trasladaba el acusado ten\u00eda <strong>pedido activo de secuestro<\/strong> con que se dispuso tambi\u00e9n que <strong>el rodado quede incautado<\/strong>. La denuncia por el robo de la moto se hab\u00eda asentado a principios de mes en Olavarr\u00eda.<\/p>\n<p>&nbsp;<\/p>\n<p>En las actuaciones por la <strong>infracci\u00f3n a la Ley 23.37<\/strong> se dio intervenci\u00f3n a la <strong>UFI N\u00ba 19<\/strong> especializada en drogas il\u00edcitas.<\/p>\n<p>&nbsp;<\/p>\n","protected":false},"excerpt":{"rendered":"<p>El acusado tiene 29 a\u00f1os. En su poder ten\u00eda m\u00e1s de 100 gramos de coca\u00edna y marihuana. Adem\u00e1s, circulaba en<\/p>\n","protected":false},"author":4,"featured_media":93623,"comment_status":"closed","ping_status":"closed","sticky":false,"template":"","format":"standard","meta":{"_jetpack_memberships_contains_paid_content":false,"footnotes":""},"categories":[14,1],"tags":[],"class_list":["post-93621","post","type-post","status-publish","format-standard","has-post-thumbnail","hentry","category-policiales","category-portada"],"jetpack_featured_media_url":"https:\/\/i0.wp.com\/cdnoticias.com\/wp-content\/uploads\/2023\/08\/aprehendido-drogas-calle-17-c.jpg?fit=800%2C445&ssl=1","jetpack_sharing_enabled":true,"_links":{"self":[{"href":"https:\/\/cdnoticias.com\/index.php\/wp-json\/wp\/v2\/posts\/93621","targetHints":{"allow":["GET"]}}],"collection":[{"href":"https:\/\/cdnoticias.com\/index.php\/wp-json\/wp\/v2\/posts"}],"about":[{"href":"https:\/\/cdnoticias.com\/index.php\/wp-json\/wp\/v2\/types\/post"}],"author":[{"embeddable":true,"href":"https:\/\/cdnoticias.com\/index.php\/wp-json\/wp\/v2\/users\/4"}],"replies":[{"embeddable":true,"href":"https:\/\/cdnoticias.com\/index.php\/wp-json\/wp\/v2\/comments?post=93621"}],"version-history":[{"count":0,"href":"https:\/\/cdnoticias.com\/index.php\/wp-json\/wp\/v2\/posts\/93621\/revisions"}],"wp:featuredmedia":[{"embeddable":true,"href":"https:\/\/cdnoticias.com\/index.php\/wp-json\/wp\/v2\/media\/93623"}],"wp:attachment":[{"href":"https:\/\/cdnoticias.com\/index.php\/wp-json\/wp\/v2\/media?parent=93621"}],"wp:term":[{"taxonomy":"category","embeddable":true,"href":"https:\/\/cdnoticias.com\/index.php\/wp-json\/wp\/v2\/categories?post=93621"},{"taxonomy":"post_tag","embeddable":true,"href":"https:\/\/cdnoticias.com\/index.php\/wp-json\/wp\/v2\/tags?post=93621"}],"curies":[{"name":"wp","href":"https:\/\/api.w.org\/{rel}","templated":true}]}}