{"id":93599,"date":"2023-08-18T11:46:03","date_gmt":"2023-08-18T14:46:03","guid":{"rendered":"https:\/\/www.centraldenoticias.com.ar\/?p=93599"},"modified":"2023-08-18T11:46:03","modified_gmt":"2023-08-18T14:46:03","slug":"como-enfrentamos-a-milei-el-lema-del-debate-que-organiza-el-frente-de-izquierda","status":"publish","type":"post","link":"https:\/\/cdnoticias.com\/index.php\/2023\/08\/18\/como-enfrentamos-a-milei-el-lema-del-debate-que-organiza-el-frente-de-izquierda\/","title":{"rendered":"\u201c\u00bfC\u00f3mo enfrentamos a Milei?\u201d: el lema del debate que organiza el Frente de Izquierda"},"content":{"rendered":"<p>Ser\u00e1 en el programa de Twitch \u201cMano a Mano con Gabriel Solano\u201d, en donde tambi\u00e9n estar\u00e1 la candidata a Jefa de Gobierno por el FIT, Vanina Biasi.<!--more--><\/p>\n<hr \/>\n<p>\u201cEl d\u00eda viernes hacemos un Twitch\u201d, as\u00ed lo expreso el dirigente del <strong>Partido Obrero (FIT) Gabriel Solano<\/strong>. <strong>Lo acompa\u00f1ar\u00e1 Vanina Biasi, candidata a Jefa de Gobierno de la Ciudad de Buenos Aires, quien compiti\u00f3 en la interna del FIT con el candidato del PTS, Jorge Adaro.<\/strong><\/p>\n<p>&nbsp;<\/p>\n<p>Se trata de una nueva emisi\u00f3n del programa \u201cMano a Mano con Gabriel Solano\u201d en el que el dirigente nacional por el Partido Obrero abordar\u00e1 la consigna<strong> \u201cDespu\u00e9s de las PASO, \u00bfc\u00f3mo enfrentamos a Milei?\u201d<\/strong>. Tendr\u00e1 lugar este viernes a las 18 hs.<\/p>\n<p>&nbsp;<\/p>\n<blockquote><p>\u201cA partir de este an\u00e1lisis, nos preparamos para seguir la lucha\u201d manifestaron en sus redes sociales y medios de prensa.<\/p><\/blockquote>\n<p>&nbsp;<\/p>\n<p>Solano hizo un video en el canal YouTube del PO, en el que entre otras cosas convoca a los sindicatos a movilizarse <em>\u201ca enfrentar todas las pol\u00edticas del Fondo Monetario que lleva adelante este gobierno, y viene Milei a profundizar\u201d<\/em>.<\/p>\n<p>&nbsp;<\/p>\n<div class=\"jetpack-video-wrapper\"><iframe loading=\"lazy\" title=\"A d\u00f3nde va la Argentina luego del triunfo de Milei y la devaluaci\u00f3n de Massa y el FMI \/\/ Solano\" width=\"800\" height=\"450\" src=\"https:\/\/www.youtube.com\/embed\/gychjBElQME?feature=oembed\" frameborder=\"0\" allow=\"accelerometer; autoplay; clipboard-write; encrypted-media; gyroscope; picture-in-picture; web-share\" allowfullscreen><\/iframe><\/div>\n<p>&nbsp;<\/p>\n<p>En la misma l\u00ednea, afirm\u00f3 que el candidato por<strong> La Libertad Avanza<\/strong> <strong>\u201cgana como resultado de un repudio a un r\u00e9gimen pol\u00edtico y de los partidos que han gobernado durante d\u00e9cadas y nos han llevado a esta situaci\u00f3n\u201d<\/strong>.<\/p>\n<p>&nbsp;<\/p>\n<p>Adem\u00e1s, habl\u00f3 sobre la derrota de su espacio en las PASO: <strong>\u201cVamos a llamar a votar por Bregman, como corresponde\u201d<\/strong>. Desde el sector tambi\u00e9n organizan una charla p\u00fablica en la Facultad de Ciencias Sociales de la UBA prevista para el jueves 24 de agosto.<\/p>\n","protected":false},"excerpt":{"rendered":"<p>Ser\u00e1 en el programa de Twitch \u201cMano a Mano con Gabriel Solano\u201d, en donde tambi\u00e9n estar\u00e1 la candidata a Jefa<\/p>\n","protected":false},"author":2,"featured_media":93604,"comment_status":"closed","ping_status":"closed","sticky":false,"template":"","format":"standard","meta":{"_jetpack_memberships_contains_paid_content":false,"footnotes":""},"categories":[4,1],"tags":[],"class_list":["post-93599","post","type-post","status-publish","format-standard","has-post-thumbnail","hentry","category-politica","category-portada"],"jetpack_featured_media_url":"https:\/\/i0.wp.com\/cdnoticias.com\/wp-content\/uploads\/2023\/08\/FIT-solano.jpg?fit=700%2C390&ssl=1","jetpack_sharing_enabled":true,"_links":{"self":[{"href":"https:\/\/cdnoticias.com\/index.php\/wp-json\/wp\/v2\/posts\/93599","targetHints":{"allow":["GET"]}}],"collection":[{"href":"https:\/\/cdnoticias.com\/index.php\/wp-json\/wp\/v2\/posts"}],"about":[{"href":"https:\/\/cdnoticias.com\/index.php\/wp-json\/wp\/v2\/types\/post"}],"author":[{"embeddable":true,"href":"https:\/\/cdnoticias.com\/index.php\/wp-json\/wp\/v2\/users\/2"}],"replies":[{"embeddable":true,"href":"https:\/\/cdnoticias.com\/index.php\/wp-json\/wp\/v2\/comments?post=93599"}],"version-history":[{"count":0,"href":"https:\/\/cdnoticias.com\/index.php\/wp-json\/wp\/v2\/posts\/93599\/revisions"}],"wp:featuredmedia":[{"embeddable":true,"href":"https:\/\/cdnoticias.com\/index.php\/wp-json\/wp\/v2\/media\/93604"}],"wp:attachment":[{"href":"https:\/\/cdnoticias.com\/index.php\/wp-json\/wp\/v2\/media?parent=93599"}],"wp:term":[{"taxonomy":"category","embeddable":true,"href":"https:\/\/cdnoticias.com\/index.php\/wp-json\/wp\/v2\/categories?post=93599"},{"taxonomy":"post_tag","embeddable":true,"href":"https:\/\/cdnoticias.com\/index.php\/wp-json\/wp\/v2\/tags?post=93599"}],"curies":[{"name":"wp","href":"https:\/\/api.w.org\/{rel}","templated":true}]}}