{"id":93582,"date":"2023-08-18T08:30:30","date_gmt":"2023-08-18T11:30:30","guid":{"rendered":"https:\/\/www.centraldenoticias.com.ar\/?p=93582"},"modified":"2023-08-18T08:30:30","modified_gmt":"2023-08-18T11:30:30","slug":"robo-una-escalera-de-una-camioneta-y-fue-aprehendido","status":"publish","type":"post","link":"https:\/\/cdnoticias.com\/index.php\/2023\/08\/18\/robo-una-escalera-de-una-camioneta-y-fue-aprehendido\/","title":{"rendered":"Rob\u00f3 una escalera de una camioneta y fue aprehendido"},"content":{"rendered":"<p>El joven de 18 a\u00f1os la sustrajo del interior del veh\u00edculo. Estaba acompa\u00f1ado de otra persona que se dio a la fuga.<!--more--><\/p>\n<hr \/>\n<p>Durante la jornada del jueves, un joven de 18 a\u00f1os fue aprehendido en Aguilar y Calle 14 tras robar <strong>una escalera de aluminio plegable del interior de una camioneta<\/strong> Fiat Fiorino.<\/p>\n<p>&nbsp;<\/p>\n<p>Seg\u00fan se detall\u00f3, el joven estaba acompa\u00f1ado de <strong>otra persona que se dio a la fuga.<\/strong><\/p>\n<p>&nbsp;<\/p>\n<p>Fue aprehendido por efectivos del Comando de Patrullas y trasladado a la comisar\u00eda Segunda. La causa est\u00e1 caratulada como <strong>\u201churto infraganti delito\u201d<\/strong> a cargo de la UFI N\u00b07.<\/p>\n","protected":false},"excerpt":{"rendered":"<p>El joven de 18 a\u00f1os la sustrajo del interior del veh\u00edculo. Estaba acompa\u00f1ado de otra persona que se dio a<\/p>\n","protected":false},"author":5,"featured_media":93583,"comment_status":"closed","ping_status":"closed","sticky":false,"template":"","format":"standard","meta":{"_jetpack_memberships_contains_paid_content":false,"footnotes":""},"categories":[14,1],"tags":[],"class_list":["post-93582","post","type-post","status-publish","format-standard","has-post-thumbnail","hentry","category-policiales","category-portada"],"jetpack_featured_media_url":"https:\/\/i0.wp.com\/cdnoticias.com\/wp-content\/uploads\/2023\/08\/aprehendido-escalera-01.jpg?fit=800%2C445&ssl=1","jetpack_sharing_enabled":true,"_links":{"self":[{"href":"https:\/\/cdnoticias.com\/index.php\/wp-json\/wp\/v2\/posts\/93582","targetHints":{"allow":["GET"]}}],"collection":[{"href":"https:\/\/cdnoticias.com\/index.php\/wp-json\/wp\/v2\/posts"}],"about":[{"href":"https:\/\/cdnoticias.com\/index.php\/wp-json\/wp\/v2\/types\/post"}],"author":[{"embeddable":true,"href":"https:\/\/cdnoticias.com\/index.php\/wp-json\/wp\/v2\/users\/5"}],"replies":[{"embeddable":true,"href":"https:\/\/cdnoticias.com\/index.php\/wp-json\/wp\/v2\/comments?post=93582"}],"version-history":[{"count":0,"href":"https:\/\/cdnoticias.com\/index.php\/wp-json\/wp\/v2\/posts\/93582\/revisions"}],"wp:featuredmedia":[{"embeddable":true,"href":"https:\/\/cdnoticias.com\/index.php\/wp-json\/wp\/v2\/media\/93583"}],"wp:attachment":[{"href":"https:\/\/cdnoticias.com\/index.php\/wp-json\/wp\/v2\/media?parent=93582"}],"wp:term":[{"taxonomy":"category","embeddable":true,"href":"https:\/\/cdnoticias.com\/index.php\/wp-json\/wp\/v2\/categories?post=93582"},{"taxonomy":"post_tag","embeddable":true,"href":"https:\/\/cdnoticias.com\/index.php\/wp-json\/wp\/v2\/tags?post=93582"}],"curies":[{"name":"wp","href":"https:\/\/api.w.org\/{rel}","templated":true}]}}