{"id":9358,"date":"2020-12-19T09:49:34","date_gmt":"2020-12-19T12:49:34","guid":{"rendered":"http:\/\/www.centraldenoticias.com.ar\/?p=9358"},"modified":"2020-12-19T15:04:23","modified_gmt":"2020-12-19T18:04:23","slug":"representantes-de-aoma-se-reunieron-con-maximo-kirchner","status":"publish","type":"post","link":"https:\/\/cdnoticias.com\/index.php\/2020\/12\/19\/representantes-de-aoma-se-reunieron-con-maximo-kirchner\/","title":{"rendered":"Representantes de AOMA se reunieron con M\u00e1ximo Kirchner"},"content":{"rendered":"<p>La charla gir\u00f3 en torno al conflicto que mantuvo el sindicato con la empresa Loma Negra, y se avanz\u00f3 sobre la reactivaci\u00f3n de la producci\u00f3n de cemento.<!--more--><\/p>\n<hr \/>\n<p>Luego de la resoluci\u00f3n del conflicto laboral entre la empresa cementera Loma Negra y los trabajadores, <strong>dirigentes locales del sindicato de AOMA se reunieron con el jefe de bloque de diputados del \u201cFrente de Todos\u201d, M\u00e1ximo Kirchner<\/strong>. El encuentro se realiz\u00f3 el mi\u00e9rcoles en el Congreso de la Naci\u00f3n, organizado por el subsecretario de Miner\u00eda de la provincia, Federico Aguilera, y el diputado provincial C\u00e9sar Valicenti.<\/p>\n<p>Seg\u00fan se inform\u00f3 desde el Frente de Todos de Olavarr\u00eda, durante la reuni\u00f3n<strong> dialogaron sobre la producci\u00f3n cementera en la regi\u00f3n<\/strong> y la importancia del <strong>acuerdo para que los trabajadores de la empresa Minerar \u2013 Loma Negra sean reconocidos dentro del \u201cconvenio de Cemento\u201d<\/strong>.<\/p>\n<p>Se resolvi\u00f3 \u201cde esta manera un conflicto de larga data, que se profundiz\u00f3 a partir del mes de octubre y que lleg\u00f3 a paralizar la producci\u00f3n de cemento durante 11 d\u00edas. Al mismo tiempo, <strong>compartieron indicadores sobre las proyecciones de la obra p\u00fablica y la construcci\u00f3n privada como motor de la reactivaci\u00f3n econ\u00f3mica<\/strong>, con la importancia de profundizar el di\u00e1logo continuo entre el Estado, el gremio y las empresas del sector\u201d se indic\u00f3 a trav\u00e9s de un comunicado.<\/p>\n<blockquote><p>El secretario general de AOMA Olavarr\u00eda, Alejandro Santill\u00e1n, expres\u00f3 su satisfacci\u00f3n por el encuentro con el diputado nacional y remarc\u00f3 que \u201ces impresionante el conocimiento que tiene M\u00e1ximo Kirchner sobre las problem\u00e1ticas y los desaf\u00edos de la ciudad de Olavarr\u00eda y la regi\u00f3n\u201d.<\/p><\/blockquote>\n<p>\u201c<strong>Pudimos hablar con la confianza entre compa\u00f1eros que son parte de un gobierno que cuida a los trabajadores<\/strong>. A partir de esa posici\u00f3n y la gesti\u00f3n de H\u00e9ctor Laplace (secretario nacional de AOMA) se pudo resolver un conflicto como el que tuvimos en las \u00faltimas semanas pero que se viene arrastrando desde hace a\u00f1os donde Loma Negra no reconoc\u00eda a sus empleados de Minerar como trabajadores enmarcados en el convenio del cemento\u201d, manifest\u00f3 Santillan sobre la reuni\u00f3n con el diputado M\u00e1ximo Kirchner.<\/p>\n<p>Durante el encuentro, <strong>se remarc\u00f3 el rol del Estado tanto desde el gobierno nacional y de la Provincia para colaborar con las negociaciones entre la empresa y el gremio<\/strong>. \u201cDesde el primer momento, el subsecretario de Miner\u00eda, Federico Aguilera, estuvo preocupado y ocupado sobre este conflicto, planteando el di\u00e1logo con el objetivo de reconocer a los trabajadores y que la planta vuelva a producir\u201d asegur\u00f3 el titular local de AOMA.<\/p>\n<blockquote><p>\u201cDesde que Federico Aguilera asumi\u00f3 responsabilidades en la Subsecretar\u00eda de Miner\u00eda de la provincia pudimos trabajar en conjunto cada una de las problem\u00e1ticas que tenemos en el sector y a los trabajadores se nos abrieron muchas puertas para empezar a resolver temas que desde hac\u00eda tiempo no nos escuchaban\u201d consider\u00f3 Santill\u00e1n en el marco de la reuni\u00f3n en la que estuvo acompa\u00f1ado por el tesorero de AOMA, Bruno D\u00b4Amico, y el secretario administrativo del gremio, Emmanuel Enrique.<\/p><\/blockquote>\n<p>En ese sentido, los dirigentes gremiales consideraron que \u201cpudieron transmitirle a M\u00e1ximo Kirchner las <strong>`inquietudes\u00b4 sobre la puesta en marcha de L\u00b4Amal\u00ed II<\/strong> y se abord\u00f3 el encuadramiento laboral en la planta L\u00b4Amal\u00ed I\u201d. Santill\u00e1n expres\u00f3 que all\u00ed \u201chay much\u00edsimo trabajadores que est\u00e1n siendo perjudicados\u201d.<\/p>\n<p>Se inform\u00f3 que tambi\u00e9n \u201cse dialog\u00f3 sobre la necesidad de avanzar en las<strong> viviendas del barrio AOMA<\/strong> que se encuentran paralizadas desde la gesti\u00f3n anterior y se\u00f1alaron como responsable al intendente Ezequiel Galli\u201d.<\/p>\n<p>Tanto desde AOMA como del sector de M\u00e1ximo Kirchner coincidieron en la mirada sobre la situaci\u00f3n de la producci\u00f3n de la <strong>industria cementera<\/strong>. \u201cEl sector viene muy golpeado desde hace dos a\u00f1os donde se prioriz\u00f3 mantener las fuentes de trabajo, en los \u00faltimos meses la actividad se recompuso y <strong>est\u00e1 batiendo nuevos r\u00e9cords en cuanto a los despachos de cemento<\/strong> y los trabajadores est\u00e1n cumpliendo un rol fundamental en el aumento de la productividad para las empresas\u201d, se determin\u00f3 durante el encuentro.<\/p>\n<p>\u201cEste nuevo r\u00e9cord de la actividad se debe a pol\u00edticas de un Estado que plantea la reindustrializaci\u00f3n del pa\u00eds, pone en valor a la mano de obra de los trabajadores y plantea un crecimiento de la construcci\u00f3n donde nuestro sector es uno de los actores principales porque somos el primer eslab\u00f3n de esa cadena\u201d, consider\u00f3 Santill\u00e1n.<\/p>\n<p>En relaci\u00f3n a los indicadores que expresan el repunte de los niveles de actividad, durante la reuni\u00f3n<strong> se analizaron informes acercados por el subsecretario de Miner\u00eda de la provincia, Federico Aguilera<\/strong>, donde se evidencia el crecimiento de la actividad cementera en Olavarr\u00eda luego de la pandemia.<\/p>\n<p>\u201cEn el mes de abril los despachos de cemento cayeron a 136 mil toneladas pero ya en los meses de agosto, septiembre y octubre, <strong>en Olavarr\u00eda se registraron niveles r\u00e9cord alcanzando las 471 mil toneladas<\/strong> de cemento despachadas en un mes, lo que presenta un 45 por ciento de la producci\u00f3n de todo el pa\u00eds\u201d, plantearon durante el encuentro entre los representantes de AOMA y el diputado nacional M\u00e1ximo Kirchner.<\/p>\n","protected":false},"excerpt":{"rendered":"<p>La charla gir\u00f3 en torno al conflicto que mantuvo el sindicato con la empresa Loma Negra, y se avanz\u00f3 sobre<\/p>\n","protected":false},"author":4,"featured_media":9359,"comment_status":"closed","ping_status":"closed","sticky":false,"template":"","format":"standard","meta":{"_jetpack_memberships_contains_paid_content":false,"footnotes":""},"categories":[4,1],"tags":[],"class_list":["post-9358","post","type-post","status-publish","format-standard","has-post-thumbnail","hentry","category-politica","category-portada"],"jetpack_featured_media_url":"https:\/\/i0.wp.com\/cdnoticias.com\/wp-content\/uploads\/2020\/12\/aoma-con-maximo-kirchner.jpeg?fit=1154%2C603&ssl=1","jetpack_sharing_enabled":true,"_links":{"self":[{"href":"https:\/\/cdnoticias.com\/index.php\/wp-json\/wp\/v2\/posts\/9358","targetHints":{"allow":["GET"]}}],"collection":[{"href":"https:\/\/cdnoticias.com\/index.php\/wp-json\/wp\/v2\/posts"}],"about":[{"href":"https:\/\/cdnoticias.com\/index.php\/wp-json\/wp\/v2\/types\/post"}],"author":[{"embeddable":true,"href":"https:\/\/cdnoticias.com\/index.php\/wp-json\/wp\/v2\/users\/4"}],"replies":[{"embeddable":true,"href":"https:\/\/cdnoticias.com\/index.php\/wp-json\/wp\/v2\/comments?post=9358"}],"version-history":[{"count":0,"href":"https:\/\/cdnoticias.com\/index.php\/wp-json\/wp\/v2\/posts\/9358\/revisions"}],"wp:featuredmedia":[{"embeddable":true,"href":"https:\/\/cdnoticias.com\/index.php\/wp-json\/wp\/v2\/media\/9359"}],"wp:attachment":[{"href":"https:\/\/cdnoticias.com\/index.php\/wp-json\/wp\/v2\/media?parent=9358"}],"wp:term":[{"taxonomy":"category","embeddable":true,"href":"https:\/\/cdnoticias.com\/index.php\/wp-json\/wp\/v2\/categories?post=9358"},{"taxonomy":"post_tag","embeddable":true,"href":"https:\/\/cdnoticias.com\/index.php\/wp-json\/wp\/v2\/tags?post=9358"}],"curies":[{"name":"wp","href":"https:\/\/api.w.org\/{rel}","templated":true}]}}