{"id":93556,"date":"2023-08-17T18:17:03","date_gmt":"2023-08-17T21:17:03","guid":{"rendered":"https:\/\/www.centraldenoticias.com.ar\/?p=93556"},"modified":"2023-08-17T18:17:03","modified_gmt":"2023-08-17T21:17:03","slug":"se-realizo-el-acto-conmemorativo-por-el-fallecimiento-de-san-martin","status":"publish","type":"post","link":"https:\/\/cdnoticias.com\/index.php\/2023\/08\/17\/se-realizo-el-acto-conmemorativo-por-el-fallecimiento-de-san-martin\/","title":{"rendered":"Se realiz\u00f3 el acto conmemorativo por el fallecimiento de San Mart\u00edn"},"content":{"rendered":"<p>Fue este jueves por la tarde y estuvo encabezado por el Secretario de Salud Municipal Germ\u00e1n Caputo.<!--more--><\/p>\n<hr \/>\n<p>Este jueves por la tarde, se realiz\u00f3 el acto por el<strong> 173 aniversario del fallecimiento del General Jos\u00e9 de San Mart\u00edn.<\/strong> Estuvo encabezado por el Secretario de Salud Municipal, <strong>Germ\u00e1n Caputo.<\/strong><\/p>\n<p>&nbsp;<\/p>\n<p>La ceremonia, que tuvo lugar en el Parque del Bicentenario \u201cSenador O. Lara\u201d al pie del monumento del Padre de la Patria, cont\u00f3 adem\u00e1s con la presencia del Secretario de Desarrollo Humano y Calidad de Vida Diego Robbiani, el Secretario de Desarrollo Econ\u00f3mico Julio Valetutto, la Secretaria de Econom\u00eda y Hacienda Eugenia Bezzoni, la presidente del HCD Cecilia Krivochen, el presidente del Consejo Escolar Bruno Di Carlo, concejales y autoridades municipales.<\/p>\n<p>&nbsp;<\/p>\n<p>El acto comenz\u00f3 con la entonaci\u00f3n de las estrofas del Himno Nacional Argentino, posteriormente se realiz\u00f3 la colocaci\u00f3n de ofrendas florales al pie del monumento al Padre de la Patria y finaliz\u00f3 con la entonaci\u00f3n de la Marcha de San Lorenzo.<\/p>\n<p>&nbsp;<\/p>\n","protected":false},"excerpt":{"rendered":"<p>Fue este jueves por la tarde y estuvo encabezado por el Secretario de Salud Municipal Germ\u00e1n Caputo.<\/p>\n","protected":false},"author":6,"featured_media":93558,"comment_status":"closed","ping_status":"closed","sticky":false,"template":"","format":"standard","meta":{"_jetpack_memberships_contains_paid_content":false,"footnotes":""},"categories":[5,1],"tags":[],"class_list":["post-93556","post","type-post","status-publish","format-standard","has-post-thumbnail","hentry","category-informacion-general","category-portada"],"jetpack_featured_media_url":"https:\/\/i0.wp.com\/cdnoticias.com\/wp-content\/uploads\/2023\/08\/sanmartin-1024x682-1.jpg?fit=1024%2C682&ssl=1","jetpack_sharing_enabled":true,"_links":{"self":[{"href":"https:\/\/cdnoticias.com\/index.php\/wp-json\/wp\/v2\/posts\/93556","targetHints":{"allow":["GET"]}}],"collection":[{"href":"https:\/\/cdnoticias.com\/index.php\/wp-json\/wp\/v2\/posts"}],"about":[{"href":"https:\/\/cdnoticias.com\/index.php\/wp-json\/wp\/v2\/types\/post"}],"author":[{"embeddable":true,"href":"https:\/\/cdnoticias.com\/index.php\/wp-json\/wp\/v2\/users\/6"}],"replies":[{"embeddable":true,"href":"https:\/\/cdnoticias.com\/index.php\/wp-json\/wp\/v2\/comments?post=93556"}],"version-history":[{"count":0,"href":"https:\/\/cdnoticias.com\/index.php\/wp-json\/wp\/v2\/posts\/93556\/revisions"}],"wp:featuredmedia":[{"embeddable":true,"href":"https:\/\/cdnoticias.com\/index.php\/wp-json\/wp\/v2\/media\/93558"}],"wp:attachment":[{"href":"https:\/\/cdnoticias.com\/index.php\/wp-json\/wp\/v2\/media?parent=93556"}],"wp:term":[{"taxonomy":"category","embeddable":true,"href":"https:\/\/cdnoticias.com\/index.php\/wp-json\/wp\/v2\/categories?post=93556"},{"taxonomy":"post_tag","embeddable":true,"href":"https:\/\/cdnoticias.com\/index.php\/wp-json\/wp\/v2\/tags?post=93556"}],"curies":[{"name":"wp","href":"https:\/\/api.w.org\/{rel}","templated":true}]}}