{"id":93522,"date":"2023-08-17T09:49:22","date_gmt":"2023-08-17T12:49:22","guid":{"rendered":"https:\/\/www.centraldenoticias.com.ar\/?p=93522"},"modified":"2023-08-17T09:50:40","modified_gmt":"2023-08-17T12:50:40","slug":"detenido-por-abuso-sexual","status":"publish","type":"post","link":"https:\/\/cdnoticias.com\/index.php\/2023\/08\/17\/detenido-por-abuso-sexual\/","title":{"rendered":"Detenido por abuso sexual"},"content":{"rendered":"<p>Un hombre de 55 a\u00f1os qued\u00f3 detenido en Sierras Bayas, donde se domicilia. Personal de la Subcomisar\u00eda llev\u00f3 a cabo un operativo encubierto para el arresto.<\/p>\n<p><!--more--><\/p>\n<hr \/>\n<p>Un <strong>hombre de Sierras Bayas<\/strong> fue detenido en la localidad acusado por<strong> \u201cabuso sexual con acceso carnal\u201d.<\/strong><\/p>\n<p>&nbsp;<\/p>\n<p>Intervino el <strong>personal de la Subcomisar\u00eda<\/strong> que llev\u00f3 a cabo un <strong>operativo encubierto<\/strong> para lograr el arresto del imputado durante el martes.<\/p>\n<p>&nbsp;<\/p>\n<p>Se trata de <strong>Carlos Alberto Niz, de 55 a\u00f1os<\/strong>, quien est\u00e1 acusado en una <strong>causa penal iniciada en 2021<\/strong> y que tramita en la <strong>UFI N\u00ba 4 de Olavarr\u00eda<\/strong> a cargo de la fiscal Mar\u00eda Paula Serrano.<\/p>\n<p>&nbsp;<\/p>\n","protected":false},"excerpt":{"rendered":"<p>Un hombre de 55 a\u00f1os qued\u00f3 detenido en Sierras Bayas, donde se domicilia. Personal de la Subcomisar\u00eda llev\u00f3 a cabo<\/p>\n","protected":false},"author":4,"featured_media":93523,"comment_status":"closed","ping_status":"closed","sticky":false,"template":"","format":"standard","meta":{"_jetpack_memberships_contains_paid_content":false,"footnotes":""},"categories":[14,1],"tags":[],"class_list":["post-93522","post","type-post","status-publish","format-standard","has-post-thumbnail","hentry","category-policiales","category-portada"],"jetpack_featured_media_url":"https:\/\/i0.wp.com\/cdnoticias.com\/wp-content\/uploads\/2023\/08\/detenido-carlos-alberto-niz.jpg?fit=800%2C445&ssl=1","jetpack_sharing_enabled":true,"_links":{"self":[{"href":"https:\/\/cdnoticias.com\/index.php\/wp-json\/wp\/v2\/posts\/93522","targetHints":{"allow":["GET"]}}],"collection":[{"href":"https:\/\/cdnoticias.com\/index.php\/wp-json\/wp\/v2\/posts"}],"about":[{"href":"https:\/\/cdnoticias.com\/index.php\/wp-json\/wp\/v2\/types\/post"}],"author":[{"embeddable":true,"href":"https:\/\/cdnoticias.com\/index.php\/wp-json\/wp\/v2\/users\/4"}],"replies":[{"embeddable":true,"href":"https:\/\/cdnoticias.com\/index.php\/wp-json\/wp\/v2\/comments?post=93522"}],"version-history":[{"count":0,"href":"https:\/\/cdnoticias.com\/index.php\/wp-json\/wp\/v2\/posts\/93522\/revisions"}],"wp:featuredmedia":[{"embeddable":true,"href":"https:\/\/cdnoticias.com\/index.php\/wp-json\/wp\/v2\/media\/93523"}],"wp:attachment":[{"href":"https:\/\/cdnoticias.com\/index.php\/wp-json\/wp\/v2\/media?parent=93522"}],"wp:term":[{"taxonomy":"category","embeddable":true,"href":"https:\/\/cdnoticias.com\/index.php\/wp-json\/wp\/v2\/categories?post=93522"},{"taxonomy":"post_tag","embeddable":true,"href":"https:\/\/cdnoticias.com\/index.php\/wp-json\/wp\/v2\/tags?post=93522"}],"curies":[{"name":"wp","href":"https:\/\/api.w.org\/{rel}","templated":true}]}}