{"id":93497,"date":"2023-08-16T19:20:19","date_gmt":"2023-08-16T22:20:19","guid":{"rendered":"https:\/\/www.centraldenoticias.com.ar\/?p=93497"},"modified":"2023-08-16T19:20:19","modified_gmt":"2023-08-16T22:20:19","slug":"olavarria-al-frente-realizo-un-agradecimiento-tras-las-paso","status":"publish","type":"post","link":"https:\/\/cdnoticias.com\/index.php\/2023\/08\/16\/olavarria-al-frente-realizo-un-agradecimiento-tras-las-paso\/","title":{"rendered":"Olavarr\u00eda al Frente realiz\u00f3 un agradecimiento tras las PASO"},"content":{"rendered":"<p>El espacio que llev\u00f3 adelante la precandidatura de Hern\u00e1n Parra dej\u00f3 en claro que buscar\u00e1n aportar \u201cpara que Uni\u00f3n por la Patria gobierne el Municipio de Olavarr\u00eda, la Provincia y la Naci\u00f3n\u201d.<!--more--><\/p>\n<hr \/>\n<p>Este mi\u00e9rcoles,<strong> la agrupaci\u00f3n Olavarr\u00eda al Frente emiti\u00f3 un comunicado de agradecimiento luego de la campa\u00f1a llevada adelante para postular a Hern\u00e1n Parra como precandidato a Intendente.<\/strong><\/p>\n<p>&nbsp;<\/p>\n<p>En primera instancia, agradecieron <em>\u201ca los vecinos y vecinas que acompa\u00f1aron la propuesta y depositaron su confianza en esta agrupaci\u00f3n\u201d.<\/em><\/p>\n<p>&nbsp;<\/p>\n<blockquote><p>Tambi\u00e9n \u201ca la militancia que trabaj\u00f3 incansablemente, dedicando horas de su d\u00eda a una causa y un ideal que sigue vivo\u201d.<\/p><\/blockquote>\n<p>&nbsp;<\/p>\n<p><strong>Felicitaron a Maximiliano Wesner por el triunfo en la interna<\/strong> y valoraron<em> \u201cel aporte realizado desde nuestro espacio para que Uni\u00f3n por la Patria sea la fuerza m\u00e1s votada en Olavarr\u00eda\u201d.<\/em><\/p>\n<p>&nbsp;<\/p>\n<p>Para cerrar, dejaron en claro que continuar\u00e1n trabajando<em> \u201cpara que Olavarr\u00eda tenga una mejor gesti\u00f3n, aportando para que Uni\u00f3n por la Patria gobierne el Municipio de Olavarr\u00eda, la Provincia y la Naci\u00f3n\u201d.<\/em><\/p>\n","protected":false},"excerpt":{"rendered":"<p>El espacio que llev\u00f3 adelante la precandidatura de Hern\u00e1n Parra dej\u00f3 en claro que buscar\u00e1n aportar \u201cpara que Uni\u00f3n por<\/p>\n","protected":false},"author":2,"featured_media":91480,"comment_status":"closed","ping_status":"closed","sticky":false,"template":"","format":"standard","meta":{"_jetpack_memberships_contains_paid_content":false,"footnotes":""},"categories":[4,1],"tags":[],"class_list":["post-93497","post","type-post","status-publish","format-standard","has-post-thumbnail","hentry","category-politica","category-portada"],"jetpack_featured_media_url":"https:\/\/i0.wp.com\/cdnoticias.com\/wp-content\/uploads\/2023\/07\/presentacion-propuestas-parra1.jpg?fit=1072%2C596&ssl=1","jetpack_sharing_enabled":true,"_links":{"self":[{"href":"https:\/\/cdnoticias.com\/index.php\/wp-json\/wp\/v2\/posts\/93497","targetHints":{"allow":["GET"]}}],"collection":[{"href":"https:\/\/cdnoticias.com\/index.php\/wp-json\/wp\/v2\/posts"}],"about":[{"href":"https:\/\/cdnoticias.com\/index.php\/wp-json\/wp\/v2\/types\/post"}],"author":[{"embeddable":true,"href":"https:\/\/cdnoticias.com\/index.php\/wp-json\/wp\/v2\/users\/2"}],"replies":[{"embeddable":true,"href":"https:\/\/cdnoticias.com\/index.php\/wp-json\/wp\/v2\/comments?post=93497"}],"version-history":[{"count":0,"href":"https:\/\/cdnoticias.com\/index.php\/wp-json\/wp\/v2\/posts\/93497\/revisions"}],"wp:featuredmedia":[{"embeddable":true,"href":"https:\/\/cdnoticias.com\/index.php\/wp-json\/wp\/v2\/media\/91480"}],"wp:attachment":[{"href":"https:\/\/cdnoticias.com\/index.php\/wp-json\/wp\/v2\/media?parent=93497"}],"wp:term":[{"taxonomy":"category","embeddable":true,"href":"https:\/\/cdnoticias.com\/index.php\/wp-json\/wp\/v2\/categories?post=93497"},{"taxonomy":"post_tag","embeddable":true,"href":"https:\/\/cdnoticias.com\/index.php\/wp-json\/wp\/v2\/tags?post=93497"}],"curies":[{"name":"wp","href":"https:\/\/api.w.org\/{rel}","templated":true}]}}