{"id":9349,"date":"2020-12-18T20:35:09","date_gmt":"2020-12-18T23:35:09","guid":{"rendered":"http:\/\/www.centraldenoticias.com.ar\/?p=9349"},"modified":"2020-12-18T20:35:09","modified_gmt":"2020-12-18T23:35:09","slug":"la-politica-dentro-del-disenso-tambien-se-genera-el-crecimiento-del-espacio","status":"publish","type":"post","link":"https:\/\/cdnoticias.com\/index.php\/2020\/12\/18\/la-politica-dentro-del-disenso-tambien-se-genera-el-crecimiento-del-espacio\/","title":{"rendered":"La pol\u00edtica: \u201cdentro del disenso tambi\u00e9n se genera el crecimiento del espacio\u201d"},"content":{"rendered":"<p>Ezequiel Galli se catalog\u00f3 como \u201cmoderado\u201d dentro de los movimientos internos de Juntos por el Cambio. Se mostr\u00f3 como l\u00edder de la S\u00e9ptima Secci\u00f3n, opin\u00f3 sobre la interna del radicalismo y de cara al futuro \u201ces muy dif\u00edcil verme fuera de la pol\u00edtica, pero tambi\u00e9n en alg\u00fan momento uno tiene que hacer un corte y pensar en lo que viene despu\u00e9s\u201d.<!--more--><\/p>\n<hr \/>\n<p>Tambi\u00e9n hubo momento para la pol\u00edtica partidaria: <strong>Ezequiel Galli juega en pol\u00edtica, se mueve dentro de Juntos por el Cambio y se posiciona como \u201cl\u00edder\u201d de la S\u00e9ptima Secci\u00f3n.<\/strong> Incluso, se esperanz\u00f3 m\u00e1s en renovar las tres bancas de la legislatura bonaerense que en la lucha local. Se mostr\u00f3 confiado, opin\u00f3 sobre la interna radical y tambi\u00e9n pronostic\u00f3 obras para el 2021 olavarriense.<\/p>\n<p>&nbsp;<\/p>\n<p><strong>-\u00bfC\u00f3mo se ve dentro de Juntos por el Cambio, dentro del Pro? \u00bfD\u00f3nde se siente m\u00e1s c\u00f3modo?<\/strong><\/p>\n<p>&nbsp;<\/p>\n<p>-A m\u00ed me parece sano que haya variables. En los espacios pol\u00edticos no todos tienen que pensar igual y cada uno puede tener libertad de pensamiento y de discurso. Hoy soy parte de la mesa provincial del PRO, una mesa que est\u00e1 integrada por los intendentes de las cabeceras, por diputados nacionales, senadores nacionales y senadores provinciales.<\/p>\n<p>&nbsp;<\/p>\n<p><strong>-\u00bfEn qu\u00e9 consiste el grupo Dorrego?<\/strong><\/p>\n<p>&nbsp;<\/p>\n<p>-Se fue armando durante la pandemia y todos tenemos la misma expectativa para lo que viene. Yo soy parte del Pro, nac\u00ed en el Pro y voy a seguir siendo parte del Pro. Y de esa manera, sumar para que juntos por el cambio siga unido como lo ha hecho hasta ahora, que es algo in\u00e9dito y es algo que celebramos. Despu\u00e9s, cuando hablan de halcones y palomas, de duros y moderados, la verdad que yo siempre fui de un discurso moderado, de tratar de buscar el di\u00e1logo y el consenso y ser una oposici\u00f3n responsable, y no por eso voy a estar en desacuerdo con lo que plantea uno u otro dentro del espacio.<\/p>\n<p>&nbsp;<\/p>\n<p><img data-recalc-dims=\"1\" loading=\"lazy\" decoding=\"async\" class=\"alignnone size-large wp-image-9344\" src=\"https:\/\/i0.wp.com\/cdnoticias.com\/wp-content\/uploads\/2020\/12\/Ezequiel-Galli-Entrevista4-1024x684.jpg?resize=800%2C534&#038;ssl=1\" alt=\"\" width=\"800\" height=\"534\" srcset=\"https:\/\/i0.wp.com\/cdnoticias.com\/wp-content\/uploads\/2020\/12\/Ezequiel-Galli-Entrevista4.jpg?resize=1024%2C684&amp;ssl=1 1024w, https:\/\/i0.wp.com\/cdnoticias.com\/wp-content\/uploads\/2020\/12\/Ezequiel-Galli-Entrevista4.jpg?resize=300%2C200&amp;ssl=1 300w, https:\/\/i0.wp.com\/cdnoticias.com\/wp-content\/uploads\/2020\/12\/Ezequiel-Galli-Entrevista4.jpg?resize=768%2C513&amp;ssl=1 768w, https:\/\/i0.wp.com\/cdnoticias.com\/wp-content\/uploads\/2020\/12\/Ezequiel-Galli-Entrevista4.jpg?resize=272%2C182&amp;ssl=1 272w, https:\/\/i0.wp.com\/cdnoticias.com\/wp-content\/uploads\/2020\/12\/Ezequiel-Galli-Entrevista4.jpg?w=1280&amp;ssl=1 1280w\" sizes=\"auto, (max-width: 800px) 100vw, 800px\" \/><\/p>\n<p>&nbsp;<\/p>\n<p><strong>-\u00bfC\u00f3mo es el trabajo en esa diferencia? Aparece Mauricio y Jorge Macri, Mar\u00eda Eugenia Vidal, Horacio Rodr\u00edguez Larreta\u2026<\/strong><\/p>\n<p>&nbsp;<\/p>\n<p>-Lo que plantee cualquier dirigente me parece que es para respetarlo y es para que a uno lo respeten tambi\u00e9n. Dentro del disenso tambi\u00e9n se genera el crecimiento del espacio. Si todos pensar\u00edamos lo mismo, \u00bfc\u00f3mo haces para abrirte a los espacios que tambi\u00e9n necesitas para sumar para poder ganar la elecci\u00f3n? Nuestra vocaci\u00f3n es volver al poder. Nosotros queremos volver a ser gobierno en el 2023. Para eso tenemos que ser amplios, y tener lugar para cada uno que quiera sumarse.<\/p>\n<p>&nbsp;<\/p>\n<p><strong>-\u00bfC\u00f3mo ve el escenario de las pr\u00f3ximas Elecciones Legislativas?<\/strong><\/p>\n<p>&nbsp;<\/p>\n<p>-Trabajamos permanentemente para seguir estando juntos y plantarnos ante un oficialismo que no sabemos c\u00f3mo va a llegar a las legislativas, pero creemos que tenemos una gran oportunidad y a m\u00ed me toca, como conductor de la Secci\u00f3n, trabajar para sostener esas tres bancas en el Senado que son claves a la hora de tener la mayor\u00eda. Mi meta es sostener los tres senadores y para eso voy a trabajar.<\/p>\n<p>&nbsp;<\/p>\n<p><strong>-\u00bfY para que haya un senador olavarriense?<\/strong><\/p>\n<p>&nbsp;<\/p>\n<p>Claramente. Siempre pele\u00e9 para eso y trabaj\u00e9 para eso. Yo soy nuevo en esto, arranqu\u00e9 hace muy poco tiempo a trabajar en pol\u00edtica y me tengo que ganar el lugar, y me lo voy ganando fuerza de votos. Haber ganado en 2015, 2017 y 2019, hoy seguramente tenga la posibilidad de levantar la mano y pedir por alguien de Olavarr\u00eda y eso es lo que voy a hacer. Despu\u00e9s el resultado se ver\u00e1 el pr\u00f3ximo a\u00f1o, pero para eso voy a trabajar claramente.<\/p>\n<p>&nbsp;<\/p>\n<p><strong>-\u00bfC\u00f3mo est\u00e1 su relaci\u00f3n con el radicalismo hoy?<\/strong><\/p>\n<p>&nbsp;<\/p>\n<p>-Hoy est\u00e1n fuera del bloque y la verdad que es parte de algo que realmente cuesta entender. Somos una coalici\u00f3n a nivel nacional, a nivel provincia seguimos juntos los 58 intendentes\u2026 estamos con expectativas de lo que pase en la interna, sabiendo que en lo local hay tres listas y que se diriman internamente me parece lo m\u00e1s sano. Y despu\u00e9s a ra\u00edz del resultado de esa elecci\u00f3n ver como sucede. Hoy el \u00fanico radical que est\u00e1 trabajando codo a codo con nosotros es Leandro Lanceta, de los que est\u00e1n en las listas que est\u00e1n en danza. Despu\u00e9s, por el resto, siempre estamos tratando de encontrar el punto de di\u00e1logo, a veces es m\u00e1s dif\u00edcil, a veces es m\u00e1s f\u00e1cil, pero bueno es cuesti\u00f3n de ver qu\u00e9 sucede. Con expectativas porque son parte de nuestra coalici\u00f3n y estamos esperando a ver qu\u00e9 sucede.<\/p>\n<p>&nbsp;<\/p>\n<p><img data-recalc-dims=\"1\" loading=\"lazy\" decoding=\"async\" class=\"alignnone size-large wp-image-9343\" src=\"https:\/\/i0.wp.com\/cdnoticias.com\/wp-content\/uploads\/2020\/12\/Ezequiel-Galli-Entrevista3-1024x684.jpg?resize=800%2C534&#038;ssl=1\" alt=\"\" width=\"800\" height=\"534\" srcset=\"https:\/\/i0.wp.com\/cdnoticias.com\/wp-content\/uploads\/2020\/12\/Ezequiel-Galli-Entrevista3.jpg?resize=1024%2C684&amp;ssl=1 1024w, https:\/\/i0.wp.com\/cdnoticias.com\/wp-content\/uploads\/2020\/12\/Ezequiel-Galli-Entrevista3.jpg?resize=300%2C200&amp;ssl=1 300w, https:\/\/i0.wp.com\/cdnoticias.com\/wp-content\/uploads\/2020\/12\/Ezequiel-Galli-Entrevista3.jpg?resize=768%2C513&amp;ssl=1 768w, https:\/\/i0.wp.com\/cdnoticias.com\/wp-content\/uploads\/2020\/12\/Ezequiel-Galli-Entrevista3.jpg?resize=272%2C182&amp;ssl=1 272w, https:\/\/i0.wp.com\/cdnoticias.com\/wp-content\/uploads\/2020\/12\/Ezequiel-Galli-Entrevista3.jpg?w=1280&amp;ssl=1 1280w\" sizes=\"auto, (max-width: 800px) 100vw, 800px\" \/><\/p>\n<p>&nbsp;<\/p>\n<p><strong>-En 2023 puede pasar cualquier cosa, pero la consulta apunta a lo personal: \u00bfvamos a seguir viendo a Ezequiel Galli en la pol\u00edtica?<\/strong><\/p>\n<p>&nbsp;<\/p>\n<p>-Es muy apasionante la pol\u00edtica, es muy dif\u00edcil verme fuera de la pol\u00edtica, pero tambi\u00e9n en alg\u00fan momento uno tiene que hacer un corte y pensar en lo que viene despu\u00e9s. Cuando uno tiene tanto compromiso, en este caso con la ciudad y con la Argentina, con la defensa de los valores que queremos para nuestro pa\u00eds, con la defensa de la divisi\u00f3n de poderes, de la propiedad privada, de la rep\u00fablica, de la no impunidad\u2026 realmente cuando uno tiene tan metidos esos conceptos y yo estoy ac\u00e1 por mis hijos, claramente, lo \u00fanico que me interesa es hacer lo poco que yo pueda sumar para que mis hijos tengan el d\u00eda de ma\u00f1ana un pa\u00eds mejor.<\/p>\n<p>&nbsp;<\/p>\n<p><strong>-\u00bfIncluso por fuera de la pol\u00edtica?<\/strong><\/p>\n<p>&nbsp;<\/p>\n<p>-El tiempo me ir\u00e1 llevando, no me da miedo tampoco decir me puedo volcar al sector privado. Seguramente a la profesi\u00f3n de abogado no vuelva, porque pas\u00f3 mucha agua debajo del puente y la profesi\u00f3n cambi\u00f3, el C\u00f3digo Civil cambi\u00f3, hay un mont\u00f3n de cosas que son dif\u00edciles de volver a retomar la actividad. Pero por qu\u00e9 no pensar en un sector privado el d\u00eda de ma\u00f1ana, hay mucho para hacer y a m\u00ed me gusta trabajar, me gusta ganarme lo m\u00edo. Vuelvo a lo de antes, el m\u00e9rito. Yo creo en el m\u00e9rito, hay que trabajar, trabajar duro y es lo que le quiero transmitir a mis hijos.<\/p>\n<p>&nbsp;<\/p>\n<p>Despu\u00e9s cuando llegue el momento de dejar de ser intendente, que no s\u00e9 cu\u00e1ndo ser\u00e1, hoy es el 10 de diciembre de 2023, no te puedo decir que voy a hacer. Expectativas tengo muchas, puedo llegar a ser candidato a algo, no s\u00e9 a qu\u00e9, puede ser que no sea candidato a nada y que volvamos a ser gobierno y termine trabajando en la provincia o en naci\u00f3n. La verdad es que son tantas las posibilidades que hoy lo \u00fanico que pienso es en el corto plazo, en ganar la elecci\u00f3n el a\u00f1o que viene a nivel seccional, en sostener esas tres bancas en el senado que son important\u00edsimas para el espacio y despu\u00e9s el tiempo y dios va a proveer.<\/p>\n<p>&nbsp;<\/p>\n","protected":false},"excerpt":{"rendered":"<p>Ezequiel Galli se catalog\u00f3 como \u201cmoderado\u201d dentro de los movimientos internos de Juntos por el Cambio. Se mostr\u00f3 como l\u00edder<\/p>\n","protected":false},"author":5,"featured_media":9341,"comment_status":"closed","ping_status":"closed","sticky":false,"template":"","format":"standard","meta":{"_jetpack_memberships_contains_paid_content":false,"footnotes":""},"categories":[4,1],"tags":[],"class_list":["post-9349","post","type-post","status-publish","format-standard","has-post-thumbnail","hentry","category-politica","category-portada"],"jetpack_featured_media_url":"https:\/\/i0.wp.com\/cdnoticias.com\/wp-content\/uploads\/2020\/12\/Ezequiel-Galli-Entrevista1.jpg?fit=1280%2C855&ssl=1","jetpack_sharing_enabled":true,"_links":{"self":[{"href":"https:\/\/cdnoticias.com\/index.php\/wp-json\/wp\/v2\/posts\/9349","targetHints":{"allow":["GET"]}}],"collection":[{"href":"https:\/\/cdnoticias.com\/index.php\/wp-json\/wp\/v2\/posts"}],"about":[{"href":"https:\/\/cdnoticias.com\/index.php\/wp-json\/wp\/v2\/types\/post"}],"author":[{"embeddable":true,"href":"https:\/\/cdnoticias.com\/index.php\/wp-json\/wp\/v2\/users\/5"}],"replies":[{"embeddable":true,"href":"https:\/\/cdnoticias.com\/index.php\/wp-json\/wp\/v2\/comments?post=9349"}],"version-history":[{"count":0,"href":"https:\/\/cdnoticias.com\/index.php\/wp-json\/wp\/v2\/posts\/9349\/revisions"}],"wp:featuredmedia":[{"embeddable":true,"href":"https:\/\/cdnoticias.com\/index.php\/wp-json\/wp\/v2\/media\/9341"}],"wp:attachment":[{"href":"https:\/\/cdnoticias.com\/index.php\/wp-json\/wp\/v2\/media?parent=9349"}],"wp:term":[{"taxonomy":"category","embeddable":true,"href":"https:\/\/cdnoticias.com\/index.php\/wp-json\/wp\/v2\/categories?post=9349"},{"taxonomy":"post_tag","embeddable":true,"href":"https:\/\/cdnoticias.com\/index.php\/wp-json\/wp\/v2\/tags?post=9349"}],"curies":[{"name":"wp","href":"https:\/\/api.w.org\/{rel}","templated":true}]}}