{"id":93465,"date":"2023-08-16T10:31:23","date_gmt":"2023-08-16T13:31:23","guid":{"rendered":"https:\/\/www.centraldenoticias.com.ar\/?p=93465"},"modified":"2023-08-16T12:43:35","modified_gmt":"2023-08-16T15:43:35","slug":"ripoll-es-un-antes-y-un-despues-como-partido-en-olavarria","status":"publish","type":"post","link":"https:\/\/cdnoticias.com\/index.php\/2023\/08\/16\/ripoll-es-un-antes-y-un-despues-como-partido-en-olavarria\/","title":{"rendered":"Ripoll: \u201cEs un antes y un despu\u00e9s como partido en Olavarr\u00eda\u201d"},"content":{"rendered":"<p>Lo asegur\u00f3 el candidato a Intendente por el Frente de Izquierda. Habl\u00f3 de la consolidaci\u00f3n del PTS en lo local y las expectativas para las elecciones generales de octubre.<!--more--><\/p>\n<hr \/>\n<p><strong>Marcelo Ripoll, referente del Partido Socialista de los Trabajadores (PTS)<\/strong> se qued\u00f3 con la interna del Frente de Izquierda. La fuerza super\u00f3 el corte de 1,5% de los votos y competir\u00e1 en las elecciones generales.<\/p>\n<p>&nbsp;<\/p>\n<p>En di\u00e1logo con Central de Noticias, Ripoll se mostr\u00f3 sorprendido por \u201clos resultados a nivel nacional y a nivel local\u201d y habl\u00f3 de <strong>\u201cuna agenda ultraderechizada, con una derecha que se viene muy fuerte\u201d.<\/strong><\/p>\n<p>&nbsp;<\/p>\n<p>Adem\u00e1s, analiz\u00f3 los <a href=\"https:\/\/cdnoticias.com\/index.php\/2023\/08\/14\/olavarria-tendra-cuatro-candidatos-a-intendente-en-octubre\/\" target=\"_blank\" rel=\"noopener\">datos obtenidos por el espacio con n\u00fameros fueron muy ajustados.<\/a> El ahora candidato a intendente, <strong>obtuvo 704 votos de un total de 1.381 votos (2,24%)<\/strong> que sum\u00f3 el frente. \u201cElectoralmente yo no soy conocido, no contamos con presupuesto para hacer una campa\u00f1a, en un principio no ten\u00edamos mucha gente y ahora se sum\u00f3 un mont\u00f3n\u201d, destac\u00f3.<\/p>\n<p>&nbsp;<\/p>\n<p><img data-recalc-dims=\"1\" loading=\"lazy\" decoding=\"async\" class=\"aligncenter size-full wp-image-93466\" src=\"https:\/\/i0.wp.com\/cdnoticias.com\/wp-content\/uploads\/2023\/08\/ripoll-votacion-paso.jpg?resize=800%2C445&#038;ssl=1\" alt=\"\" width=\"800\" height=\"445\" srcset=\"https:\/\/i0.wp.com\/cdnoticias.com\/wp-content\/uploads\/2023\/08\/ripoll-votacion-paso.jpg?w=800&amp;ssl=1 800w, https:\/\/i0.wp.com\/cdnoticias.com\/wp-content\/uploads\/2023\/08\/ripoll-votacion-paso.jpg?resize=300%2C167&amp;ssl=1 300w, https:\/\/i0.wp.com\/cdnoticias.com\/wp-content\/uploads\/2023\/08\/ripoll-votacion-paso.jpg?resize=768%2C427&amp;ssl=1 768w\" sizes=\"auto, (max-width: 800px) 100vw, 800px\" \/><\/p>\n<p>&nbsp;<\/p>\n<h2>\u201cUn sue\u00f1o\u201d<\/h2>\n<p>&nbsp;<\/p>\n<p>Las expectativas para las elecciones generales de octubre es que \u201clos n\u00fameros suban\u201d. <strong>Sin embargo, la mirada del espacio est\u00e1 en fortalecerse para crecer de aqu\u00ed en adelante.<\/strong><\/p>\n<p>&nbsp;<\/p>\n<blockquote><p>\u201cVamos por el honor y vamos a ver si podemos subir estos n\u00fameros. El sue\u00f1o ser\u00eda un concejal, pero bueno, est\u00e1 muy lejos. El balance fue muy positivo y estamos muy contentos porque esto es un antes y un despu\u00e9s como partido en Olavarr\u00eda\u201d, asegur\u00f3 Ripoll.<\/p><\/blockquote>\n<p>&nbsp;<\/p>\n<p>Por otra parte, asegur\u00f3 que est\u00e1 elecci\u00f3n \u201ces el punto de partida\u201d y <strong>en los pr\u00f3ximos d\u00edas se reunir\u00e1 con Agust\u00edn Mestralet (Partido Obrero) y Alejandro Schmale (M\u00e1s).<\/strong><\/p>\n<p>&nbsp;<\/p>\n<blockquote class=\"wp-embedded-content\" data-secret=\"nFrtqURjAu\"><p><a href=\"https:\/\/cdnoticias.com\/index.php\/2023\/08\/14\/olavarria-tendra-cuatro-candidatos-a-intendente-en-octubre\/\">Olavarr\u00eda tendr\u00e1 cuatro candidatos a intendente en octubre<\/a><\/p><\/blockquote>\n<p><iframe loading=\"lazy\" class=\"wp-embedded-content\" sandbox=\"allow-scripts\" security=\"restricted\" style=\"position: absolute; clip: rect(1px, 1px, 1px, 1px);\" title=\"&#8220;Olavarr\u00eda tendr\u00e1 cuatro candidatos a intendente en octubre&#8221; &#8212; Central de Noticias | Olavarr\u00eda\" src=\"https:\/\/cdnoticias.com\/index.php\/2023\/08\/14\/olavarria-tendra-cuatro-candidatos-a-intendente-en-octubre\/embed\/#?secret=HJ0C9hzIaZ#?secret=nFrtqURjAu\" data-secret=\"nFrtqURjAu\" width=\"600\" height=\"338\" frameborder=\"0\" marginwidth=\"0\" marginheight=\"0\" scrolling=\"no\"><\/iframe><\/p>\n","protected":false},"excerpt":{"rendered":"<p>Lo asegur\u00f3 el candidato a Intendente por el Frente de Izquierda. Habl\u00f3 de la consolidaci\u00f3n del PTS en lo local<\/p>\n","protected":false},"author":5,"featured_media":90872,"comment_status":"closed","ping_status":"closed","sticky":false,"template":"","format":"standard","meta":{"_jetpack_memberships_contains_paid_content":false,"footnotes":""},"categories":[4,1],"tags":[],"class_list":["post-93465","post","type-post","status-publish","format-standard","has-post-thumbnail","hentry","category-politica","category-portada"],"jetpack_featured_media_url":"https:\/\/i0.wp.com\/cdnoticias.com\/wp-content\/uploads\/2023\/07\/ripoll-marcelo-02.jpg?fit=800%2C445&ssl=1","jetpack_sharing_enabled":true,"_links":{"self":[{"href":"https:\/\/cdnoticias.com\/index.php\/wp-json\/wp\/v2\/posts\/93465","targetHints":{"allow":["GET"]}}],"collection":[{"href":"https:\/\/cdnoticias.com\/index.php\/wp-json\/wp\/v2\/posts"}],"about":[{"href":"https:\/\/cdnoticias.com\/index.php\/wp-json\/wp\/v2\/types\/post"}],"author":[{"embeddable":true,"href":"https:\/\/cdnoticias.com\/index.php\/wp-json\/wp\/v2\/users\/5"}],"replies":[{"embeddable":true,"href":"https:\/\/cdnoticias.com\/index.php\/wp-json\/wp\/v2\/comments?post=93465"}],"version-history":[{"count":0,"href":"https:\/\/cdnoticias.com\/index.php\/wp-json\/wp\/v2\/posts\/93465\/revisions"}],"wp:featuredmedia":[{"embeddable":true,"href":"https:\/\/cdnoticias.com\/index.php\/wp-json\/wp\/v2\/media\/90872"}],"wp:attachment":[{"href":"https:\/\/cdnoticias.com\/index.php\/wp-json\/wp\/v2\/media?parent=93465"}],"wp:term":[{"taxonomy":"category","embeddable":true,"href":"https:\/\/cdnoticias.com\/index.php\/wp-json\/wp\/v2\/categories?post=93465"},{"taxonomy":"post_tag","embeddable":true,"href":"https:\/\/cdnoticias.com\/index.php\/wp-json\/wp\/v2\/tags?post=93465"}],"curies":[{"name":"wp","href":"https:\/\/api.w.org\/{rel}","templated":true}]}}