{"id":93434,"date":"2023-08-15T19:01:18","date_gmt":"2023-08-15T22:01:18","guid":{"rendered":"https:\/\/www.centraldenoticias.com.ar\/?p=93434"},"modified":"2023-08-16T08:04:48","modified_gmt":"2023-08-16T11:04:48","slug":"aparecio-el-lapridense-que-era-intensamente-buscado-en-brasil","status":"publish","type":"post","link":"https:\/\/cdnoticias.com\/index.php\/2023\/08\/15\/aparecio-el-lapridense-que-era-intensamente-buscado-en-brasil\/","title":{"rendered":"Apareci\u00f3 el lapridense que era intensamente buscado en Brasil"},"content":{"rendered":"<p>La familia de Guillermo Landi confirm\u00f3 que el joven &#8220;est\u00e1 bien&#8221; y que pudo retomar contacto con ellos.<!--more--><\/p>\n<hr \/>\n<p>La<strong> familia de Guillermo Emmanuel Landi<\/strong> de 31 a\u00f1os, confirm\u00f3 este lunes por la noche que tuvo noticias del <a href=\"https:\/\/cdnoticias.com\/index.php\/2023\/08\/05\/desesperada-busqueda-en-brasil-de-joven-con-familia-en-olavarria\/\" target=\"_blank\" rel=\"noopener\">joven que era intensamente buscado hace dos semanas en Brasil.<\/a><\/p>\n<p>&nbsp;<\/p>\n<p>Se inform\u00f3 a<em> Oh Laprida<\/em> que Guillermo \u201c<strong>est\u00e1 bien\u201d<\/strong> y pudieron confirmar en estas horas d\u00f3nde se encuentra. Juliana Ben\u00edtez, pareja del padre de Guillermo y quien hab\u00eda realizado la denuncia por averiguaci\u00f3n de paradero a comienzos de agosto, expuso que pudo escuchar la voz del joven en un audio al tiempo que afirm\u00f3 que lleg\u00f3 la tranquilidad que esperaban.<\/p>\n<p>&nbsp;<\/p>\n<blockquote><p>\u201cPasadas las 20 horas me lleg\u00f3 un mensaje de gente con la que yo ya estaba comunicada dici\u00e9ndome que \u00e9l se hab\u00eda comunicado con un amigo de Laprida, y ya hab\u00eda hablado con la abuela. El dice que no sab\u00eda nada de la b\u00fasqueda y estaba sorprendido. Estaba incomunicado, as\u00ed que bueno, pero es \u00e9l y esta bien\u201d confirm\u00f3 Juliana a este medio.<\/p><\/blockquote>\n<p>&nbsp;<\/p>\n<p>\u201cLo importante es que habl\u00f3 con su abuela tambi\u00e9n as\u00ed que <strong>estamos m\u00e1s que contentos de saber que est\u00e1 bien<\/strong>. Hasta ahora nunca hab\u00edamos tenido algo concreto certero de \u00e9l, pero ahora gracias a Dios sabemos que es \u00e9l. Esto es un alivio terrible\u201d expres\u00f3 la mujer.<strong> \u201cAl fin. Hubo noticias! Esta bien. Gracias a todos\u201d<\/strong> escribi\u00f3 la mujer en sus redes sociales luego de recibir la novedad tan esperada.<\/p>\n<p>&nbsp;<\/p>\n<p>Asimismo, Juliana indic\u00f3 que luego de esta novedad<strong> dan por finalizada la b\u00fasqueda que se hab\u00eda viralizado en las redes<\/strong> y ten\u00eda sus respectivas denuncias por averiguaci\u00f3n de paradero. \u201cMa\u00f1ana a primera hora voy a ir avisar a la Comisar\u00eda. Ya inform\u00e9 a bastante gente que hab\u00eda ayudado y ahora se termin\u00f3 la espera\u201d.<\/p>\n<p>&nbsp;<\/p>\n<p><em>Fuente: Oh Laprida\u00a0<\/em><\/p>\n","protected":false},"excerpt":{"rendered":"<p>La familia de Guillermo Landi confirm\u00f3 que el joven &#8220;est\u00e1 bien&#8221; y que pudo retomar contacto con ellos.<\/p>\n","protected":false},"author":6,"featured_media":92234,"comment_status":"closed","ping_status":"closed","sticky":false,"template":"","format":"standard","meta":{"_jetpack_memberships_contains_paid_content":false,"footnotes":""},"categories":[14,1],"tags":[],"class_list":["post-93434","post","type-post","status-publish","format-standard","has-post-thumbnail","hentry","category-policiales","category-portada"],"jetpack_featured_media_url":"https:\/\/i0.wp.com\/cdnoticias.com\/wp-content\/uploads\/2023\/08\/Guillermo-Emmanuel-Landi-2.jpg?fit=884%2C492&ssl=1","jetpack_sharing_enabled":true,"_links":{"self":[{"href":"https:\/\/cdnoticias.com\/index.php\/wp-json\/wp\/v2\/posts\/93434","targetHints":{"allow":["GET"]}}],"collection":[{"href":"https:\/\/cdnoticias.com\/index.php\/wp-json\/wp\/v2\/posts"}],"about":[{"href":"https:\/\/cdnoticias.com\/index.php\/wp-json\/wp\/v2\/types\/post"}],"author":[{"embeddable":true,"href":"https:\/\/cdnoticias.com\/index.php\/wp-json\/wp\/v2\/users\/6"}],"replies":[{"embeddable":true,"href":"https:\/\/cdnoticias.com\/index.php\/wp-json\/wp\/v2\/comments?post=93434"}],"version-history":[{"count":0,"href":"https:\/\/cdnoticias.com\/index.php\/wp-json\/wp\/v2\/posts\/93434\/revisions"}],"wp:featuredmedia":[{"embeddable":true,"href":"https:\/\/cdnoticias.com\/index.php\/wp-json\/wp\/v2\/media\/92234"}],"wp:attachment":[{"href":"https:\/\/cdnoticias.com\/index.php\/wp-json\/wp\/v2\/media?parent=93434"}],"wp:term":[{"taxonomy":"category","embeddable":true,"href":"https:\/\/cdnoticias.com\/index.php\/wp-json\/wp\/v2\/categories?post=93434"},{"taxonomy":"post_tag","embeddable":true,"href":"https:\/\/cdnoticias.com\/index.php\/wp-json\/wp\/v2\/tags?post=93434"}],"curies":[{"name":"wp","href":"https:\/\/api.w.org\/{rel}","templated":true}]}}