{"id":93372,"date":"2023-08-15T17:37:36","date_gmt":"2023-08-15T20:37:36","guid":{"rendered":"https:\/\/www.centraldenoticias.com.ar\/?p=93372"},"modified":"2023-08-15T17:37:36","modified_gmt":"2023-08-15T20:37:36","slug":"coronavirus-detectaron-en-el-pais-dos-casos-de-la-variante-eg-5","status":"publish","type":"post","link":"https:\/\/cdnoticias.com\/index.php\/2023\/08\/15\/coronavirus-detectaron-en-el-pais-dos-casos-de-la-variante-eg-5\/","title":{"rendered":"Coronavirus: detectaron en el pa\u00eds dos casos de la variante EG.5"},"content":{"rendered":"<p>Fue considerada como Variante de Inter\u00e9s (VOI) por la OMS porque aument\u00f3 los contagios en el hemisferio norte.<!--more--><\/p>\n<hr \/>\n<p>El ministerio de Salud de la Naci\u00f3n public\u00f3 en el Bolet\u00edn Epidemiol\u00f3gico que se confirm\u00f3 que fueron identificados \u201cdos casos aislados\u201d de la variante <strong>EG.5<\/strong> de SARSCoV-2, considerada recientemente como <strong>Variante de Inter\u00e9s por la OMS (VOI) por estar presente en pa\u00edses como Estados Unidos donde hubo aumento de casos de Covid-19.<\/strong><\/p>\n<p>&nbsp;<\/p>\n<p>\u201cUno de ellos fue detectado a partir de la vigilancia de virus respiratorios en las Unidades de Monitoreo Ambulatorio (UMAs) en la <strong>provincia de C\u00f3rdoba<\/strong> y otro caso con residencia en <strong>Ciudad de Buenos Aires<\/strong>. Los casos fueron detectados a trav\u00e9s de la vigilancia gen\u00f3mica realizada por la Red Federal de Gen\u00f3mica y Bioinform\u00e1tica\u201d, se\u00f1al\u00f3 el comunicado de la cartera sanitaria.<\/p>\n<p>&nbsp;<\/p>\n<blockquote><p>La EG.5 fue considerada el 9 de agosto como Variante de Inter\u00e9s (VOI) por la OMS porque aument\u00f3 su prevalencia. La mayor\u00eda de los casos se registraron en China, Estados Unidos, Rep\u00fablica de Corea, Jap\u00f3n, Reino Unido, Francia, Portugal y Espa\u00f1a.<\/p><\/blockquote>\n<p>&nbsp;<\/p>\n<p>La OMS advirti\u00f3 que la nueva variante EG.5 del Covid-19 puede aumentar los casos a nivel mundial, aunque, por el momento, <strong>no hay evidencia cient\u00edfica de que est\u00e9 produciendo un incremento de las internaciones o en cuadros graves de la enfermedad<\/strong>, por lo que las vacunas siguen siendo efectivas.<\/p>\n<p>&nbsp;<\/p>\n<p>En un comunicado, el organismo sanitario internacional <strong>calific\u00f3 como \u201cbajo\u201d el riesgo para la salud p\u00fablica<\/strong> que plantea la variante EG.5, as\u00ed como las otras derivadas del linaje Omicron, que siguen circulando a nivel mundial.<\/p>\n<p>&nbsp;<\/p>\n<p><em>Fuente: DIB.<\/em><\/p>\n","protected":false},"excerpt":{"rendered":"<p>Fue considerada como Variante de Inter\u00e9s (VOI) por la OMS porque aument\u00f3 los contagios en el hemisferio norte.<\/p>\n","protected":false},"author":5,"featured_media":93374,"comment_status":"closed","ping_status":"closed","sticky":false,"template":"","format":"standard","meta":{"_jetpack_memberships_contains_paid_content":false,"footnotes":""},"categories":[6,1],"tags":[],"class_list":["post-93372","post","type-post","status-publish","format-standard","has-post-thumbnail","hentry","category-nacionales","category-portada"],"jetpack_featured_media_url":"https:\/\/i0.wp.com\/cdnoticias.com\/wp-content\/uploads\/2023\/08\/coronavirus-virus.jpg?fit=800%2C445&ssl=1","jetpack_sharing_enabled":true,"_links":{"self":[{"href":"https:\/\/cdnoticias.com\/index.php\/wp-json\/wp\/v2\/posts\/93372","targetHints":{"allow":["GET"]}}],"collection":[{"href":"https:\/\/cdnoticias.com\/index.php\/wp-json\/wp\/v2\/posts"}],"about":[{"href":"https:\/\/cdnoticias.com\/index.php\/wp-json\/wp\/v2\/types\/post"}],"author":[{"embeddable":true,"href":"https:\/\/cdnoticias.com\/index.php\/wp-json\/wp\/v2\/users\/5"}],"replies":[{"embeddable":true,"href":"https:\/\/cdnoticias.com\/index.php\/wp-json\/wp\/v2\/comments?post=93372"}],"version-history":[{"count":0,"href":"https:\/\/cdnoticias.com\/index.php\/wp-json\/wp\/v2\/posts\/93372\/revisions"}],"wp:featuredmedia":[{"embeddable":true,"href":"https:\/\/cdnoticias.com\/index.php\/wp-json\/wp\/v2\/media\/93374"}],"wp:attachment":[{"href":"https:\/\/cdnoticias.com\/index.php\/wp-json\/wp\/v2\/media?parent=93372"}],"wp:term":[{"taxonomy":"category","embeddable":true,"href":"https:\/\/cdnoticias.com\/index.php\/wp-json\/wp\/v2\/categories?post=93372"},{"taxonomy":"post_tag","embeddable":true,"href":"https:\/\/cdnoticias.com\/index.php\/wp-json\/wp\/v2\/tags?post=93372"}],"curies":[{"name":"wp","href":"https:\/\/api.w.org\/{rel}","templated":true}]}}