{"id":93362,"date":"2023-08-15T08:37:40","date_gmt":"2023-08-15T11:37:40","guid":{"rendered":"https:\/\/www.centraldenoticias.com.ar\/?p=93362"},"modified":"2023-08-15T08:37:40","modified_gmt":"2023-08-15T11:37:40","slug":"dos-jovenes-aprehendidos-por-robar-varillas-de-hierro","status":"publish","type":"post","link":"https:\/\/cdnoticias.com\/index.php\/2023\/08\/15\/dos-jovenes-aprehendidos-por-robar-varillas-de-hierro\/","title":{"rendered":"Dos j\u00f3venes aprehendidos por robar varillas de hierro"},"content":{"rendered":"<p>Fueron sorprendidos por el personal policial cuando trasladaban los elementos en un carro.<!--more--><\/p>\n<hr \/>\n<p>Dos j\u00f3venes fueron aprehendidos cuando intentaban <strong>robar hierros de una f\u00e1brica de postes<\/strong> ubicada en Circunvalaci\u00f3n y San Mart\u00edn.<\/p>\n<p>&nbsp;<\/p>\n<p>Seg\u00fan se inform\u00f3, a ra\u00edz de una denuncia, personal del Comando de Patrullas fue hasta la<strong> f\u00e1brica del barrio Scac<\/strong> y encontr\u00f3 a las personas llevando<strong> varillas de hierro de 5 metros de largo en un carro.<\/strong><\/p>\n<p>&nbsp;<\/p>\n<p>Los j\u00f3venes de<strong> 20 y 23 a\u00f1os<\/strong> fueron aprehendidos y se inici\u00f3 una causa caratulada<strong> \u201churto infraganti delito en grado de tentativa\u201d<\/strong> a cargo de la UFI N\u00b0 7.<\/p>\n","protected":false},"excerpt":{"rendered":"<p>Fueron sorprendidos por el personal policial cuando trasladaban los elementos en un carro.<\/p>\n","protected":false},"author":5,"featured_media":93363,"comment_status":"closed","ping_status":"closed","sticky":false,"template":"","format":"standard","meta":{"_jetpack_memberships_contains_paid_content":false,"footnotes":""},"categories":[14,1],"tags":[],"class_list":["post-93362","post","type-post","status-publish","format-standard","has-post-thumbnail","hentry","category-policiales","category-portada"],"jetpack_featured_media_url":"https:\/\/i0.wp.com\/cdnoticias.com\/wp-content\/uploads\/2023\/08\/aprehendidos-varillas.jpg?fit=800%2C445&ssl=1","jetpack_sharing_enabled":true,"_links":{"self":[{"href":"https:\/\/cdnoticias.com\/index.php\/wp-json\/wp\/v2\/posts\/93362","targetHints":{"allow":["GET"]}}],"collection":[{"href":"https:\/\/cdnoticias.com\/index.php\/wp-json\/wp\/v2\/posts"}],"about":[{"href":"https:\/\/cdnoticias.com\/index.php\/wp-json\/wp\/v2\/types\/post"}],"author":[{"embeddable":true,"href":"https:\/\/cdnoticias.com\/index.php\/wp-json\/wp\/v2\/users\/5"}],"replies":[{"embeddable":true,"href":"https:\/\/cdnoticias.com\/index.php\/wp-json\/wp\/v2\/comments?post=93362"}],"version-history":[{"count":0,"href":"https:\/\/cdnoticias.com\/index.php\/wp-json\/wp\/v2\/posts\/93362\/revisions"}],"wp:featuredmedia":[{"embeddable":true,"href":"https:\/\/cdnoticias.com\/index.php\/wp-json\/wp\/v2\/media\/93363"}],"wp:attachment":[{"href":"https:\/\/cdnoticias.com\/index.php\/wp-json\/wp\/v2\/media?parent=93362"}],"wp:term":[{"taxonomy":"category","embeddable":true,"href":"https:\/\/cdnoticias.com\/index.php\/wp-json\/wp\/v2\/categories?post=93362"},{"taxonomy":"post_tag","embeddable":true,"href":"https:\/\/cdnoticias.com\/index.php\/wp-json\/wp\/v2\/tags?post=93362"}],"curies":[{"name":"wp","href":"https:\/\/api.w.org\/{rel}","templated":true}]}}