{"id":93355,"date":"2023-08-14T20:51:00","date_gmt":"2023-08-14T23:51:00","guid":{"rendered":"https:\/\/www.centraldenoticias.com.ar\/?p=93355"},"modified":"2023-08-14T20:58:11","modified_gmt":"2023-08-14T23:58:11","slug":"endere-perdio-su-interna-pero-integrara-como-segundo-candidato-a-diputado","status":"publish","type":"post","link":"https:\/\/cdnoticias.com\/index.php\/2023\/08\/14\/endere-perdio-su-interna-pero-integrara-como-segundo-candidato-a-diputado\/","title":{"rendered":"Endere perdi\u00f3 su interna, pero integrar\u00e1 como segundo candidato a diputado"},"content":{"rendered":"<p>En una re\u00f1ida definici\u00f3n, el candidato de Larreta por la S\u00e9ptima Secci\u00f3n le sigue en votos a Alejandra Lorden, de la lista \u201cLa Fuerza del Cambio\u201d, en la interna del bloque Juntos. Land\u00edvar, la m\u00e1s votada en la categor\u00eda.<!--more--><\/p>\n<hr \/>\n<p>Una de las internas m\u00e1s importantes en estas PASO fue en la que compet\u00edan <strong>Mart\u00edn Endere y Alejandra Lorden dentro de Juntos<\/strong>. El concejal del espacio de <strong>Ezequiel Galli<\/strong> y la actual diputada protagonizaron una contienda ajustada que dio como ganadora, por poco margen, a la candidata de <strong>Grindetti y Bullrich<\/strong>.\u00a0 Por 4 mil votos de diferencia, Endere consigui\u00f3 una integraci\u00f3n que lo deja bien parado de cara a octubre.<\/p>\n<p>&nbsp;<\/p>\n<p>Con el 98 % de las mesas escrutadas, el actual concejal <strong>art\u00edn Endere, obtuvo<\/strong> <strong>31.939 votos<\/strong>, casi la mitad de lo que sac\u00f3 el espacio. El precandidato a diputado por la S\u00e9ptima secci\u00f3n electoral qued\u00f3 por debajo de <strong>Alejandra Lorden,<\/strong> <strong>quien con<\/strong> <strong>35.407 votos encabezar\u00e1 la lista de diputados de Juntos ahora como candidata, secundada por Endere quien por reglamento interno le corresponde el segundo lugar de la lista<\/strong>.<\/p>\n<p>&nbsp;<\/p>\n<p><img data-recalc-dims=\"1\" loading=\"lazy\" decoding=\"async\" class=\"size-full wp-image-92112 aligncenter\" src=\"https:\/\/i0.wp.com\/cdnoticias.com\/wp-content\/uploads\/2023\/08\/lorden-alejandra-01.jpg?resize=800%2C445&#038;ssl=1\" alt=\"\" width=\"800\" height=\"445\" srcset=\"https:\/\/i0.wp.com\/cdnoticias.com\/wp-content\/uploads\/2023\/08\/lorden-alejandra-01.jpg?w=800&amp;ssl=1 800w, https:\/\/i0.wp.com\/cdnoticias.com\/wp-content\/uploads\/2023\/08\/lorden-alejandra-01.jpg?resize=300%2C167&amp;ssl=1 300w, https:\/\/i0.wp.com\/cdnoticias.com\/wp-content\/uploads\/2023\/08\/lorden-alejandra-01.jpg?resize=768%2C427&amp;ssl=1 768w\" sizes=\"auto, (max-width: 800px) 100vw, 800px\" \/><\/p>\n<p>&nbsp;<\/p>\n<blockquote><p>El cierre de comicios coloc\u00f3 como primera fuerza a Juntos por el Cambio, con un 42 % de votos afirmativos. M\u00e1s all\u00e1 de este punto, la precandidata que m\u00e1s votos obtuvo fue Mercedes Land\u00edvar, con 48.239 votos (un 30,11% del total) para la lista Celeste y Blanca, de Uni\u00f3n por la Patria.<\/p><\/blockquote>\n<p>&nbsp;<\/p>\n<p><img data-recalc-dims=\"1\" loading=\"lazy\" decoding=\"async\" class=\"size-large wp-image-90103 aligncenter\" src=\"https:\/\/i0.wp.com\/cdnoticias.com\/wp-content\/uploads\/2023\/07\/landivar3.jpg?resize=800%2C445&#038;ssl=1\" alt=\"\" width=\"800\" height=\"445\" srcset=\"https:\/\/i0.wp.com\/cdnoticias.com\/wp-content\/uploads\/2023\/07\/landivar3.jpg?resize=1024%2C569&amp;ssl=1 1024w, https:\/\/i0.wp.com\/cdnoticias.com\/wp-content\/uploads\/2023\/07\/landivar3.jpg?resize=300%2C167&amp;ssl=1 300w, https:\/\/i0.wp.com\/cdnoticias.com\/wp-content\/uploads\/2023\/07\/landivar3.jpg?resize=768%2C427&amp;ssl=1 768w, https:\/\/i0.wp.com\/cdnoticias.com\/wp-content\/uploads\/2023\/07\/landivar3.jpg?resize=800%2C445&amp;ssl=1 800w, https:\/\/i0.wp.com\/cdnoticias.com\/wp-content\/uploads\/2023\/07\/landivar3.jpg?w=1106&amp;ssl=1 1106w\" sizes=\"auto, (max-width: 800px) 100vw, 800px\" \/><\/p>\n<p>&nbsp;<\/p>\n<p>Por su parte, el candidato de <strong>Carolina P\u00edparo y Javier Milei<\/strong>, <strong>Agust\u00edn Romo, consigui\u00f3 38.137 votos<\/strong> <a href=\"https:\/\/cdnoticias.com\/index.php\/2023\/08\/14\/celeste-arouxet-somos-la-segunda-fuerza\/\">(un 23,80 % del total, similar a los n\u00fameros de la candidata a intendente Celeste Arouxet)<\/a>. Con este resultado, <strong>La Libertad Avanza<\/strong> se ubic\u00f3 como tercera fuerza de cara a las generales.<\/p>\n<p>&nbsp;<\/p>\n<p>La S\u00e9ptima Secci\u00f3n Electoral est\u00e1 compuesta por los municipios de Azul, Bol\u00edvar, Gral. Alvear, Olavarr\u00eda, Roque P\u00e9rez, Saladillo, Tapalqu\u00e9, y 25 de Mayo.<\/p>\n","protected":false},"excerpt":{"rendered":"<p>En una re\u00f1ida definici\u00f3n, el candidato de Larreta por la S\u00e9ptima Secci\u00f3n le sigue en votos a Alejandra Lorden, de<\/p>\n","protected":false},"author":2,"featured_media":87975,"comment_status":"closed","ping_status":"closed","sticky":false,"template":"","format":"standard","meta":{"_jetpack_memberships_contains_paid_content":false,"footnotes":""},"categories":[4,1],"tags":[],"class_list":["post-93355","post","type-post","status-publish","format-standard","has-post-thumbnail","hentry","category-politica","category-portada"],"jetpack_featured_media_url":"https:\/\/i0.wp.com\/cdnoticias.com\/wp-content\/uploads\/2023\/06\/endere2.jpg?fit=1599%2C959&ssl=1","jetpack_sharing_enabled":true,"_links":{"self":[{"href":"https:\/\/cdnoticias.com\/index.php\/wp-json\/wp\/v2\/posts\/93355","targetHints":{"allow":["GET"]}}],"collection":[{"href":"https:\/\/cdnoticias.com\/index.php\/wp-json\/wp\/v2\/posts"}],"about":[{"href":"https:\/\/cdnoticias.com\/index.php\/wp-json\/wp\/v2\/types\/post"}],"author":[{"embeddable":true,"href":"https:\/\/cdnoticias.com\/index.php\/wp-json\/wp\/v2\/users\/2"}],"replies":[{"embeddable":true,"href":"https:\/\/cdnoticias.com\/index.php\/wp-json\/wp\/v2\/comments?post=93355"}],"version-history":[{"count":0,"href":"https:\/\/cdnoticias.com\/index.php\/wp-json\/wp\/v2\/posts\/93355\/revisions"}],"wp:featuredmedia":[{"embeddable":true,"href":"https:\/\/cdnoticias.com\/index.php\/wp-json\/wp\/v2\/media\/87975"}],"wp:attachment":[{"href":"https:\/\/cdnoticias.com\/index.php\/wp-json\/wp\/v2\/media?parent=93355"}],"wp:term":[{"taxonomy":"category","embeddable":true,"href":"https:\/\/cdnoticias.com\/index.php\/wp-json\/wp\/v2\/categories?post=93355"},{"taxonomy":"post_tag","embeddable":true,"href":"https:\/\/cdnoticias.com\/index.php\/wp-json\/wp\/v2\/tags?post=93355"}],"curies":[{"name":"wp","href":"https:\/\/api.w.org\/{rel}","templated":true}]}}