{"id":93348,"date":"2023-08-14T19:39:29","date_gmt":"2023-08-14T22:39:29","guid":{"rendered":"https:\/\/www.centraldenoticias.com.ar\/?p=93348"},"modified":"2023-08-15T12:04:26","modified_gmt":"2023-08-15T15:04:26","slug":"detuvieron-a-un-hombre-con-pedido-de-captura-por-cuatro-causas","status":"publish","type":"post","link":"https:\/\/cdnoticias.com\/index.php\/2023\/08\/14\/detuvieron-a-un-hombre-con-pedido-de-captura-por-cuatro-causas\/","title":{"rendered":"Detuvieron a un hombre con pedido de captura por cuatro causas"},"content":{"rendered":"<p>Varias de ellas vinculadas a tenencia de armas ilegales. Fue en pleno microcentro, en una solicitud de detenci\u00f3n dictaminado por un fiscal de Bol\u00edvar.<!--more--><\/p>\n<hr \/>\n<p>En la jornada de este lunes, <strong>un hombre de 38 a\u00f1os fue detenido por personal de Comisar\u00eda Primera tras llevar adelante un pedido de captura dictaminado por la UFI N\u00b015 con asiento en la vecina ciudad de Bol\u00edvar.<\/strong><\/p>\n<p>&nbsp;<\/p>\n<p>Seg\u00fan se detall\u00f3,<strong> se realiz\u00f3 un operativo encubierto <\/strong>que finaliz\u00f3 con la <strong>detenci\u00f3n <\/strong>de <strong>N\u00e9stor Osvaldo Palma <\/strong>en Hornos entre Vicente L\u00f3pez y Alsina<strong>, en plena v\u00eda p\u00fablica.<\/strong><\/p>\n<p>&nbsp;<\/p>\n<blockquote><p>Fue detenido y trasladado a la Comisar\u00eda Primera donde qued\u00f3 alojado a la espera de las nuevas determinaciones del fiscal Roberto Citterio.<\/p><\/blockquote>\n<p>&nbsp;<\/p>\n<p>Est\u00e1 acusado de<strong><em> \u201cDa\u00f1o\u201d; \u201cTenencia de arma de fuego de uso civil\u201d; \u201cPortaci\u00f3n ilegal de arma de fuego civil\u201d; \u201cAtentado contra la autoridad\u201d y \u201cResistencia a la autoridad\u201d.<\/em><\/strong><\/p>\n","protected":false},"excerpt":{"rendered":"<p>Varias de ellas vinculadas a tenencia de armas ilegales. Fue en pleno microcentro, en una solicitud de detenci\u00f3n dictaminado por<\/p>\n","protected":false},"author":2,"featured_media":93349,"comment_status":"closed","ping_status":"closed","sticky":false,"template":"","format":"standard","meta":{"_jetpack_memberships_contains_paid_content":false,"footnotes":""},"categories":[14,1],"tags":[],"class_list":["post-93348","post","type-post","status-publish","format-standard","has-post-thumbnail","hentry","category-policiales","category-portada"],"jetpack_featured_media_url":"https:\/\/i0.wp.com\/cdnoticias.com\/wp-content\/uploads\/2023\/08\/WhatsApp-Image-2023-08-14-at-18.15.41.jpeg?fit=900%2C583&ssl=1","jetpack_sharing_enabled":true,"_links":{"self":[{"href":"https:\/\/cdnoticias.com\/index.php\/wp-json\/wp\/v2\/posts\/93348","targetHints":{"allow":["GET"]}}],"collection":[{"href":"https:\/\/cdnoticias.com\/index.php\/wp-json\/wp\/v2\/posts"}],"about":[{"href":"https:\/\/cdnoticias.com\/index.php\/wp-json\/wp\/v2\/types\/post"}],"author":[{"embeddable":true,"href":"https:\/\/cdnoticias.com\/index.php\/wp-json\/wp\/v2\/users\/2"}],"replies":[{"embeddable":true,"href":"https:\/\/cdnoticias.com\/index.php\/wp-json\/wp\/v2\/comments?post=93348"}],"version-history":[{"count":0,"href":"https:\/\/cdnoticias.com\/index.php\/wp-json\/wp\/v2\/posts\/93348\/revisions"}],"wp:featuredmedia":[{"embeddable":true,"href":"https:\/\/cdnoticias.com\/index.php\/wp-json\/wp\/v2\/media\/93349"}],"wp:attachment":[{"href":"https:\/\/cdnoticias.com\/index.php\/wp-json\/wp\/v2\/media?parent=93348"}],"wp:term":[{"taxonomy":"category","embeddable":true,"href":"https:\/\/cdnoticias.com\/index.php\/wp-json\/wp\/v2\/categories?post=93348"},{"taxonomy":"post_tag","embeddable":true,"href":"https:\/\/cdnoticias.com\/index.php\/wp-json\/wp\/v2\/tags?post=93348"}],"curies":[{"name":"wp","href":"https:\/\/api.w.org\/{rel}","templated":true}]}}