{"id":93341,"date":"2023-08-14T18:49:57","date_gmt":"2023-08-14T21:49:57","guid":{"rendered":"https:\/\/www.centraldenoticias.com.ar\/?p=93341"},"modified":"2023-08-14T18:49:57","modified_gmt":"2023-08-14T21:49:57","slug":"autoridades-de-coopelectric-visitaron-el-club-social-y-deportivo-loma-negra","status":"publish","type":"post","link":"https:\/\/cdnoticias.com\/index.php\/2023\/08\/14\/autoridades-de-coopelectric-visitaron-el-club-social-y-deportivo-loma-negra\/","title":{"rendered":"Autoridades de Coopelectric visitaron el Club Social y Deportivo Loma Negra"},"content":{"rendered":"<p>En la ocasi\u00f3n, entregaron materiales el\u00e9ctricos para contribuir a mejorar la iluminaci\u00f3n del Club. <!--more--><\/p>\n<hr \/>\n<p>Integrantes del Consejo de Administraci\u00f3n de <strong>Coopelectric<\/strong> visitaron las instalaciones del <strong>Club Social y Deportivo Loma Negra<\/strong> e hicieron entrega de <strong>materiales el\u00e9ctricos<\/strong> para la instituci\u00f3n.<\/p>\n<p>&nbsp;<\/p>\n<p>Estuvieron presentes el titular del Consejo de Administraci\u00f3n de Coopelectric Cruz Arouxet, el prosecretario Oscar Angeletti y el vocal Jos\u00e9 Mor\u00e1n, quienes fueron recibidos por el presidente del Club Social y Deportivo Loma Negra Walter Bahl y el vicepresidente Mario Masson.<\/p>\n<p>&nbsp;<\/p>\n<p>Los dirigentes deportivos brindaron informaci\u00f3n sobre el trabajo que desarrollan desde la Comisi\u00f3n Directiva y sus proyectos a corto, mediano y largo plazo. En tanto, desde Coopelectric se mencion\u00f3 que la voluntad de estrechar y fortalecer los v\u00ednculos con las entidades de la ciudad es permanente. Durante el encuentro, <strong>se hizo entrega de cinco l\u00e1mparas de 250 watts y dos balastos para contribuir a mejorar la iluminaci\u00f3n del Club.<\/strong><\/p>\n<p>&nbsp;<\/p>\n<p>El presidente del Consejo de Administraci\u00f3n de Coopelectric expres\u00f3 \u201c<em>es gratificante acercarnos a las instituciones de la ciudad y vivenciar el trabajo que realizan, se evidencia la pasi\u00f3n y el compromiso con el que trabajan por los vecinos de Loma Negra. Entendemos al deporte como una herramienta de inclusi\u00f3n, transformaci\u00f3n y como el ejercicio del cooperativismo, por eso es fundamental la tarea que Walter y todo el equipo de trabajo llevan a cabo en Loma Negra\u201d.<\/em><\/p>\n<p>&nbsp;<\/p>\n<p>&nbsp;<\/p>\n","protected":false},"excerpt":{"rendered":"<p>En la ocasi\u00f3n, entregaron materiales el\u00e9ctricos para contribuir a mejorar la iluminaci\u00f3n del Club.<\/p>\n","protected":false},"author":6,"featured_media":93342,"comment_status":"closed","ping_status":"closed","sticky":false,"template":"","format":"standard","meta":{"_jetpack_memberships_contains_paid_content":false,"footnotes":""},"categories":[5,1],"tags":[],"class_list":["post-93341","post","type-post","status-publish","format-standard","has-post-thumbnail","hentry","category-informacion-general","category-portada"],"jetpack_featured_media_url":"https:\/\/i0.wp.com\/cdnoticias.com\/wp-content\/uploads\/2023\/08\/Visita-Club-Loma-Negra-e1692048678487.jpeg?fit=1200%2C640&ssl=1","jetpack_sharing_enabled":true,"_links":{"self":[{"href":"https:\/\/cdnoticias.com\/index.php\/wp-json\/wp\/v2\/posts\/93341","targetHints":{"allow":["GET"]}}],"collection":[{"href":"https:\/\/cdnoticias.com\/index.php\/wp-json\/wp\/v2\/posts"}],"about":[{"href":"https:\/\/cdnoticias.com\/index.php\/wp-json\/wp\/v2\/types\/post"}],"author":[{"embeddable":true,"href":"https:\/\/cdnoticias.com\/index.php\/wp-json\/wp\/v2\/users\/6"}],"replies":[{"embeddable":true,"href":"https:\/\/cdnoticias.com\/index.php\/wp-json\/wp\/v2\/comments?post=93341"}],"version-history":[{"count":0,"href":"https:\/\/cdnoticias.com\/index.php\/wp-json\/wp\/v2\/posts\/93341\/revisions"}],"wp:featuredmedia":[{"embeddable":true,"href":"https:\/\/cdnoticias.com\/index.php\/wp-json\/wp\/v2\/media\/93342"}],"wp:attachment":[{"href":"https:\/\/cdnoticias.com\/index.php\/wp-json\/wp\/v2\/media?parent=93341"}],"wp:term":[{"taxonomy":"category","embeddable":true,"href":"https:\/\/cdnoticias.com\/index.php\/wp-json\/wp\/v2\/categories?post=93341"},{"taxonomy":"post_tag","embeddable":true,"href":"https:\/\/cdnoticias.com\/index.php\/wp-json\/wp\/v2\/tags?post=93341"}],"curies":[{"name":"wp","href":"https:\/\/api.w.org\/{rel}","templated":true}]}}