{"id":93330,"date":"2023-08-14T18:07:56","date_gmt":"2023-08-14T21:07:56","guid":{"rendered":"https:\/\/www.centraldenoticias.com.ar\/?p=93330"},"modified":"2023-08-14T18:07:56","modified_gmt":"2023-08-14T21:07:56","slug":"cortes-de-luz-programado-en-las-localidades","status":"publish","type":"post","link":"https:\/\/cdnoticias.com\/index.php\/2023\/08\/14\/cortes-de-luz-programado-en-las-localidades\/","title":{"rendered":"Cortes de luz programado en las localidades"},"content":{"rendered":"<p>Ser\u00e1 durante la ma\u00f1ana de este martes por tareas de mantenimiento. <!--more--><\/p>\n<hr \/>\n<p>Desde <strong>Coopelectric<\/strong> se inform\u00f3 que durante la<strong> ma\u00f1ana de este martes<\/strong> se llevar\u00e1n a cabo <strong>dos cortes de luz<\/strong> por <strong>tareas de mantenimiento.<\/strong><\/p>\n<p>&nbsp;<\/p>\n<p>El primer corte ser\u00e1 entre las<strong> 8:00 y las 10:00<\/strong> en el <strong>Sistema Rural Santa Luisa<\/strong>, incluido<strong> Kochi Tu\u00e9.<\/strong><\/p>\n<p>&nbsp;<\/p>\n<p>Por otra parte, el segundo sector afectado ser\u00e1 <strong>Villa Mi Serran\u00eda<\/strong> en el horario comprendido de<strong> 8:00 a 12:00.<\/strong><\/p>\n<p>&nbsp;<\/p>\n<p>Se indic\u00f3 que puede suspenderse sin las condiciones clim\u00e1ticas son adversas. En tal caso, las tareas ser\u00e1n reprogramadas.<\/p>\n","protected":false},"excerpt":{"rendered":"<p>Ser\u00e1 durante la ma\u00f1ana de este martes por tareas de mantenimiento.<\/p>\n","protected":false},"author":6,"featured_media":41403,"comment_status":"closed","ping_status":"closed","sticky":false,"template":"","format":"standard","meta":{"_jetpack_memberships_contains_paid_content":false,"footnotes":""},"categories":[5,1],"tags":[],"class_list":["post-93330","post","type-post","status-publish","format-standard","has-post-thumbnail","hentry","category-informacion-general","category-portada"],"jetpack_featured_media_url":"https:\/\/i0.wp.com\/cdnoticias.com\/wp-content\/uploads\/2021\/12\/coopelectric-camion.jpg?fit=1600%2C890&ssl=1","jetpack_sharing_enabled":true,"_links":{"self":[{"href":"https:\/\/cdnoticias.com\/index.php\/wp-json\/wp\/v2\/posts\/93330","targetHints":{"allow":["GET"]}}],"collection":[{"href":"https:\/\/cdnoticias.com\/index.php\/wp-json\/wp\/v2\/posts"}],"about":[{"href":"https:\/\/cdnoticias.com\/index.php\/wp-json\/wp\/v2\/types\/post"}],"author":[{"embeddable":true,"href":"https:\/\/cdnoticias.com\/index.php\/wp-json\/wp\/v2\/users\/6"}],"replies":[{"embeddable":true,"href":"https:\/\/cdnoticias.com\/index.php\/wp-json\/wp\/v2\/comments?post=93330"}],"version-history":[{"count":0,"href":"https:\/\/cdnoticias.com\/index.php\/wp-json\/wp\/v2\/posts\/93330\/revisions"}],"wp:featuredmedia":[{"embeddable":true,"href":"https:\/\/cdnoticias.com\/index.php\/wp-json\/wp\/v2\/media\/41403"}],"wp:attachment":[{"href":"https:\/\/cdnoticias.com\/index.php\/wp-json\/wp\/v2\/media?parent=93330"}],"wp:term":[{"taxonomy":"category","embeddable":true,"href":"https:\/\/cdnoticias.com\/index.php\/wp-json\/wp\/v2\/categories?post=93330"},{"taxonomy":"post_tag","embeddable":true,"href":"https:\/\/cdnoticias.com\/index.php\/wp-json\/wp\/v2\/tags?post=93330"}],"curies":[{"name":"wp","href":"https:\/\/api.w.org\/{rel}","templated":true}]}}