{"id":93267,"date":"2023-08-14T01:28:26","date_gmt":"2023-08-14T04:28:26","guid":{"rendered":"https:\/\/www.centraldenoticias.com.ar\/?p=93267"},"modified":"2023-08-14T01:28:26","modified_gmt":"2023-08-14T04:28:26","slug":"provincia-victoria-de-axel-kicillof-y-resultado-ajustado-para-grindetti-en-la-paso-de-juntos","status":"publish","type":"post","link":"https:\/\/cdnoticias.com\/index.php\/2023\/08\/14\/provincia-victoria-de-axel-kicillof-y-resultado-ajustado-para-grindetti-en-la-paso-de-juntos\/","title":{"rendered":"Provincia: victoria de Axel Kicillof y resultado ajustado para Grindetti en la PASO de Juntos"},"content":{"rendered":"<p>El gobernador tiene m\u00e1s votos que Massa y Grabois sumados en PBA. Santilli, abajo por 24 mil votos. P\u00edparo qued\u00f3 tercera.<\/p>\n<p><!--more--><\/p>\n<hr \/>\n<p>Con el<strong> 89,23% de las mesas escrutadas<\/strong>, <strong>Uni\u00f3n por la Patria con un \u00fanico candidato<\/strong> -el gobernador Axel Kicillof- <strong>se impone en la provincia de Buenos Aires con el 36,37% de los votos emitidos<\/strong>. El mandatario se encamina a buscar la reelecci\u00f3n con m\u00e1s de 2.675.858 votos.<\/p>\n<p>&nbsp;<\/p>\n<p>Los dos precandidatos nacionales \u2013 Massa y Grabois- del oficialismo sumaron 2.622.425 votos.<\/p>\n<p>&nbsp;<\/p>\n<p>En tanto, <strong>Juntos por el Cambio<\/strong> es la segunda fuerza en territorio bonaerense m\u00e1s votada con 2,3 millones de votos para sumar <strong>32,97%<\/strong>.<\/p>\n<p>&nbsp;<\/p>\n<blockquote><p>En la PASO de la principal fuerza opositora, N\u00e9stor Grindetti se impone con 1.224.508 votos y se queda con la postulaci\u00f3n a la gobernaci\u00f3n. Santilli alcanz\u00f3 1.200.887 votos. La diferencia entre ambos es hasta el momento de apenas 24 mil votos.<\/p><\/blockquote>\n<p>&nbsp;<\/p>\n<p>Carolina P\u00edparo, la representante de Javier Milei en <strong>La Libertad Avanza<\/strong>, llega al <strong>23,78%<\/strong>: 1,7 millones de votos.<\/p>\n<p>&nbsp;<\/p>\n<p>La cuarta fuerza en la Provincia es el <strong>Frente de Izquierda<\/strong>: re\u00fane <strong>3,57%<\/strong> de los votos con lo que supera el corte: son 263 mil votos. En la PASO del sector, <strong>Rub\u00e9n \u201cel Pollo\u201d Sobrero venc\u00eda con claridad<\/strong> a la lista de Alejandro Bodart: 180 mil votos contra 80 mil.<\/p>\n<p>&nbsp;<\/p>\n<p>Esas son las cuatro fuerzas que superaron el piso de 1,5% y tendr\u00e1n candidatos en octubre.<\/p>\n<p>&nbsp;<\/p>\n<p>Por fuera del corte, Principios y Valores lleg\u00f3 a 0,75% y Libres del Sur alcanz\u00f3 0,49%.<\/p>\n<p>&nbsp;<\/p>\n<h2>\u201cNo nos conformamos\u201d<\/h2>\n<p>&nbsp;<\/p>\n<p>En el b\u00fanker de Uni\u00f3n por la Patria en Chacarita,<strong> Kicillof<\/strong>, el gran ganador del oficialismo dijo que<strong> \u201cno nos conformamos con este resultado, como no nos conformamos con este presente\u201d<\/strong>, y asegur\u00f3 que <strong>\u201cme parece una buena noticia que el pueblo nos exija m\u00e1s\u201d<\/strong>. El gobernador dijo que \u201cnuestro objetivo (en octubre) no es ganar solo en la Provincia de Buenos Aires\u201d porque \u201cac\u00e1 nadie se salva solo\u201d. Antes hab\u00eda dicho que a partir de ahora <strong>\u201cla tarea es militar con alegr\u00eda y convicci\u00f3n la boleta completa de Uni\u00f3n por la Patria\u201d<\/strong>. Tambi\u00e9n felicit\u00f3 a Grabois y dijo que \u201csu rebeld\u00eda tiene que ser incorporada de lleno a nuestro proyecto\u201d.<\/p>\n<p>&nbsp;<\/p>\n<blockquote><p>Kicillof asegur\u00f3 que \u201cni Patricia Bullrich ni Javier Milei est\u00e1n en condiciones de solucionar uno solo de los problemas que tenemos\u201d. Y record\u00f3 que \u201cnuestros opositores se acusaron de amebas, narcos\u201d de \u201cvolver al 2001\u201d En ese marco se pregunt\u00f3 \u201c\u00bfacaso solo los une el odio, c\u00f3mo piensan gobernar juntos?\u201d.<\/p><\/blockquote>\n<p>&nbsp;<\/p>\n<p>\u201cNo tomamos este resultado con euforia, soberbia o existismo. <strong>Estamos orgullosos del esfuerzo que hicieron nuestros candidatos\u201d<\/strong>, dijo Kicilllof.<\/p>\n<p>&nbsp;<\/p>\n","protected":false},"excerpt":{"rendered":"<p>El gobernador tiene m\u00e1s votos que Massa y Grabois sumados en PBA. Santilli, abajo por 24 mil votos. P\u00edparo qued\u00f3<\/p>\n","protected":false},"author":4,"featured_media":93271,"comment_status":"closed","ping_status":"closed","sticky":false,"template":"","format":"standard","meta":{"_jetpack_memberships_contains_paid_content":false,"footnotes":""},"categories":[6,1],"tags":[],"class_list":["post-93267","post","type-post","status-publish","format-standard","has-post-thumbnail","hentry","category-nacionales","category-portada"],"jetpack_featured_media_url":"https:\/\/i0.wp.com\/cdnoticias.com\/wp-content\/uploads\/2023\/08\/kicillof-ganador-PASO.jpg?fit=800%2C445&ssl=1","jetpack_sharing_enabled":true,"_links":{"self":[{"href":"https:\/\/cdnoticias.com\/index.php\/wp-json\/wp\/v2\/posts\/93267","targetHints":{"allow":["GET"]}}],"collection":[{"href":"https:\/\/cdnoticias.com\/index.php\/wp-json\/wp\/v2\/posts"}],"about":[{"href":"https:\/\/cdnoticias.com\/index.php\/wp-json\/wp\/v2\/types\/post"}],"author":[{"embeddable":true,"href":"https:\/\/cdnoticias.com\/index.php\/wp-json\/wp\/v2\/users\/4"}],"replies":[{"embeddable":true,"href":"https:\/\/cdnoticias.com\/index.php\/wp-json\/wp\/v2\/comments?post=93267"}],"version-history":[{"count":0,"href":"https:\/\/cdnoticias.com\/index.php\/wp-json\/wp\/v2\/posts\/93267\/revisions"}],"wp:featuredmedia":[{"embeddable":true,"href":"https:\/\/cdnoticias.com\/index.php\/wp-json\/wp\/v2\/media\/93271"}],"wp:attachment":[{"href":"https:\/\/cdnoticias.com\/index.php\/wp-json\/wp\/v2\/media?parent=93267"}],"wp:term":[{"taxonomy":"category","embeddable":true,"href":"https:\/\/cdnoticias.com\/index.php\/wp-json\/wp\/v2\/categories?post=93267"},{"taxonomy":"post_tag","embeddable":true,"href":"https:\/\/cdnoticias.com\/index.php\/wp-json\/wp\/v2\/tags?post=93267"}],"curies":[{"name":"wp","href":"https:\/\/api.w.org\/{rel}","templated":true}]}}