{"id":93266,"date":"2023-08-14T01:21:14","date_gmt":"2023-08-14T04:21:14","guid":{"rendered":"https:\/\/www.centraldenoticias.com.ar\/?p=93266"},"modified":"2023-08-14T01:21:14","modified_gmt":"2023-08-14T04:21:14","slug":"mestralet-ha-sido-una-eleccion-dura-para-la-izquierda","status":"publish","type":"post","link":"https:\/\/cdnoticias.com\/index.php\/2023\/08\/14\/mestralet-ha-sido-una-eleccion-dura-para-la-izquierda\/","title":{"rendered":"Mestralet: \u201cHa sido una elecci\u00f3n dura para la Izquierda\u201d"},"content":{"rendered":"<p>Lo expres\u00f3 el precandidato a intendente por el Frente de Izquierda. Asegur\u00f3 que \u201cestamos superando las PASO\u201d y analiz\u00f3 el voto a Milei.<!--more--><\/p>\n<hr \/>\n<p>El precandidato a <strong>intendente por el Frente de Izquierda Agust\u00edn Mestralet<\/strong> habl\u00f3 con<em> Central de Noticias<\/em> con un casi 50% de las mesas escrutadas en Olavarr\u00eda. \u201c<strong>Estamos pasando las PASO.<\/strong> Era una preocupaci\u00f3n en un momento del escrutinio cuando ve\u00edamos que los votos a la izquierda hab\u00edan mermado en comparaci\u00f3n a elecciones anteriores en algunas mesas, despu\u00e9s el resultado se fue estabilizando y estamos superando las PASO\u201d.<\/p>\n<p>&nbsp;<\/p>\n<p>Por otra parte, analiz\u00f3 los resultados a nivel nacional y reconoci\u00f3 que \u201c<strong>ha sido una elecci\u00f3n dura para la Izquierda<\/strong>, hemos visto un retroceso electoral en este sentido. Se ven\u00eda viendo por las candidaturas que hab\u00eda un viraje a la derecha muy fuerte. Lo termina capitalizando Milei, explotando la idea de la bronca de la gente\u201d.<\/p>\n<p>&nbsp;<\/p>\n<blockquote><p>Asegur\u00f3 que \u201cesper\u00e1bamos que nuestra elecci\u00f3n reflejara cierto caudal de votos de esa gente muy descontenta de la realidad que estamos viviendo, pero termin\u00f3 siendo que la mayor\u00eda eligi\u00f3 una alternativa m\u00e1s derechista\u201d.<\/p><\/blockquote>\n<p>&nbsp;<\/p>\n<p>Por \u00faltimo, expres\u00f3 que \u201cvemos con mucha preocupaci\u00f3n que la gente se vea nuevamente enga\u00f1ada por una alternativa electoral que se presenta como novedosa pero que en el planteo pol\u00edtico y program\u00e1tico de novedoso no tiene nada\u201d.<\/p>\n","protected":false},"excerpt":{"rendered":"<p>Lo expres\u00f3 el precandidato a intendente por el Frente de Izquierda. Asegur\u00f3 que \u201cestamos superando las PASO\u201d y analiz\u00f3 el<\/p>\n","protected":false},"author":2,"featured_media":93268,"comment_status":"closed","ping_status":"closed","sticky":false,"template":"","format":"standard","meta":{"_jetpack_memberships_contains_paid_content":false,"footnotes":""},"categories":[4,1],"tags":[],"class_list":["post-93266","post","type-post","status-publish","format-standard","has-post-thumbnail","hentry","category-politica","category-portada"],"jetpack_featured_media_url":"https:\/\/i0.wp.com\/cdnoticias.com\/wp-content\/uploads\/2023\/08\/mestralet-paso2023.jpg?fit=800%2C445&ssl=1","jetpack_sharing_enabled":true,"_links":{"self":[{"href":"https:\/\/cdnoticias.com\/index.php\/wp-json\/wp\/v2\/posts\/93266","targetHints":{"allow":["GET"]}}],"collection":[{"href":"https:\/\/cdnoticias.com\/index.php\/wp-json\/wp\/v2\/posts"}],"about":[{"href":"https:\/\/cdnoticias.com\/index.php\/wp-json\/wp\/v2\/types\/post"}],"author":[{"embeddable":true,"href":"https:\/\/cdnoticias.com\/index.php\/wp-json\/wp\/v2\/users\/2"}],"replies":[{"embeddable":true,"href":"https:\/\/cdnoticias.com\/index.php\/wp-json\/wp\/v2\/comments?post=93266"}],"version-history":[{"count":0,"href":"https:\/\/cdnoticias.com\/index.php\/wp-json\/wp\/v2\/posts\/93266\/revisions"}],"wp:featuredmedia":[{"embeddable":true,"href":"https:\/\/cdnoticias.com\/index.php\/wp-json\/wp\/v2\/media\/93268"}],"wp:attachment":[{"href":"https:\/\/cdnoticias.com\/index.php\/wp-json\/wp\/v2\/media?parent=93266"}],"wp:term":[{"taxonomy":"category","embeddable":true,"href":"https:\/\/cdnoticias.com\/index.php\/wp-json\/wp\/v2\/categories?post=93266"},{"taxonomy":"post_tag","embeddable":true,"href":"https:\/\/cdnoticias.com\/index.php\/wp-json\/wp\/v2\/tags?post=93266"}],"curies":[{"name":"wp","href":"https:\/\/api.w.org\/{rel}","templated":true}]}}