{"id":9324,"date":"2020-12-18T17:32:32","date_gmt":"2020-12-18T20:32:32","guid":{"rendered":"http:\/\/www.centraldenoticias.com.ar\/?p=9324"},"modified":"2020-12-18T18:21:54","modified_gmt":"2020-12-18T21:21:54","slug":"olavarria-y-la-region-en-zona-de-alerta-por-vientos-y-tormentas-fuertes","status":"publish","type":"post","link":"https:\/\/cdnoticias.com\/index.php\/2020\/12\/18\/olavarria-y-la-region-en-zona-de-alerta-por-vientos-y-tormentas-fuertes\/","title":{"rendered":"Olavarr\u00eda y la regi\u00f3n en zona de alerta por vientos y tormentas fuertes"},"content":{"rendered":"<p>Las condiciones clim\u00e1ticas cambiar\u00edan dr\u00e1sticamente con el arribo de la noche y se prolongar\u00edan durante la mayor parte del s\u00e1bado.<\/p>\n<p><!--more--><\/p>\n<hr \/>\n<p>Olavarr\u00eda y parte del centro bonaerense se encuentran nuevamente dentro del \u00e1rea de influencia de alertas emitidas desde el Servicio Meteorol\u00f3gico Nacional. Lo particular del caso es que <strong>son dos los llamados de precauci\u00f3n emitidos para la regi\u00f3n<\/strong>.<\/p>\n<p>&nbsp;<\/p>\n<p>En ambos casos se trata de alertas de nivel amarillo, que incluyen tambi\u00e9n\u00a0 a las ciudades vecinas de Laprida y General La Madrid. Una es por tormentas, sobre la cual se detall\u00f3 que <strong>\u201cel \u00e1rea ser\u00e1 afectada por tormentas y lluvias fuertes esperando valores de precipitaci\u00f3n acumulada entre los 40 y 60mm, pudiendo ser superados de forma puntual. Dichos fen\u00f3menos estar\u00e1n acompa\u00f1ados de fuertes r\u00e1fagas, ca\u00edda de granizo e intensa actividad el\u00e9ctrica\u201d<\/strong>.<\/p>\n<p>&nbsp;<\/p>\n<p><img data-recalc-dims=\"1\" loading=\"lazy\" decoding=\"async\" class=\"alignnone size-large wp-image-9325\" src=\"https:\/\/i0.wp.com\/cdnoticias.com\/wp-content\/uploads\/2020\/12\/pronos02-1.jpg?resize=800%2C261&#038;ssl=1\" alt=\"\" width=\"800\" height=\"261\" srcset=\"https:\/\/i0.wp.com\/cdnoticias.com\/wp-content\/uploads\/2020\/12\/pronos02-1.jpg?resize=1024%2C334&amp;ssl=1 1024w, https:\/\/i0.wp.com\/cdnoticias.com\/wp-content\/uploads\/2020\/12\/pronos02-1.jpg?resize=300%2C98&amp;ssl=1 300w, https:\/\/i0.wp.com\/cdnoticias.com\/wp-content\/uploads\/2020\/12\/pronos02-1.jpg?resize=768%2C251&amp;ssl=1 768w, https:\/\/i0.wp.com\/cdnoticias.com\/wp-content\/uploads\/2020\/12\/pronos02-1.jpg?w=1228&amp;ssl=1 1228w\" sizes=\"auto, (max-width: 800px) 100vw, 800px\" \/><\/p>\n<p>&nbsp;<\/p>\n<p>Esta situaci\u00f3n, tal cual se narr\u00f3 a<em><strong> Central de Noticias<\/strong><\/em> desde la Estaci\u00f3n Meteorol\u00f3gica local, comenzar\u00e1 a darse por la tarde y, <strong>principalmente, por la noche, prolong\u00e1ndose inclusive durante la madrugada del s\u00e1bado, jornada para la cual rige tambi\u00e9n un alerta por lluvias<\/strong>.<\/p>\n<p>&nbsp;<\/p>\n<p>A la par, esta regi\u00f3n bonaerense tambi\u00e9n se encuentra alcanzada por un alerta nivel amarillo por vientos. <strong>\u201cEl \u00e1rea ser\u00e1 afectada por vientos del sector sur con velocidades entre los 45 y 60 km\/h, mientras que las r\u00e1fagas pueden superar los 80 km\/h\u201d<\/strong>, se detall\u00f3.<strong> \u201cLos vientos m\u00e1s intensos se esperan para centro y sur de la provincia de Buenos Aires\u201d<\/strong>, se complet\u00f3 en la misma comunicaci\u00f3n.<\/p>\n<p>&nbsp;<\/p>\n<p><img data-recalc-dims=\"1\" loading=\"lazy\" decoding=\"async\" class=\"alignnone size-large wp-image-9327\" src=\"https:\/\/i0.wp.com\/cdnoticias.com\/wp-content\/uploads\/2020\/12\/pronos-3.jpg?resize=800%2C291&#038;ssl=1\" alt=\"\" width=\"800\" height=\"291\" srcset=\"https:\/\/i0.wp.com\/cdnoticias.com\/wp-content\/uploads\/2020\/12\/pronos-3.jpg?resize=1024%2C372&amp;ssl=1 1024w, https:\/\/i0.wp.com\/cdnoticias.com\/wp-content\/uploads\/2020\/12\/pronos-3.jpg?resize=300%2C109&amp;ssl=1 300w, https:\/\/i0.wp.com\/cdnoticias.com\/wp-content\/uploads\/2020\/12\/pronos-3.jpg?resize=768%2C279&amp;ssl=1 768w, https:\/\/i0.wp.com\/cdnoticias.com\/wp-content\/uploads\/2020\/12\/pronos-3.jpg?w=1240&amp;ssl=1 1240w\" sizes=\"auto, (max-width: 800px) 100vw, 800px\" \/><\/p>\n<p>&nbsp;<\/p>\n<p>Vale destacar que el viento ya se ha comenzado a notar, al punto que <strong>se han registrado r\u00e1fagas superiores a los 54 km\/h, seg\u00fan se detall\u00f3 tambi\u00e9n desde la Estaci\u00f3n Meteorol\u00f3gica local a este portal. No obstante, los vientos por ahora soplan desde el sector norte, con una velocidad constante de 28 km\/h.<\/strong><\/p>\n<p>&nbsp;<\/p>\n<p><strong>Los fuertes vientos seguir\u00edan tambi\u00e9n durante toda la jornada del s\u00e1bado, pero con especial \u00e9nfasis durante la tarde, cuando se prev\u00e9n r\u00e1fagas cercanas a los 80 km\/h<\/strong>. El domingo, para concluir con el pron\u00f3stico del fin de semana, no se anticipan lluvias ni fuertes vientos, aunque la temperatura m\u00e1xima fue ubicada apenas por encima de los 20 grados.<\/p>\n","protected":false},"excerpt":{"rendered":"<p>Las condiciones clim\u00e1ticas cambiar\u00edan dr\u00e1sticamente con el arribo de la noche y se prolongar\u00edan durante la mayor parte del s\u00e1bado.<\/p>\n","protected":false},"author":3,"featured_media":9326,"comment_status":"closed","ping_status":"closed","sticky":false,"template":"","format":"standard","meta":{"_jetpack_memberships_contains_paid_content":false,"footnotes":""},"categories":[5,1],"tags":[],"class_list":["post-9324","post","type-post","status-publish","format-standard","has-post-thumbnail","hentry","category-informacion-general","category-portada"],"jetpack_featured_media_url":"https:\/\/i0.wp.com\/cdnoticias.com\/wp-content\/uploads\/2020\/12\/pronos01-2.jpg?fit=811%2C509&ssl=1","jetpack_sharing_enabled":true,"_links":{"self":[{"href":"https:\/\/cdnoticias.com\/index.php\/wp-json\/wp\/v2\/posts\/9324","targetHints":{"allow":["GET"]}}],"collection":[{"href":"https:\/\/cdnoticias.com\/index.php\/wp-json\/wp\/v2\/posts"}],"about":[{"href":"https:\/\/cdnoticias.com\/index.php\/wp-json\/wp\/v2\/types\/post"}],"author":[{"embeddable":true,"href":"https:\/\/cdnoticias.com\/index.php\/wp-json\/wp\/v2\/users\/3"}],"replies":[{"embeddable":true,"href":"https:\/\/cdnoticias.com\/index.php\/wp-json\/wp\/v2\/comments?post=9324"}],"version-history":[{"count":0,"href":"https:\/\/cdnoticias.com\/index.php\/wp-json\/wp\/v2\/posts\/9324\/revisions"}],"wp:featuredmedia":[{"embeddable":true,"href":"https:\/\/cdnoticias.com\/index.php\/wp-json\/wp\/v2\/media\/9326"}],"wp:attachment":[{"href":"https:\/\/cdnoticias.com\/index.php\/wp-json\/wp\/v2\/media?parent=9324"}],"wp:term":[{"taxonomy":"category","embeddable":true,"href":"https:\/\/cdnoticias.com\/index.php\/wp-json\/wp\/v2\/categories?post=9324"},{"taxonomy":"post_tag","embeddable":true,"href":"https:\/\/cdnoticias.com\/index.php\/wp-json\/wp\/v2\/tags?post=9324"}],"curies":[{"name":"wp","href":"https:\/\/api.w.org\/{rel}","templated":true}]}}