{"id":93219,"date":"2023-08-14T01:05:22","date_gmt":"2023-08-14T04:05:22","guid":{"rendered":"https:\/\/www.centraldenoticias.com.ar\/?p=93219"},"modified":"2023-08-14T01:05:22","modified_gmt":"2023-08-14T04:05:22","slug":"el-gran-objetivo-es-ganar-la-intendencia","status":"publish","type":"post","link":"https:\/\/cdnoticias.com\/index.php\/2023\/08\/14\/el-gran-objetivo-es-ganar-la-intendencia\/","title":{"rendered":"\u201cEl gran objetivo es ganar la Intendencia\u201d"},"content":{"rendered":"<p>As\u00ed lo manifest\u00f3 Celeste Arouxet, quien hasta el momento del recuento de votos pisa el segundo puesto por la Intendencia.<!--more--><\/p>\n<hr \/>\n<p>La <strong>candidata a Intendente por Ahora Olavarr\u00eda, Celeste Arouxet,<\/strong> recibi\u00f3 a su militancia en su local ubicado en 9 de Julio y Bol\u00edvar. En di\u00e1logo con <em>Central de Noticias<\/em>, la candidata por el espacio de Javier Milei reflexion\u00f3 sobre la jornada electoral.<\/p>\n<p>&nbsp;<\/p>\n<p>\u201cPara nosotros fue la gran encuesta. Yo no me esperaba este n\u00famero, nos enfrentamos con dos aparatos gigantes, con toda la plata y nosotros lo logramos. <strong>Estamos logrando cosas que la pol\u00edtica de hoy no logra. Ni con todo el aparato lo lograron<\/strong>\u201d expres\u00f3.<\/p>\n<p>&nbsp;<\/p>\n<p><img data-recalc-dims=\"1\" loading=\"lazy\" decoding=\"async\" class=\"aligncenter wp-image-93259 size-large\" src=\"https:\/\/i0.wp.com\/cdnoticias.com\/wp-content\/uploads\/2023\/08\/arouxet-decla1.jpg?resize=800%2C445&#038;ssl=1\" alt=\"\" width=\"800\" height=\"445\" srcset=\"https:\/\/i0.wp.com\/cdnoticias.com\/wp-content\/uploads\/2023\/08\/arouxet-decla1.jpg?resize=1024%2C570&amp;ssl=1 1024w, https:\/\/i0.wp.com\/cdnoticias.com\/wp-content\/uploads\/2023\/08\/arouxet-decla1.jpg?resize=300%2C167&amp;ssl=1 300w, https:\/\/i0.wp.com\/cdnoticias.com\/wp-content\/uploads\/2023\/08\/arouxet-decla1.jpg?resize=768%2C427&amp;ssl=1 768w, https:\/\/i0.wp.com\/cdnoticias.com\/wp-content\/uploads\/2023\/08\/arouxet-decla1.jpg?resize=1536%2C854&amp;ssl=1 1536w, https:\/\/i0.wp.com\/cdnoticias.com\/wp-content\/uploads\/2023\/08\/arouxet-decla1.jpg?resize=800%2C445&amp;ssl=1 800w, https:\/\/i0.wp.com\/cdnoticias.com\/wp-content\/uploads\/2023\/08\/arouxet-decla1.jpg?w=1600&amp;ssl=1 1600w\" sizes=\"auto, (max-width: 800px) 100vw, 800px\" \/><\/p>\n<p>&nbsp;<\/p>\n<p>Con respecto a la campa\u00f1a, se\u00f1al\u00f3 que \u201ca veces no logras esa gran visibilidad. Este resultado tambi\u00e9n nos va a ayudar a que la gente pregunte<strong> qu\u00e9 es Ahora Olavarr\u00eda, qui\u00e9n es el equipo de Milei en Olavarr\u00eda<\/strong>, <strong>qui\u00e9n es Celeste.<\/strong> As\u00ed se van a ir acercando y yo s\u00e9 que una vez que se acerquen, se van a ir quedando\u201d.<\/p>\n<p>&nbsp;<\/p>\n<blockquote><p>&#8220;Esto era lo m\u00e1ximo que esper\u00e1bamos y se dio. Le tengo que decir gracias a Olavarr\u00eda porque confiaron en la pol\u00edtica nueva que queremos hacer y en la pol\u00edtica buena que queremos hacer. Cuando empezaron a abrir los sobres, la verdad que era el sue\u00f1o que tuviste siempre y se cumpli\u00f3&#8221; mencion\u00f3 emocionada.<\/p><\/blockquote>\n<p>&nbsp;<\/p>\n<p>Entre c\u00e1nticos, bengalas y festejos, adelant\u00f3 c\u00f3mo sigue su candidatura con vistas a las elecciones generales: &#8220;Hoy ya es un paso gigante que dimos. El <strong>gran objetivo es ganar la Intendencia en octubre&#8221;.<\/strong><\/p>\n","protected":false},"excerpt":{"rendered":"<p>As\u00ed lo manifest\u00f3 Celeste Arouxet, quien hasta el momento del recuento de votos pisa el segundo puesto por la Intendencia.<\/p>\n","protected":false},"author":2,"featured_media":93258,"comment_status":"closed","ping_status":"closed","sticky":false,"template":"","format":"standard","meta":{"_jetpack_memberships_contains_paid_content":false,"footnotes":""},"categories":[4,1],"tags":[],"class_list":["post-93219","post","type-post","status-publish","format-standard","has-post-thumbnail","hentry","category-politica","category-portada"],"jetpack_featured_media_url":"https:\/\/i0.wp.com\/cdnoticias.com\/wp-content\/uploads\/2023\/08\/arouxet-decla.jpg?fit=1200%2C668&ssl=1","jetpack_sharing_enabled":true,"_links":{"self":[{"href":"https:\/\/cdnoticias.com\/index.php\/wp-json\/wp\/v2\/posts\/93219","targetHints":{"allow":["GET"]}}],"collection":[{"href":"https:\/\/cdnoticias.com\/index.php\/wp-json\/wp\/v2\/posts"}],"about":[{"href":"https:\/\/cdnoticias.com\/index.php\/wp-json\/wp\/v2\/types\/post"}],"author":[{"embeddable":true,"href":"https:\/\/cdnoticias.com\/index.php\/wp-json\/wp\/v2\/users\/2"}],"replies":[{"embeddable":true,"href":"https:\/\/cdnoticias.com\/index.php\/wp-json\/wp\/v2\/comments?post=93219"}],"version-history":[{"count":0,"href":"https:\/\/cdnoticias.com\/index.php\/wp-json\/wp\/v2\/posts\/93219\/revisions"}],"wp:featuredmedia":[{"embeddable":true,"href":"https:\/\/cdnoticias.com\/index.php\/wp-json\/wp\/v2\/media\/93258"}],"wp:attachment":[{"href":"https:\/\/cdnoticias.com\/index.php\/wp-json\/wp\/v2\/media?parent=93219"}],"wp:term":[{"taxonomy":"category","embeddable":true,"href":"https:\/\/cdnoticias.com\/index.php\/wp-json\/wp\/v2\/categories?post=93219"},{"taxonomy":"post_tag","embeddable":true,"href":"https:\/\/cdnoticias.com\/index.php\/wp-json\/wp\/v2\/tags?post=93219"}],"curies":[{"name":"wp","href":"https:\/\/api.w.org\/{rel}","templated":true}]}}