{"id":93214,"date":"2023-08-14T00:37:30","date_gmt":"2023-08-14T03:37:30","guid":{"rendered":"https:\/\/www.centraldenoticias.com.ar\/?p=93214"},"modified":"2023-08-14T10:44:01","modified_gmt":"2023-08-14T13:44:01","slug":"wesner-este-espacio-politico-es-el-mas-votado-de-olavarria","status":"publish","type":"post","link":"https:\/\/cdnoticias.com\/index.php\/2023\/08\/14\/wesner-este-espacio-politico-es-el-mas-votado-de-olavarria\/","title":{"rendered":"Wesner: &#8220;Este espacio pol\u00edtico es el m\u00e1s votado de Olavarr\u00eda&#8221;"},"content":{"rendered":"<p>El bunker del precandidato a Intendente, Maximiliano Wesner festej\u00f3 los resultados en medio de la euforia y sonaron los canticos &#8220;Se viene Tota, Tota&#8221;. &#8221; Salgamos a buscar los votos que faltan&#8221; resalt\u00f3 Wesner.<!--more--><\/p>\n<hr \/>\n<p><em><strong>&#8220;Es una noche hermosa, de alegr\u00eda, de encuentro&#8221;<\/strong><\/em> expres\u00f3 el <strong>precandidato a Intendente, Maximiliano Wesner,<\/strong> actualmente <strong>el m\u00e1s votado en las PASO 2023. Lo hizo en el bunker que ubicaron en el sal\u00f3n de Uni\u00f3n Clasistas ante decenas de militantes.\u00a0<\/strong><\/p>\n<p>&nbsp;<\/p>\n<p><img data-recalc-dims=\"1\" loading=\"lazy\" decoding=\"async\" class=\"aligncenter size-full wp-image-93239\" src=\"https:\/\/i0.wp.com\/cdnoticias.com\/wp-content\/uploads\/2023\/08\/wesner-bun2.jpg?resize=800%2C446&#038;ssl=1\" alt=\"\" width=\"800\" height=\"446\" srcset=\"https:\/\/i0.wp.com\/cdnoticias.com\/wp-content\/uploads\/2023\/08\/wesner-bun2.jpg?w=1072&amp;ssl=1 1072w, https:\/\/i0.wp.com\/cdnoticias.com\/wp-content\/uploads\/2023\/08\/wesner-bun2.jpg?resize=300%2C167&amp;ssl=1 300w, https:\/\/i0.wp.com\/cdnoticias.com\/wp-content\/uploads\/2023\/08\/wesner-bun2.jpg?resize=1024%2C570&amp;ssl=1 1024w, https:\/\/i0.wp.com\/cdnoticias.com\/wp-content\/uploads\/2023\/08\/wesner-bun2.jpg?resize=768%2C428&amp;ssl=1 768w, https:\/\/i0.wp.com\/cdnoticias.com\/wp-content\/uploads\/2023\/08\/wesner-bun2.jpg?resize=800%2C445&amp;ssl=1 800w\" sizes=\"auto, (max-width: 800px) 100vw, 800px\" \/><\/p>\n<p>&nbsp;<\/p>\n<p><img data-recalc-dims=\"1\" loading=\"lazy\" decoding=\"async\" class=\"aligncenter size-full wp-image-93237\" src=\"https:\/\/i0.wp.com\/cdnoticias.com\/wp-content\/uploads\/2023\/08\/wesner-bun.jpg?resize=800%2C446&#038;ssl=1\" alt=\"\" width=\"800\" height=\"446\" srcset=\"https:\/\/i0.wp.com\/cdnoticias.com\/wp-content\/uploads\/2023\/08\/wesner-bun.jpg?w=1072&amp;ssl=1 1072w, https:\/\/i0.wp.com\/cdnoticias.com\/wp-content\/uploads\/2023\/08\/wesner-bun.jpg?resize=300%2C167&amp;ssl=1 300w, https:\/\/i0.wp.com\/cdnoticias.com\/wp-content\/uploads\/2023\/08\/wesner-bun.jpg?resize=1024%2C570&amp;ssl=1 1024w, https:\/\/i0.wp.com\/cdnoticias.com\/wp-content\/uploads\/2023\/08\/wesner-bun.jpg?resize=768%2C428&amp;ssl=1 768w, https:\/\/i0.wp.com\/cdnoticias.com\/wp-content\/uploads\/2023\/08\/wesner-bun.jpg?resize=800%2C445&amp;ssl=1 800w\" sizes=\"auto, (max-width: 800px) 100vw, 800px\" \/><\/p>\n<p>&nbsp;<\/p>\n<p>Con euforia, gritos y c\u00e1nticos como &#8220;<em>Se viene Tota, Tota<\/em>&#8221; de las personas presentes, Wesner agradeci\u00f3 a &#8220;Eduardo Rodr\u00edguez, In\u00e9s Creimer, Sergio Tano Milesi, Einar Iguerategui y a Hern\u00e1n Parra que me hizo llegar sus saludos y felicitaciones&#8221;. Adem\u00e1s, felicit\u00f3 a los fiscales &#8220;que se pusieron la campa\u00f1a al hombro&#8221;.<\/p>\n<p>&nbsp;<\/p>\n<p><img data-recalc-dims=\"1\" loading=\"lazy\" decoding=\"async\" class=\"aligncenter size-full wp-image-93243\" src=\"https:\/\/i0.wp.com\/cdnoticias.com\/wp-content\/uploads\/2023\/08\/wesner-bun6.jpg?resize=800%2C446&#038;ssl=1\" alt=\"\" width=\"800\" height=\"446\" srcset=\"https:\/\/i0.wp.com\/cdnoticias.com\/wp-content\/uploads\/2023\/08\/wesner-bun6.jpg?w=1072&amp;ssl=1 1072w, https:\/\/i0.wp.com\/cdnoticias.com\/wp-content\/uploads\/2023\/08\/wesner-bun6.jpg?resize=300%2C167&amp;ssl=1 300w, https:\/\/i0.wp.com\/cdnoticias.com\/wp-content\/uploads\/2023\/08\/wesner-bun6.jpg?resize=1024%2C570&amp;ssl=1 1024w, https:\/\/i0.wp.com\/cdnoticias.com\/wp-content\/uploads\/2023\/08\/wesner-bun6.jpg?resize=768%2C428&amp;ssl=1 768w, https:\/\/i0.wp.com\/cdnoticias.com\/wp-content\/uploads\/2023\/08\/wesner-bun6.jpg?resize=800%2C445&amp;ssl=1 800w\" sizes=\"auto, (max-width: 800px) 100vw, 800px\" \/><\/p>\n<p>&nbsp;<\/p>\n<p><img data-recalc-dims=\"1\" loading=\"lazy\" decoding=\"async\" class=\"aligncenter size-full wp-image-93244\" src=\"https:\/\/i0.wp.com\/cdnoticias.com\/wp-content\/uploads\/2023\/08\/wesner-bun7.jpg?resize=800%2C446&#038;ssl=1\" alt=\"\" width=\"800\" height=\"446\" srcset=\"https:\/\/i0.wp.com\/cdnoticias.com\/wp-content\/uploads\/2023\/08\/wesner-bun7.jpg?w=1072&amp;ssl=1 1072w, https:\/\/i0.wp.com\/cdnoticias.com\/wp-content\/uploads\/2023\/08\/wesner-bun7.jpg?resize=300%2C167&amp;ssl=1 300w, https:\/\/i0.wp.com\/cdnoticias.com\/wp-content\/uploads\/2023\/08\/wesner-bun7.jpg?resize=1024%2C570&amp;ssl=1 1024w, https:\/\/i0.wp.com\/cdnoticias.com\/wp-content\/uploads\/2023\/08\/wesner-bun7.jpg?resize=768%2C428&amp;ssl=1 768w, https:\/\/i0.wp.com\/cdnoticias.com\/wp-content\/uploads\/2023\/08\/wesner-bun7.jpg?resize=800%2C445&amp;ssl=1 800w\" sizes=\"auto, (max-width: 800px) 100vw, 800px\" \/><\/p>\n<p>&nbsp;<\/p>\n<blockquote><p>&#8220;Quiero decirle a todos los olavarrienses que este espacio pol\u00edtico es el m\u00e1s votado de Olavarr\u00eda con el 53% de las mesas escrutadas. Es una noche hermosa, de alegr\u00eda, de encuentro que nos encuentra con el resto de la lista que integramos Uni\u00f3n por la Patria, el espacio en el cual venimos caminando desde hace mucho tiempo&#8221;.<\/p><\/blockquote>\n<p>&nbsp;<\/p>\n<p>&#8220;Los vecinos y vecinas de Olavarr\u00eda se tienen que quedar muy tranquilos de que <strong>vamos a trabajar con seriedad<\/strong>, porque lo venimos haciendo con seriedad, pero por sobre todas las cosas, c<strong>on mucha responsabilidad,<\/strong> con una responsabilidad sincera que tenemos los que estamos en este lugar, de poder mirar a cualquier vecino o vecina de cualquier barrio, de cualquier localidad a la cara, y que lo que planteamos lo vamos a ejecutar <strong>si quieren que seamos gobierno a partir del 10 de diciembre. Salgamos a buscar los votos que faltan&#8221;<\/strong> cerr\u00f3 Wesner.<\/p>\n<p>&nbsp;<\/p>\n<p><img data-recalc-dims=\"1\" loading=\"lazy\" decoding=\"async\" class=\"aligncenter size-full wp-image-93238\" src=\"https:\/\/i0.wp.com\/cdnoticias.com\/wp-content\/uploads\/2023\/08\/wesner-bun1.jpg?resize=800%2C446&#038;ssl=1\" alt=\"\" width=\"800\" height=\"446\" srcset=\"https:\/\/i0.wp.com\/cdnoticias.com\/wp-content\/uploads\/2023\/08\/wesner-bun1.jpg?w=1072&amp;ssl=1 1072w, https:\/\/i0.wp.com\/cdnoticias.com\/wp-content\/uploads\/2023\/08\/wesner-bun1.jpg?resize=300%2C167&amp;ssl=1 300w, https:\/\/i0.wp.com\/cdnoticias.com\/wp-content\/uploads\/2023\/08\/wesner-bun1.jpg?resize=1024%2C570&amp;ssl=1 1024w, https:\/\/i0.wp.com\/cdnoticias.com\/wp-content\/uploads\/2023\/08\/wesner-bun1.jpg?resize=768%2C428&amp;ssl=1 768w, https:\/\/i0.wp.com\/cdnoticias.com\/wp-content\/uploads\/2023\/08\/wesner-bun1.jpg?resize=800%2C445&amp;ssl=1 800w\" sizes=\"auto, (max-width: 800px) 100vw, 800px\" \/><\/p>\n","protected":false},"excerpt":{"rendered":"<p>El bunker del precandidato a Intendente, Maximiliano Wesner festej\u00f3 los resultados en medio de la euforia y sonaron los canticos<\/p>\n","protected":false},"author":6,"featured_media":93241,"comment_status":"closed","ping_status":"closed","sticky":false,"template":"","format":"standard","meta":{"_jetpack_memberships_contains_paid_content":false,"footnotes":""},"categories":[4,1],"tags":[],"class_list":["post-93214","post","type-post","status-publish","format-standard","has-post-thumbnail","hentry","category-politica","category-portada"],"jetpack_featured_media_url":"https:\/\/i0.wp.com\/cdnoticias.com\/wp-content\/uploads\/2023\/08\/wesner-bun4.jpg?fit=1072%2C597&ssl=1","jetpack_sharing_enabled":true,"_links":{"self":[{"href":"https:\/\/cdnoticias.com\/index.php\/wp-json\/wp\/v2\/posts\/93214","targetHints":{"allow":["GET"]}}],"collection":[{"href":"https:\/\/cdnoticias.com\/index.php\/wp-json\/wp\/v2\/posts"}],"about":[{"href":"https:\/\/cdnoticias.com\/index.php\/wp-json\/wp\/v2\/types\/post"}],"author":[{"embeddable":true,"href":"https:\/\/cdnoticias.com\/index.php\/wp-json\/wp\/v2\/users\/6"}],"replies":[{"embeddable":true,"href":"https:\/\/cdnoticias.com\/index.php\/wp-json\/wp\/v2\/comments?post=93214"}],"version-history":[{"count":0,"href":"https:\/\/cdnoticias.com\/index.php\/wp-json\/wp\/v2\/posts\/93214\/revisions"}],"wp:featuredmedia":[{"embeddable":true,"href":"https:\/\/cdnoticias.com\/index.php\/wp-json\/wp\/v2\/media\/93241"}],"wp:attachment":[{"href":"https:\/\/cdnoticias.com\/index.php\/wp-json\/wp\/v2\/media?parent=93214"}],"wp:term":[{"taxonomy":"category","embeddable":true,"href":"https:\/\/cdnoticias.com\/index.php\/wp-json\/wp\/v2\/categories?post=93214"},{"taxonomy":"post_tag","embeddable":true,"href":"https:\/\/cdnoticias.com\/index.php\/wp-json\/wp\/v2\/tags?post=93214"}],"curies":[{"name":"wp","href":"https:\/\/api.w.org\/{rel}","templated":true}]}}