{"id":9321,"date":"2020-12-18T15:48:27","date_gmt":"2020-12-18T18:48:27","guid":{"rendered":"http:\/\/www.centraldenoticias.com.ar\/?p=9321"},"modified":"2020-12-18T17:32:58","modified_gmt":"2020-12-18T20:32:58","slug":"luego-del-reclamo-de-vecinos-ampliaron-la-frecuencia-del-transporte-interurbano","status":"publish","type":"post","link":"https:\/\/cdnoticias.com\/index.php\/2020\/12\/18\/luego-del-reclamo-de-vecinos-ampliaron-la-frecuencia-del-transporte-interurbano\/","title":{"rendered":"Luego del reclamo de vecinos, ampliaron la frecuencia del transporte interurbano"},"content":{"rendered":"<p>El pasado jueves la sociedad de fomento del barrio AOMA hab\u00eda remitido un escrito tanto a la empresa como al Ejecutivo local. Desde el municipio se inform\u00f3 el dep\u00f3sito de un subsidio nacional adeudado.<\/p>\n<p><!--more--><\/p>\n<hr \/>\n<p><strong>\u201cEntendemos el problema que tiene la empresa al no cobrar el subsidio, pero pedimos que tambi\u00e9n se nos entienda que nosotros no podemos afrontar el gasto de remis ya que el costo del mismo oscila entre los 250 y 320 pesos cada viaje\u201d,<\/strong> puede leerse en un apartado del documento que el \u00faltimo jueves el presidente de la Sociedad de Fomento Carlos Von Bernard del barrio AOMA acerc\u00f3 a la empresa Ola Bus, requiriendo que se pueda volver a tener un servicio a media ma\u00f1ana, tal como suced\u00eda previo a la pandemia.<\/p>\n<p>&nbsp;<\/p>\n<p>Inclusive, un escrito similar tambi\u00e9n fue puesto a disposici\u00f3n del Ejecutivo local, m\u00e1s precisamente al secretario de Gobierno Hilario Galli. Las novedades este viernes provinieron precisamente desde el municipio, que inform\u00f3 que <strong>a fines de la semana pasada fue acreditado el subsidio nacional adeudado<\/strong>, correspondiente al mes de agosto, y que a partir de all\u00ed se tom\u00f3 la medida de comenzar a ampliar la frecuencia del transporte interurbano. <strong>\u201cA medida que se regularice el cobro de los mismos se ir\u00e1 volviendo a ampliar las frecuencias\u201d, se a\u00f1adi\u00f3.<\/strong><\/p>\n<p>&nbsp;<\/p>\n<figure id=\"attachment_9269\" aria-describedby=\"caption-attachment-9269\" style=\"width: 800px\" class=\"wp-caption alignnone\"><img data-recalc-dims=\"1\" loading=\"lazy\" decoding=\"async\" class=\"size-full wp-image-9269\" src=\"https:\/\/i0.wp.com\/cdnoticias.com\/wp-content\/uploads\/2020\/12\/carta-ola-bus.jpg?resize=800%2C509&#038;ssl=1\" alt=\"\" width=\"800\" height=\"509\" srcset=\"https:\/\/i0.wp.com\/cdnoticias.com\/wp-content\/uploads\/2020\/12\/carta-ola-bus.jpg?w=800&amp;ssl=1 800w, https:\/\/i0.wp.com\/cdnoticias.com\/wp-content\/uploads\/2020\/12\/carta-ola-bus.jpg?resize=300%2C191&amp;ssl=1 300w, https:\/\/i0.wp.com\/cdnoticias.com\/wp-content\/uploads\/2020\/12\/carta-ola-bus.jpg?resize=768%2C489&amp;ssl=1 768w\" sizes=\"auto, (max-width: 800px) 100vw, 800px\" \/><figcaption id=\"caption-attachment-9269\" class=\"wp-caption-text\">El escrito enviado desde la sociedad de fomento del barrio AOMA<\/figcaption><\/figure>\n<p>&nbsp;<\/p>\n<p>El pedido en particular era el deseo de poder recuperar el servicio de las 10 de la ma\u00f1ana, algo que fue fundamentado no s\u00f3lo en la poca frecuencia disponible para poder llegar a Olavarr\u00eda, en la mayor\u00eda de los casos por motivos laborales, sino tambi\u00e9n que esta poca disponibilidad har\u00eda que sean muchas las personas que terminan viajando en los colectivos, algo riesgoso teniendo en cuenta las medidas sanitarias por coronavirus. Es por ello que <strong>se hab\u00eda insistido en llevar adelante una medida basada en el \u201csentido com\u00fan y coherencia\u201d.<\/strong><\/p>\n<p>&nbsp;<\/p>\n<p>El cronograma de los recorridos de acuerdo a cada localidad ser\u00e1 el siguiente:<\/p>\n<p>&nbsp;<\/p>\n<p><strong>L\u00ednea 509<\/strong><\/p>\n<p>Desde Olavarr\u00eda: 06:00hs, 07:00hs, 10:00hs, 12:00hs, 14:00hs, 16:00hs, 18:00hs y 20:00hs<\/p>\n<p>Desde Villa Mi Serran\u00eda: 6:50hs, 7:45hs; 12:45hs y 18:45hs<\/p>\n<p>Desde Loma Negra: 07:00hs, 08:00hs, 11:00hs, 13:00hs, 15:00hs, 17:00hs, 19:00 y 21:00hs<\/p>\n<p>&nbsp;<\/p>\n<p><strong>S\u00e1bados<\/strong><\/p>\n<p>Desde Olavarr\u00eda: 07:00hs, 10:00hs, 12:00hs, 15:00hs, 18:00hs y 20:00hs<\/p>\n<p>Desde Villa Mi Serran\u00eda: 07:45hs, 12:45hs y 18:45hs<\/p>\n<p>Desde Loma Negra: 08:00hs, 11:00hs, 13:00hs, 16:00hs, 19:00hs y 21:00hs<\/p>\n<p>&nbsp;<\/p>\n<p><strong>L\u00ednea 510<\/strong><\/p>\n<p>Desde Olavarr\u00eda: 06:45hs, 10:00hs, 12:00hs, 14:00hs, 16:00hs, 18:00hs y 20:00hs.<\/p>\n<p>Desde Colonia San Miguel: 07:45hs, 13:00hs y 18:45hs<\/p>\n<p>Desde Sierras Bayas: 08:00hs, 11:00hs, 13:15hs, 15:00hs, 17:00hs, 19:00hs y 21:00hs<\/p>\n<p>&nbsp;<\/p>\n<p><strong>S\u00e1bado<\/strong><\/p>\n<p>Desde Olavarr\u00eda: 06:45hs, 10:00hs, 12:00hs, 15:00hs, 18:00hs y 20:00hs<\/p>\n<p>Desde Colonia San Miguel: 07:45hs, 13:00hs y 18:45hs<\/p>\n<p>Desde Sierras Bayas: 08:00hs, 11:00hs, 13:15hs, 16:00hs, 19:00hs y 21:00hs<\/p>\n<p>&nbsp;<\/p>\n<p><strong>L\u00ednea 514<\/strong><\/p>\n<p>Desde Olavarr\u00eda: 06:00hs, 08:00hs, 09:00hs, 12:00hs, 14:00hs, 16:00hs, 18:00hs y 20:00hs<\/p>\n<p>Desde Hinojo: 07:00hs, 09:00hs, 10:00hs, 13:00hs, 15:00hs, 17:00hs, 19:00hs y 21:00hs<\/p>\n<p>&nbsp;<\/p>\n<p><strong>S\u00e1bado<\/strong><\/p>\n<p>Desde Olavarr\u00eda: 06:00hs, 09:00hs, 12:00hs, 15:00hs, 18:00hs y 20:00hs<\/p>\n<p>Desde Hinojo: 07:00hs, 10:00hs, 13:00hs, 16:00hs, 19:00hs y 21:00hs<\/p>\n<p>&nbsp;<\/p>\n<p>Adem\u00e1s, saldr\u00e1 un adicional desde Olavarr\u00eda a Sierra Chica a las 12hs. Y se pondr\u00e1n tres micros directos desde Sierra Chica a Olavarr\u00eda en los horarios de 07:15hs, 10:15hs y 13:00hs<\/p>\n","protected":false},"excerpt":{"rendered":"<p>El pasado jueves la sociedad de fomento del barrio AOMA hab\u00eda remitido un escrito tanto a la empresa como al<\/p>\n","protected":false},"author":3,"featured_media":9270,"comment_status":"closed","ping_status":"closed","sticky":false,"template":"","format":"standard","meta":{"_jetpack_memberships_contains_paid_content":false,"footnotes":""},"categories":[5,1],"tags":[],"class_list":["post-9321","post","type-post","status-publish","format-standard","has-post-thumbnail","hentry","category-informacion-general","category-portada"],"jetpack_featured_media_url":"https:\/\/i0.wp.com\/cdnoticias.com\/wp-content\/uploads\/2020\/12\/03-1.jpg?fit=800%2C542&ssl=1","jetpack_sharing_enabled":true,"_links":{"self":[{"href":"https:\/\/cdnoticias.com\/index.php\/wp-json\/wp\/v2\/posts\/9321","targetHints":{"allow":["GET"]}}],"collection":[{"href":"https:\/\/cdnoticias.com\/index.php\/wp-json\/wp\/v2\/posts"}],"about":[{"href":"https:\/\/cdnoticias.com\/index.php\/wp-json\/wp\/v2\/types\/post"}],"author":[{"embeddable":true,"href":"https:\/\/cdnoticias.com\/index.php\/wp-json\/wp\/v2\/users\/3"}],"replies":[{"embeddable":true,"href":"https:\/\/cdnoticias.com\/index.php\/wp-json\/wp\/v2\/comments?post=9321"}],"version-history":[{"count":0,"href":"https:\/\/cdnoticias.com\/index.php\/wp-json\/wp\/v2\/posts\/9321\/revisions"}],"wp:featuredmedia":[{"embeddable":true,"href":"https:\/\/cdnoticias.com\/index.php\/wp-json\/wp\/v2\/media\/9270"}],"wp:attachment":[{"href":"https:\/\/cdnoticias.com\/index.php\/wp-json\/wp\/v2\/media?parent=9321"}],"wp:term":[{"taxonomy":"category","embeddable":true,"href":"https:\/\/cdnoticias.com\/index.php\/wp-json\/wp\/v2\/categories?post=9321"},{"taxonomy":"post_tag","embeddable":true,"href":"https:\/\/cdnoticias.com\/index.php\/wp-json\/wp\/v2\/tags?post=9321"}],"curies":[{"name":"wp","href":"https:\/\/api.w.org\/{rel}","templated":true}]}}