{"id":9318,"date":"2020-12-18T15:26:44","date_gmt":"2020-12-18T18:26:44","guid":{"rendered":"http:\/\/www.centraldenoticias.com.ar\/?p=9318"},"modified":"2020-12-18T14:16:26","modified_gmt":"2020-12-18T17:16:26","slug":"concurso-de-fotografia-y-relatos-sobre-la-pandemia-para-el-personal-sanitario","status":"publish","type":"post","link":"https:\/\/cdnoticias.com\/index.php\/2020\/12\/18\/concurso-de-fotografia-y-relatos-sobre-la-pandemia-para-el-personal-sanitario\/","title":{"rendered":"Concurso de fotograf\u00eda y relatos sobre la pandemia para el personal sanitario"},"content":{"rendered":"<p>Es una iniciativa del Ministerio de Salud bonaerense para \u201cconocer la experiencia desde el territorio\u201d. Hay tiempo para enviar material hasta el 15 de enero.<!--more--><\/p>\n<hr \/>\n<p><strong>El Ministerio de Salud bonaerense invit\u00f3 a trabajadores de establecimientos de salud p\u00fablica de la provincia a participar del primer concurso de fotograf\u00eda y relato de no ficci\u00f3n denominado \u201cNuestro Equipo de Salud en Pandemia\u201d<\/strong>.<\/p>\n<p>En un comunicado emitido este viernes, se explic\u00f3 que se trata de <strong>\u201cun espacio de expresi\u00f3n creativa para los equipos y una oportunidad para conocer la experiencia desde el territorio\u201d<\/strong>.\u00a0Los ganadores se anunciar\u00e1n el 2 de febrero de 2021 y recibir\u00e1n varios premios por categor\u00eda.<\/p>\n<blockquote><p>El concurso convoca a presentar hasta el 15 de enero 2021 inclusive, fotograf\u00edas y relatos de no ficci\u00f3n sobre la pandemia que \u201cvisibilicen las vivencias, las voces y las miradas desde el interior de los equipos de salud y los territorios de los establecimientos bonaerenses\u201d.<\/p><\/blockquote>\n<p>El objetivo es \u201c<strong>recuperar qu\u00e9 sucedi\u00f3 a partir de marzo 2020<\/strong> y dar cuenta de la escucha, la mirada atenta, los recuerdos, los testimonios y las descripciones del espacio atravesado por la convulsi\u00f3n de la pandemia\u201d.<\/p>\n<p><strong>Podr\u00e1n participar trabajadores y trabajadoras de hospitales provinciales, municipales, Centros de Atenci\u00f3n Primaria, Institutos, laboratorios y cualquier otro efector p\u00fablico de la salud de la jurisdicci\u00f3n.<\/strong><\/p>\n<p>La inscripci\u00f3n puede ser individual o colectiva y debe presentarse una obra bajo autor\u00eda m\u00faltiple o consignando solamente el nombre del establecimiento.<\/p>\n<p><strong>Libros y diplomas<\/strong><\/p>\n<p>Los premios son un diploma de reconocimiento y tres libros para el centro de salud que sea seleccionado en el primer puesto de cada una de las categor\u00edas (fotograf\u00eda y relatos de no ficci\u00f3n).<\/p>\n<p>Los segundos puestos ser\u00e1n premiados con un diploma de reconocimiento y dos libros para el establecimiento de salud y los terceros lugares recibir\u00e1n un diploma y un libro.<\/p>\n<p>Para inscribirse, se debe completar un formulario en <a href=\"https:\/\/docs.google.com\/forms\/d\/e\/1FAIpQLSchWM6XLdKoqftiI_U6DzfQ1xhga-mWfNpAn1sfhAOi8CeMBQ\/viewform\" target=\"_blank\" rel=\"noopener\">este link<\/a>; las bases y condiciones est\u00e1n en <a href=\"http:\/\/www.ms.gba.gov.ar\/sitios\/media\/files\/2020\/12\/Concurso-Nuestro-equipo-de-salud-en-pandemia.pdf\" target=\"_blank\" rel=\"noopener\">este otro enlace<\/a>. Finalmente, el material deber\u00e1 enviarse por correo electr\u00f3nico a <em>concursoequiposdesalud2020@gmail.com<\/em>.<\/p>\n<p>Fuente: Agencia DIB<\/p>\n","protected":false},"excerpt":{"rendered":"<p>Es una iniciativa del Ministerio de Salud bonaerense para \u201cconocer la experiencia desde el territorio\u201d. Hay tiempo para enviar material<\/p>\n","protected":false},"author":4,"featured_media":9319,"comment_status":"closed","ping_status":"closed","sticky":false,"template":"","format":"standard","meta":{"_jetpack_memberships_contains_paid_content":false,"footnotes":""},"categories":[6],"tags":[],"class_list":["post-9318","post","type-post","status-publish","format-standard","has-post-thumbnail","hentry","category-nacionales"],"jetpack_featured_media_url":"https:\/\/i0.wp.com\/cdnoticias.com\/wp-content\/uploads\/2020\/12\/covid-personal-de-salud-696x392.jpg?fit=696%2C392&ssl=1","jetpack_sharing_enabled":true,"_links":{"self":[{"href":"https:\/\/cdnoticias.com\/index.php\/wp-json\/wp\/v2\/posts\/9318","targetHints":{"allow":["GET"]}}],"collection":[{"href":"https:\/\/cdnoticias.com\/index.php\/wp-json\/wp\/v2\/posts"}],"about":[{"href":"https:\/\/cdnoticias.com\/index.php\/wp-json\/wp\/v2\/types\/post"}],"author":[{"embeddable":true,"href":"https:\/\/cdnoticias.com\/index.php\/wp-json\/wp\/v2\/users\/4"}],"replies":[{"embeddable":true,"href":"https:\/\/cdnoticias.com\/index.php\/wp-json\/wp\/v2\/comments?post=9318"}],"version-history":[{"count":0,"href":"https:\/\/cdnoticias.com\/index.php\/wp-json\/wp\/v2\/posts\/9318\/revisions"}],"wp:featuredmedia":[{"embeddable":true,"href":"https:\/\/cdnoticias.com\/index.php\/wp-json\/wp\/v2\/media\/9319"}],"wp:attachment":[{"href":"https:\/\/cdnoticias.com\/index.php\/wp-json\/wp\/v2\/media?parent=9318"}],"wp:term":[{"taxonomy":"category","embeddable":true,"href":"https:\/\/cdnoticias.com\/index.php\/wp-json\/wp\/v2\/categories?post=9318"},{"taxonomy":"post_tag","embeddable":true,"href":"https:\/\/cdnoticias.com\/index.php\/wp-json\/wp\/v2\/tags?post=9318"}],"curies":[{"name":"wp","href":"https:\/\/api.w.org\/{rel}","templated":true}]}}