{"id":93057,"date":"2023-08-13T17:32:32","date_gmt":"2023-08-13T20:32:32","guid":{"rendered":"https:\/\/www.centraldenoticias.com.ar\/?p=93057"},"modified":"2023-08-13T18:33:24","modified_gmt":"2023-08-13T21:33:24","slug":"violencia-de-genero-lo-detuvieron-despues-de-13-denuncias","status":"publish","type":"post","link":"https:\/\/cdnoticias.com\/index.php\/2023\/08\/13\/violencia-de-genero-lo-detuvieron-despues-de-13-denuncias\/","title":{"rendered":"Violencia de g\u00e9nero: lo detuvieron despu\u00e9s de 13 denuncias"},"content":{"rendered":"<p>El imputado tiene 55 a\u00f1os. Fue detenido por orden del Juzgado de Garant\u00edas N\u00b0 1 en barrio Alberdi. Adem\u00e1s, secuestraron su celular.<\/p>\n<p><!--more--><\/p>\n<hr \/>\n<p>Un hombre fue <strong>detenido<\/strong> acusado por<strong> delitos de violencia de g\u00e9nero<\/strong>: hab\u00eda acumulado <strong>13 denuncias en su contra.<\/strong><\/p>\n<p>&nbsp;<\/p>\n<p>La medida se efectiviz\u00f3 el viernes en la v\u00eda p\u00fablica. El acusado fue hallado en inmediaciones de <strong>Guisasola y Hornos en barrio Alberdi.<\/strong><\/p>\n<p>&nbsp;<\/p>\n<p>La detenci\u00f3n hab\u00eda sido solicitada por la <strong>UFI N\u00b0 5 a cargo de la fiscal Mariela Viceconte<\/strong> y fue avalada por el<strong> Juzgado de Garant\u00edas N\u00b0 1<\/strong> desde donde la <strong>jueza Fabiana San Rom\u00e1n<\/strong> emiti\u00f3 l orden.<\/p>\n<p>&nbsp;<\/p>\n<blockquote><p>El imputado fue identificado como Norberto Alberico Arrieta, de 55 a\u00f1os, imputado en el expediente penal caratulado \u201cdesobediencia y amenazas simples -trece hechos- en concurso ideal y real y en contexto de violencia de g\u00e9nero\u201d.<\/p><\/blockquote>\n<p>&nbsp;<\/p>\n<p><img data-recalc-dims=\"1\" loading=\"lazy\" decoding=\"async\" class=\"aligncenter size-full wp-image-93059\" src=\"https:\/\/i0.wp.com\/cdnoticias.com\/wp-content\/uploads\/2023\/08\/detenido-norberto-arrieta-01.jpg?resize=800%2C445&#038;ssl=1\" alt=\"\" width=\"800\" height=\"445\" srcset=\"https:\/\/i0.wp.com\/cdnoticias.com\/wp-content\/uploads\/2023\/08\/detenido-norberto-arrieta-01.jpg?w=800&amp;ssl=1 800w, https:\/\/i0.wp.com\/cdnoticias.com\/wp-content\/uploads\/2023\/08\/detenido-norberto-arrieta-01.jpg?resize=300%2C167&amp;ssl=1 300w, https:\/\/i0.wp.com\/cdnoticias.com\/wp-content\/uploads\/2023\/08\/detenido-norberto-arrieta-01.jpg?resize=768%2C427&amp;ssl=1 768w\" sizes=\"auto, (max-width: 800px) 100vw, 800px\" \/><\/p>\n<p>&nbsp;<\/p>\n<p>Adem\u00e1s, fue <strong>secuestrado el tel\u00e9fono<\/strong> celular del acusado.<\/p>\n<p>&nbsp;<\/p>\n<p>El hombre qued\u00f3 alojado en la comisar\u00eda Primera a la espera de cupo en una unidad penitenciaria.<\/p>\n<p>&nbsp;<\/p>\n","protected":false},"excerpt":{"rendered":"<p>El imputado tiene 55 a\u00f1os. Fue detenido por orden del Juzgado de Garant\u00edas N\u00b0 1 en barrio Alberdi. Adem\u00e1s, secuestraron<\/p>\n","protected":false},"author":5,"featured_media":93058,"comment_status":"closed","ping_status":"closed","sticky":false,"template":"","format":"standard","meta":{"_jetpack_memberships_contains_paid_content":false,"footnotes":""},"categories":[14,1],"tags":[],"class_list":["post-93057","post","type-post","status-publish","format-standard","has-post-thumbnail","hentry","category-policiales","category-portada"],"jetpack_featured_media_url":"https:\/\/i0.wp.com\/cdnoticias.com\/wp-content\/uploads\/2023\/08\/detenido-norberto-arrieta-00.jpg?fit=800%2C445&ssl=1","jetpack_sharing_enabled":true,"_links":{"self":[{"href":"https:\/\/cdnoticias.com\/index.php\/wp-json\/wp\/v2\/posts\/93057","targetHints":{"allow":["GET"]}}],"collection":[{"href":"https:\/\/cdnoticias.com\/index.php\/wp-json\/wp\/v2\/posts"}],"about":[{"href":"https:\/\/cdnoticias.com\/index.php\/wp-json\/wp\/v2\/types\/post"}],"author":[{"embeddable":true,"href":"https:\/\/cdnoticias.com\/index.php\/wp-json\/wp\/v2\/users\/5"}],"replies":[{"embeddable":true,"href":"https:\/\/cdnoticias.com\/index.php\/wp-json\/wp\/v2\/comments?post=93057"}],"version-history":[{"count":0,"href":"https:\/\/cdnoticias.com\/index.php\/wp-json\/wp\/v2\/posts\/93057\/revisions"}],"wp:featuredmedia":[{"embeddable":true,"href":"https:\/\/cdnoticias.com\/index.php\/wp-json\/wp\/v2\/media\/93058"}],"wp:attachment":[{"href":"https:\/\/cdnoticias.com\/index.php\/wp-json\/wp\/v2\/media?parent=93057"}],"wp:term":[{"taxonomy":"category","embeddable":true,"href":"https:\/\/cdnoticias.com\/index.php\/wp-json\/wp\/v2\/categories?post=93057"},{"taxonomy":"post_tag","embeddable":true,"href":"https:\/\/cdnoticias.com\/index.php\/wp-json\/wp\/v2\/tags?post=93057"}],"curies":[{"name":"wp","href":"https:\/\/api.w.org\/{rel}","templated":true}]}}