{"id":93017,"date":"2023-08-13T11:16:10","date_gmt":"2023-08-13T14:16:10","guid":{"rendered":"https:\/\/www.centraldenoticias.com.ar\/?p=93017"},"modified":"2023-08-13T11:57:54","modified_gmt":"2023-08-13T14:57:54","slug":"jauregui-hay-que-reconciliar-el-proceso-electoral-con-el-vecino","status":"publish","type":"post","link":"https:\/\/cdnoticias.com\/index.php\/2023\/08\/13\/jauregui-hay-que-reconciliar-el-proceso-electoral-con-el-vecino\/","title":{"rendered":"J\u00e1uregui: \u201cHay que reconciliar el proceso electoral con el vecino\u201d"},"content":{"rendered":"<p>Lo dijo el precandidato a Intendente por Juntos por el Cambio. Vot\u00f3 en la Escuela N\u00b0 1 y habl\u00f3 de \u201cmodificar la herramienta electoral\u201d e ir hacia una boleta \u00fanica electr\u00f3nica.<!--more--><\/p>\n<hr \/>\n<p>El<strong> precandidato a Intendente por Juntos por el Cambio, Dalton J\u00e1uregui,<\/strong> vot\u00f3 alrededor de las 10:30 en la Escuela N\u00b0 1. Hizo hincapi\u00e9 en \u201cponer de relieve que esta herramienta electoral de lista s\u00e1bana se tiene que terminar y avanzar hacia una boleta \u00fanica papel\u201d.<\/p>\n<p>&nbsp;<\/p>\n<p>Seg\u00fan el precandidato esto ser\u00eda \u201calgo sano para el ciudadano e incluso para la democracia\u201d. Adem\u00e1s, asegur\u00f3 que <strong>\u201chay que reconciliar al proceso electoral con el vecino m\u00ednimamente en la modificaci\u00f3n de la herramienta electoral\u201d.<\/strong><\/p>\n<p>&nbsp;<\/p>\n<p>Por otra parte, advirti\u00f3 en cuanto a la concurrencia que <strong>\u201cla gente est\u00e1 muy contenta, hemos visto mucha gente mayor, hemos visto muchos j\u00f3venes de 16 a 18 a\u00f1os que no es vinculante el voto y me parece importante que participen\u201d.<\/strong><\/p>\n<p>&nbsp;<\/p>\n<p>Tambi\u00e9n, se\u00f1al\u00f3 que \u201cvemos que la gente ha tra\u00eddo su boleta ya armada en el bolsillo y me parece central\u201d.<\/p>\n<p>&nbsp;<\/p>\n<p>Por \u00faltimo, cont\u00f3 que \u201cvamos a ir a almorzar los ravioles del domingo con la familia y despu\u00e9s ir al bunker tratando de evitar alg\u00fan problema mayor y <strong>ser prolijos en eso y en paz para que el recuento sea pac\u00edfico<\/strong>\u201d.<\/p>\n","protected":false},"excerpt":{"rendered":"<p>Lo dijo el precandidato a Intendente por Juntos por el Cambio. Vot\u00f3 en la Escuela N\u00b0 1 y habl\u00f3 de<\/p>\n","protected":false},"author":5,"featured_media":93022,"comment_status":"closed","ping_status":"closed","sticky":false,"template":"","format":"standard","meta":{"_jetpack_memberships_contains_paid_content":false,"footnotes":""},"categories":[4,1],"tags":[],"class_list":["post-93017","post","type-post","status-publish","format-standard","has-post-thumbnail","hentry","category-politica","category-portada"],"jetpack_featured_media_url":"https:\/\/i0.wp.com\/cdnoticias.com\/wp-content\/uploads\/2023\/08\/dalton-paso2023-votacion.jpg?fit=800%2C445&ssl=1","jetpack_sharing_enabled":true,"_links":{"self":[{"href":"https:\/\/cdnoticias.com\/index.php\/wp-json\/wp\/v2\/posts\/93017","targetHints":{"allow":["GET"]}}],"collection":[{"href":"https:\/\/cdnoticias.com\/index.php\/wp-json\/wp\/v2\/posts"}],"about":[{"href":"https:\/\/cdnoticias.com\/index.php\/wp-json\/wp\/v2\/types\/post"}],"author":[{"embeddable":true,"href":"https:\/\/cdnoticias.com\/index.php\/wp-json\/wp\/v2\/users\/5"}],"replies":[{"embeddable":true,"href":"https:\/\/cdnoticias.com\/index.php\/wp-json\/wp\/v2\/comments?post=93017"}],"version-history":[{"count":0,"href":"https:\/\/cdnoticias.com\/index.php\/wp-json\/wp\/v2\/posts\/93017\/revisions"}],"wp:featuredmedia":[{"embeddable":true,"href":"https:\/\/cdnoticias.com\/index.php\/wp-json\/wp\/v2\/media\/93022"}],"wp:attachment":[{"href":"https:\/\/cdnoticias.com\/index.php\/wp-json\/wp\/v2\/media?parent=93017"}],"wp:term":[{"taxonomy":"category","embeddable":true,"href":"https:\/\/cdnoticias.com\/index.php\/wp-json\/wp\/v2\/categories?post=93017"},{"taxonomy":"post_tag","embeddable":true,"href":"https:\/\/cdnoticias.com\/index.php\/wp-json\/wp\/v2\/tags?post=93017"}],"curies":[{"name":"wp","href":"https:\/\/api.w.org\/{rel}","templated":true}]}}