{"id":93001,"date":"2023-08-13T10:26:23","date_gmt":"2023-08-13T13:26:23","guid":{"rendered":"https:\/\/www.centraldenoticias.com.ar\/?p=93001"},"modified":"2023-08-13T11:16:24","modified_gmt":"2023-08-13T14:16:24","slug":"parra-todo-lo-que-propusimos-y-sembramos-esperamos-que-se-coseche","status":"publish","type":"post","link":"https:\/\/cdnoticias.com\/index.php\/2023\/08\/13\/parra-todo-lo-que-propusimos-y-sembramos-esperamos-que-se-coseche\/","title":{"rendered":"Parra: \u201cTodo lo que propusimos y sembramos esperamos que se coseche\u201d \u00a0"},"content":{"rendered":"<p>Lo expres\u00f3 el precandidato a intendente. Vot\u00f3 en la Escuela N\u00b0 22 y destac\u00f3 el camino recorrido hasta llegar a la elecci\u00f3n.<!--more--><\/p>\n<hr \/>\n<p>El <strong>precandidato a intendente por Uni\u00f3n por la Patria Hern\u00e1n Parra<\/strong>, concurri\u00f3 a votar a las 10:00 en la Escuela N\u00b0 22. Asegur\u00f3 que junto al equipo est\u00e1 \u201cdisfrutando\u201d de la jornada y <strong>le pidi\u00f3 a la gente \u201cque venga a votar\u201d.<\/strong><\/p>\n<p>&nbsp;<\/p>\n<p>El referente de \u201cOlavarr\u00eda al Frente\u201d indic\u00f3 que <strong>\u201csomos respetuosos de la decisi\u00f3n de la gente. Estamos muy contentos, es un d\u00eda de disfrute porque todo lo que propusimos y sembramos aspiramos que se coseche\u201d.<\/strong><\/p>\n<p>&nbsp;<\/p>\n<blockquote><p>\u201cEstamos muy felices de lo que hemos logrado hacer, empezamos hace mucho con mucho esfuerzo\u201d, relat\u00f3.<\/p><\/blockquote>\n<p>&nbsp;<\/p>\n<p><img data-recalc-dims=\"1\" loading=\"lazy\" decoding=\"async\" class=\"aligncenter size-full wp-image-93004\" src=\"https:\/\/i0.wp.com\/cdnoticias.com\/wp-content\/uploads\/2023\/08\/parra-votacion-elecciones-paso2023-02.jpg?resize=800%2C445&#038;ssl=1\" alt=\"\" width=\"800\" height=\"445\" srcset=\"https:\/\/i0.wp.com\/cdnoticias.com\/wp-content\/uploads\/2023\/08\/parra-votacion-elecciones-paso2023-02.jpg?w=800&amp;ssl=1 800w, https:\/\/i0.wp.com\/cdnoticias.com\/wp-content\/uploads\/2023\/08\/parra-votacion-elecciones-paso2023-02.jpg?resize=300%2C167&amp;ssl=1 300w, https:\/\/i0.wp.com\/cdnoticias.com\/wp-content\/uploads\/2023\/08\/parra-votacion-elecciones-paso2023-02.jpg?resize=768%2C427&amp;ssl=1 768w\" sizes=\"auto, (max-width: 800px) 100vw, 800px\" \/><\/p>\n<p>&nbsp;<\/p>\n<p>Por otra parte, se\u00f1al\u00f3 que los comicios empezaron \u201cen t\u00e9rminos generales bien. Me han reportado algunos fiscales que alguna escuela abri\u00f3 un poco m\u00e1s tarde y que en algunas escuelas faltaba alguna boleta, pero dentro de lo previsto, <strong>nada grave, nada para llamar la atenci\u00f3n<\/strong>\u201d.<\/p>\n<p>&nbsp;<\/p>\n<p>Para el resto del d\u00eda, Parra anunci\u00f3 que \u201cahora me voy a recorrer las escuelas, a estar en contacto con los fiscales, luego almorzar en familia y despu\u00e9s quedarnos ya en el bunker esperando que los fiscales nos reporten los resultados\u201d.<\/p>\n<p>&nbsp;<\/p>\n<p>Respecto a su debut como precandidato asegur\u00f3 que<strong> \u201ces importante recorrer la ciudad, estar con los vecinos que es lo que he hecho y eso te permite tener un mejor contacto, un mejor diagn\u00f3stico\u201d. \u00a0<\/strong><\/p>\n<p>&nbsp;<\/p>\n","protected":false},"excerpt":{"rendered":"<p>Lo expres\u00f3 el precandidato a intendente. Vot\u00f3 en la Escuela N\u00b0 22 y destac\u00f3 el camino recorrido hasta llegar a<\/p>\n","protected":false},"author":5,"featured_media":93002,"comment_status":"closed","ping_status":"closed","sticky":false,"template":"","format":"standard","meta":{"_jetpack_memberships_contains_paid_content":false,"footnotes":""},"categories":[4,1],"tags":[],"class_list":["post-93001","post","type-post","status-publish","format-standard","has-post-thumbnail","hentry","category-politica","category-portada"],"jetpack_featured_media_url":"https:\/\/i0.wp.com\/cdnoticias.com\/wp-content\/uploads\/2023\/08\/parra-votacion-elecciones-paso2023.jpg?fit=800%2C445&ssl=1","jetpack_sharing_enabled":true,"_links":{"self":[{"href":"https:\/\/cdnoticias.com\/index.php\/wp-json\/wp\/v2\/posts\/93001","targetHints":{"allow":["GET"]}}],"collection":[{"href":"https:\/\/cdnoticias.com\/index.php\/wp-json\/wp\/v2\/posts"}],"about":[{"href":"https:\/\/cdnoticias.com\/index.php\/wp-json\/wp\/v2\/types\/post"}],"author":[{"embeddable":true,"href":"https:\/\/cdnoticias.com\/index.php\/wp-json\/wp\/v2\/users\/5"}],"replies":[{"embeddable":true,"href":"https:\/\/cdnoticias.com\/index.php\/wp-json\/wp\/v2\/comments?post=93001"}],"version-history":[{"count":0,"href":"https:\/\/cdnoticias.com\/index.php\/wp-json\/wp\/v2\/posts\/93001\/revisions"}],"wp:featuredmedia":[{"embeddable":true,"href":"https:\/\/cdnoticias.com\/index.php\/wp-json\/wp\/v2\/media\/93002"}],"wp:attachment":[{"href":"https:\/\/cdnoticias.com\/index.php\/wp-json\/wp\/v2\/media?parent=93001"}],"wp:term":[{"taxonomy":"category","embeddable":true,"href":"https:\/\/cdnoticias.com\/index.php\/wp-json\/wp\/v2\/categories?post=93001"},{"taxonomy":"post_tag","embeddable":true,"href":"https:\/\/cdnoticias.com\/index.php\/wp-json\/wp\/v2\/tags?post=93001"}],"curies":[{"name":"wp","href":"https:\/\/api.w.org\/{rel}","templated":true}]}}