{"id":9300,"date":"2020-12-18T09:58:46","date_gmt":"2020-12-18T12:58:46","guid":{"rendered":"http:\/\/www.centraldenoticias.com.ar\/?p=9300"},"modified":"2020-12-18T11:57:25","modified_gmt":"2020-12-18T14:57:25","slug":"fiestas-el-ceco-impulsara-el-cierre-de-comercios-a-las-16-horas","status":"publish","type":"post","link":"https:\/\/cdnoticias.com\/index.php\/2020\/12\/18\/fiestas-el-ceco-impulsara-el-cierre-de-comercios-a-las-16-horas\/","title":{"rendered":"Fiestas: El CECO impulsar\u00e1 el cierre de comercios a las 16 horas"},"content":{"rendered":"<p>Es el s\u00e9ptimo a\u00f1o consecutivo que el sindicato coordina con empresarios, comerciantes y supermercadistas el horario reducido tanto el 24 como el 31 de diciembre.<!--more--><\/p>\n<hr \/>\n<p>De cara a las fiestas de fin de a\u00f1o, <strong>el Centro de Empleados de Comercio de Olavarr\u00eda (CECO) se encuentra coordinando con empresarios, comerciantes y supermercadistas el cierre de comercios a las 16 horas el pr\u00f3ximo 24 y 31 de diciembre.<\/strong><\/p>\n<p>&nbsp;<\/p>\n<blockquote><p>En este contexto, pidieron a los vecinos \u201crealizar las compras con anticipaci\u00f3n\u201d.<\/p><\/blockquote>\n<p>&nbsp;<\/p>\n<p>El principal objetivo es<em> \u201cfacilitar el regreso a sus hogares de los trabajadores mercantiles para permitirles pasar las festividades en familia y disfrutarlas con tranquilidad\u201d.<\/em><\/p>\n<p>&nbsp;<\/p>\n<blockquote><p>\u201cEl CECO contin\u00faa solicitando la firma del compromiso a comerciantes de distintos rubros y con una campa\u00f1a de difusi\u00f3n y concientizaci\u00f3n entre los vecinos para que las compras se realicen con anticipaci\u00f3n\u201d.<\/p><\/blockquote>\n<p>&nbsp;<\/p>\n<p>Finalmente, se record\u00f3 que tanto <strong>el 25 de diciembre como el 1 de enero son feriados nacionales \u201cno laborables\u201d.<\/strong> Por cualquier duda o consulta, el CECO pone a disposici\u00f3n su secretar\u00eda gremial a la que podr\u00e1n comunicarse <strong>por tel\u00e9fono al 445003 interno 422 423 424 o 425.<\/strong><\/p>\n","protected":false},"excerpt":{"rendered":"<p>Es el s\u00e9ptimo a\u00f1o consecutivo que el sindicato coordina con empresarios, comerciantes y supermercadistas el horario reducido tanto el 24<\/p>\n","protected":false},"author":2,"featured_media":6654,"comment_status":"closed","ping_status":"closed","sticky":false,"template":"","format":"standard","meta":{"_jetpack_memberships_contains_paid_content":false,"footnotes":""},"categories":[5,1],"tags":[],"class_list":["post-9300","post","type-post","status-publish","format-standard","has-post-thumbnail","hentry","category-informacion-general","category-portada"],"jetpack_featured_media_url":"https:\/\/i0.wp.com\/cdnoticias.com\/wp-content\/uploads\/2020\/11\/comercios.jpg?fit=4608%2C3072&ssl=1","jetpack_sharing_enabled":true,"_links":{"self":[{"href":"https:\/\/cdnoticias.com\/index.php\/wp-json\/wp\/v2\/posts\/9300","targetHints":{"allow":["GET"]}}],"collection":[{"href":"https:\/\/cdnoticias.com\/index.php\/wp-json\/wp\/v2\/posts"}],"about":[{"href":"https:\/\/cdnoticias.com\/index.php\/wp-json\/wp\/v2\/types\/post"}],"author":[{"embeddable":true,"href":"https:\/\/cdnoticias.com\/index.php\/wp-json\/wp\/v2\/users\/2"}],"replies":[{"embeddable":true,"href":"https:\/\/cdnoticias.com\/index.php\/wp-json\/wp\/v2\/comments?post=9300"}],"version-history":[{"count":0,"href":"https:\/\/cdnoticias.com\/index.php\/wp-json\/wp\/v2\/posts\/9300\/revisions"}],"wp:featuredmedia":[{"embeddable":true,"href":"https:\/\/cdnoticias.com\/index.php\/wp-json\/wp\/v2\/media\/6654"}],"wp:attachment":[{"href":"https:\/\/cdnoticias.com\/index.php\/wp-json\/wp\/v2\/media?parent=9300"}],"wp:term":[{"taxonomy":"category","embeddable":true,"href":"https:\/\/cdnoticias.com\/index.php\/wp-json\/wp\/v2\/categories?post=9300"},{"taxonomy":"post_tag","embeddable":true,"href":"https:\/\/cdnoticias.com\/index.php\/wp-json\/wp\/v2\/tags?post=9300"}],"curies":[{"name":"wp","href":"https:\/\/api.w.org\/{rel}","templated":true}]}}