{"id":92991,"date":"2023-08-13T09:20:56","date_gmt":"2023-08-13T12:20:56","guid":{"rendered":"https:\/\/www.centraldenoticias.com.ar\/?p=92991"},"modified":"2023-08-13T09:59:15","modified_gmt":"2023-08-13T12:59:15","slug":"endere-esperemos-que-la-gente-venga-a-votar","status":"publish","type":"post","link":"https:\/\/cdnoticias.com\/index.php\/2023\/08\/13\/endere-esperemos-que-la-gente-venga-a-votar\/","title":{"rendered":"Endere: \u201cEsperemos que la gente venga a votar\u201d"},"content":{"rendered":"<p>As\u00ed lo expres\u00f3 el precandidato a diputado provincial. Vot\u00f3 en la Escuela N\u00b0 8 y resalt\u00f3 la importancia de la participaci\u00f3n ciudadana.<!--more--><\/p>\n<hr \/>\n<p>El <strong>precandidato a diputado provincial por Juntos por el Cambio Mart\u00edn Endere<\/strong> emiti\u00f3 su voto cerca de las 9:00 en la Escuela N\u00b0 8. Destac\u00f3 el inicio de la jornada y se mostr\u00f3 \u201cconfiado\u201d en el desarrollo de los comicios.<\/p>\n<p>&nbsp;<\/p>\n<blockquote><p>\u201cEsperamos que la gente venga a votar, en el marco de los 40 a\u00f1os de democracia es importante la participaci\u00f3n ciudadana, que vengan a votar, que participen\u201d, se\u00f1al\u00f3.<\/p><\/blockquote>\n<p>&nbsp;<\/p>\n<p><img data-recalc-dims=\"1\" loading=\"lazy\" decoding=\"async\" class=\"aligncenter size-full wp-image-92990\" src=\"https:\/\/i0.wp.com\/cdnoticias.com\/wp-content\/uploads\/2023\/08\/endere-elecciones-paso2023-01.jpg?resize=800%2C445&#038;ssl=1\" alt=\"\" width=\"800\" height=\"445\" srcset=\"https:\/\/i0.wp.com\/cdnoticias.com\/wp-content\/uploads\/2023\/08\/endere-elecciones-paso2023-01.jpg?w=800&amp;ssl=1 800w, https:\/\/i0.wp.com\/cdnoticias.com\/wp-content\/uploads\/2023\/08\/endere-elecciones-paso2023-01.jpg?resize=300%2C167&amp;ssl=1 300w, https:\/\/i0.wp.com\/cdnoticias.com\/wp-content\/uploads\/2023\/08\/endere-elecciones-paso2023-01.jpg?resize=768%2C427&amp;ssl=1 768w\" sizes=\"auto, (max-width: 800px) 100vw, 800px\" \/><\/p>\n<p>&nbsp;<\/p>\n<p>Adem\u00e1s, se refiri\u00f3 al inicio de la votaci\u00f3n como \u201cun d\u00eda tranquilo\u201d. Indic\u00f3 que \u201calgunas mesas tardan m\u00e1s, a veces las autoridades no llegan y hay que completar las mesas, quiz\u00e1 alguna escuela arranc\u00f3 un poquito m\u00e1s tarde, pero <strong>ya est\u00e1 todo en marcha<\/strong>\u201d.<\/p>\n","protected":false},"excerpt":{"rendered":"<p>As\u00ed lo expres\u00f3 el precandidato a diputado provincial. Vot\u00f3 en la Escuela N\u00b0 8 y resalt\u00f3 la importancia de la<\/p>\n","protected":false},"author":5,"featured_media":92994,"comment_status":"closed","ping_status":"closed","sticky":false,"template":"","format":"standard","meta":{"_jetpack_memberships_contains_paid_content":false,"footnotes":""},"categories":[4,1],"tags":[],"class_list":["post-92991","post","type-post","status-publish","format-standard","has-post-thumbnail","hentry","category-politica","category-portada"],"jetpack_featured_media_url":"https:\/\/i0.wp.com\/cdnoticias.com\/wp-content\/uploads\/2023\/08\/endere-elecciones-paso2023-03.jpg?fit=800%2C445&ssl=1","jetpack_sharing_enabled":true,"_links":{"self":[{"href":"https:\/\/cdnoticias.com\/index.php\/wp-json\/wp\/v2\/posts\/92991","targetHints":{"allow":["GET"]}}],"collection":[{"href":"https:\/\/cdnoticias.com\/index.php\/wp-json\/wp\/v2\/posts"}],"about":[{"href":"https:\/\/cdnoticias.com\/index.php\/wp-json\/wp\/v2\/types\/post"}],"author":[{"embeddable":true,"href":"https:\/\/cdnoticias.com\/index.php\/wp-json\/wp\/v2\/users\/5"}],"replies":[{"embeddable":true,"href":"https:\/\/cdnoticias.com\/index.php\/wp-json\/wp\/v2\/comments?post=92991"}],"version-history":[{"count":0,"href":"https:\/\/cdnoticias.com\/index.php\/wp-json\/wp\/v2\/posts\/92991\/revisions"}],"wp:featuredmedia":[{"embeddable":true,"href":"https:\/\/cdnoticias.com\/index.php\/wp-json\/wp\/v2\/media\/92994"}],"wp:attachment":[{"href":"https:\/\/cdnoticias.com\/index.php\/wp-json\/wp\/v2\/media?parent=92991"}],"wp:term":[{"taxonomy":"category","embeddable":true,"href":"https:\/\/cdnoticias.com\/index.php\/wp-json\/wp\/v2\/categories?post=92991"},{"taxonomy":"post_tag","embeddable":true,"href":"https:\/\/cdnoticias.com\/index.php\/wp-json\/wp\/v2\/tags?post=92991"}],"curies":[{"name":"wp","href":"https:\/\/api.w.org\/{rel}","templated":true}]}}