{"id":92975,"date":"2023-08-13T08:07:35","date_gmt":"2023-08-13T11:07:35","guid":{"rendered":"https:\/\/www.centraldenoticias.com.ar\/?p=92975"},"modified":"2023-08-13T08:07:35","modified_gmt":"2023-08-13T11:07:35","slug":"paso-accesibles-quienes-pueden-pedir-prioridad-para-votar","status":"publish","type":"post","link":"https:\/\/cdnoticias.com\/index.php\/2023\/08\/13\/paso-accesibles-quienes-pueden-pedir-prioridad-para-votar\/","title":{"rendered":"PASO accesibles: \u00bfqui\u00e9nes pueden pedir prioridad para votar?"},"content":{"rendered":"<p>Personas con discapacidad y limitaciones en la movilidad, adultos mayores, embarazadas y personas que concurran con ni\u00f1os podr\u00e1n no hacer fila en la mesa.<\/p>\n<p><!--more--><\/p>\n<hr \/>\n<p>Las elecciones <strong>primarias, abiertas, simultaneas y obligatorias (PASO)<\/strong> de este domingo contar\u00e1n con <strong>herramientas de accesibilidad<\/strong> y prioridades para <strong>personas con discapacidad y limitaciones en la movilidad, adultos mayores, embarazadas y personas que concurran con ni\u00f1os<\/strong>.<\/p>\n<p>&nbsp;<\/p>\n<p>El documento <strong>\u201cRecomendaciones sobre accesibilidad electoral\u201d<\/strong>, de la C\u00e1mara Nacional Electoral (CNE), detalla que <strong>tendr\u00e1n prioridad para votar<\/strong> sin la necesidad de hacer fila <strong>\u201cpersonas con discapacidad o movilidad reducida, personas mayores, personas gestantes y\/o con ni\u00f1os\/as\u201d<\/strong>.<\/p>\n<p>&nbsp;<\/p>\n<blockquote><p>El escrito advierte \u201cque no todas las discapacidades son visibles\u201d y se\u00f1ala que las autoridades deben brindar apoyo a quienes lo soliciten respetando las indicaciones de los mismos.<\/p><\/blockquote>\n<p>&nbsp;<\/p>\n<p><img data-recalc-dims=\"1\" loading=\"lazy\" decoding=\"async\" class=\"size-full wp-image-16750 aligncenter\" src=\"https:\/\/i0.wp.com\/cdnoticias.com\/wp-content\/uploads\/2021\/03\/elecciones2.jpg?resize=750%2C416&#038;ssl=1\" alt=\"\" width=\"750\" height=\"416\" srcset=\"https:\/\/i0.wp.com\/cdnoticias.com\/wp-content\/uploads\/2021\/03\/elecciones2.jpg?w=750&amp;ssl=1 750w, https:\/\/i0.wp.com\/cdnoticias.com\/wp-content\/uploads\/2021\/03\/elecciones2.jpg?resize=300%2C166&amp;ssl=1 300w\" sizes=\"auto, (max-width: 750px) 100vw, 750px\" \/><\/p>\n<p>&nbsp;<\/p>\n<h2>Otras medidas<\/h2>\n<p>&nbsp;<\/p>\n<p>Adem\u00e1s de los detalles sobre la prioridad, el documento de la CNE se\u00f1ala que<strong> una persona con discapacidad con un perro gu\u00eda o de asistencia puede ingresar y permanecer en el cuarto oscuro con este<\/strong>. Asimismo, \u201clas personas con discapacidad o limitaciones que tengan dificultades para emitir su voto, pueden hacerlo con la asistencia de<strong> una persona de su confianza\u201d o de la autoridad de mesa<\/strong>.<\/p>\n<p>&nbsp;<\/p>\n<blockquote><p>En tanto, todos los establecimientos de votaci\u00f3n contar\u00e1n con Cuarto Oscuro Accesible (COA). Se trata de \u201cun cuarto oscuro instalado en el espacio m\u00e1s cercano al ingreso del establecimiento y de m\u00e1s f\u00e1cil acceso\u201d y \u201cutilizarlo ser\u00e1 decisi\u00f3n de la persona y de las condiciones de accesibilidad del establecimiento, pero ante todo, de sus necesidades y preferencias\u201d. En tanto, las autoridades tambi\u00e9n cuentan con una serie de recomendaciones para aquellas personas que puedan tener dificultades a la hora de firmar el padr\u00f3n.<\/p><\/blockquote>\n<p>&nbsp;<\/p>\n<p>Por otro lado, la <strong>Agencia Nacional de Discapacidad<\/strong> detall\u00f3 en su cuenta de Facebook que en estas elecciones <strong>\u201cse implementar\u00e1 el uso de boletas braille\u201d en c\u00e1rceles<\/strong> \u201cpara personas con discapacidad visual privadas de libertad en las provincias de Buenos Aires, Mendoza, San Luis y la Ciudad Aut\u00f3noma de Buenos Aires\u201d.<\/p>\n<p>&nbsp;<\/p>\n<p>Fuente: <em>Agencia DIB<\/em><\/p>\n","protected":false},"excerpt":{"rendered":"<p>Personas con discapacidad y limitaciones en la movilidad, adultos mayores, embarazadas y personas que concurran con ni\u00f1os podr\u00e1n no hacer<\/p>\n","protected":false},"author":4,"featured_media":92976,"comment_status":"closed","ping_status":"closed","sticky":false,"template":"","format":"standard","meta":{"_jetpack_memberships_contains_paid_content":false,"footnotes":""},"categories":[4,1],"tags":[],"class_list":["post-92975","post","type-post","status-publish","format-standard","has-post-thumbnail","hentry","category-politica","category-portada"],"jetpack_featured_media_url":"https:\/\/i0.wp.com\/cdnoticias.com\/wp-content\/uploads\/2023\/08\/DIB-paso-elecciones-accesible.jpg?fit=854%2C476&ssl=1","jetpack_sharing_enabled":true,"_links":{"self":[{"href":"https:\/\/cdnoticias.com\/index.php\/wp-json\/wp\/v2\/posts\/92975","targetHints":{"allow":["GET"]}}],"collection":[{"href":"https:\/\/cdnoticias.com\/index.php\/wp-json\/wp\/v2\/posts"}],"about":[{"href":"https:\/\/cdnoticias.com\/index.php\/wp-json\/wp\/v2\/types\/post"}],"author":[{"embeddable":true,"href":"https:\/\/cdnoticias.com\/index.php\/wp-json\/wp\/v2\/users\/4"}],"replies":[{"embeddable":true,"href":"https:\/\/cdnoticias.com\/index.php\/wp-json\/wp\/v2\/comments?post=92975"}],"version-history":[{"count":0,"href":"https:\/\/cdnoticias.com\/index.php\/wp-json\/wp\/v2\/posts\/92975\/revisions"}],"wp:featuredmedia":[{"embeddable":true,"href":"https:\/\/cdnoticias.com\/index.php\/wp-json\/wp\/v2\/media\/92976"}],"wp:attachment":[{"href":"https:\/\/cdnoticias.com\/index.php\/wp-json\/wp\/v2\/media?parent=92975"}],"wp:term":[{"taxonomy":"category","embeddable":true,"href":"https:\/\/cdnoticias.com\/index.php\/wp-json\/wp\/v2\/categories?post=92975"},{"taxonomy":"post_tag","embeddable":true,"href":"https:\/\/cdnoticias.com\/index.php\/wp-json\/wp\/v2\/tags?post=92975"}],"curies":[{"name":"wp","href":"https:\/\/api.w.org\/{rel}","templated":true}]}}