{"id":9296,"date":"2020-12-18T09:40:18","date_gmt":"2020-12-18T12:40:18","guid":{"rendered":"http:\/\/www.centraldenoticias.com.ar\/?p=9296"},"modified":"2020-12-18T09:40:18","modified_gmt":"2020-12-18T12:40:18","slug":"arba-cerrara-el-plan-de-pagos-para-micro-pequenas-y-medianas-empresas","status":"publish","type":"post","link":"https:\/\/cdnoticias.com\/index.php\/2020\/12\/18\/arba-cerrara-el-plan-de-pagos-para-micro-pequenas-y-medianas-empresas\/","title":{"rendered":"ARBA cerrar\u00e1 el plan de pagos para micro, peque\u00f1as y medianas empresas"},"content":{"rendered":"<p>Ya accedieron 130.000 pymes bonaerenses. Se puede adherir hasta el 31 de diciembre. Balance a un a\u00f1o de la asunci\u00f3n de la nueva gesti\u00f3n de\u00a0Cristian Girard.\u00a0<!--more--><\/p>\n<hr \/>\n<p><strong>El 31 de diciembre terminar\u00e1 el programa de regularizaci\u00f3n orientado a micro, peque\u00f1as y medianas empresas que ARBA implement\u00f3 en marzo pasado para que el sector productivo bonaerense pueda financiar, con importantes beneficios, deudas de los impuestos Inmobiliario, Automotores, Ingresos Brutos y Sellos.<\/strong><\/p>\n<blockquote><p>Cristian Girard, director de la Agencia de Recaudaci\u00f3n de la provincia de Buenos Aires, puntualiz\u00f3 que, hasta el momento, \u201cen el marco de este programa las pymes bonaerenses suscribieron 130.000 planes, financiando deudas por $5.100 millones\u201d.<\/p><\/blockquote>\n<p>En ese sentido, record\u00f3 que <strong>al asumir su gesti\u00f3n en ARBA, hace un a\u00f1o<\/strong>, comenzaron a tomarse medidas para \u201c<strong>suspender embargos y lanzar una moratoria para pymes<\/strong>, en el marco de la <strong>emergencia productiva<\/strong> que fue necesario establecer tras cuatro a\u00f1os de pol\u00edticas neoliberales que destruyeron el tejido productivo bonaerense\u201d.<\/p>\n<p>Desde sus redes sociales, Girard sostuvo que la magnitud y nivel de aceptaci\u00f3n del plan de pagos para pymes muestra <strong>\u201cla medida del desastre generado por las pol\u00edticas de Macri y Vidal, la pandemia neoliberal\u201d<\/strong>. Hay que tener en cuenta que, sin considerar multas ni intereses, el stock de deuda que ten\u00edan las pymes bonaerenses alcanzaba los $9.395 millones. Buena parte de esos impuestos impagos pudo regularizarse ahora.<\/p>\n<p>El <strong>programa de regularizaci\u00f3n para micro, peque\u00f1as y medianas empresas<\/strong>, que ya tuvo varias extensiones y estar\u00e1 vigente, como \u00faltimo plazo, hasta el final de 2020, <strong>permite financiar deudas a 10 a\u00f1os<\/strong>, con un total de 120 cuotas. A la vez, contempla la quita total de intereses, multas y punitorios; y prev\u00e9 el levantamiento autom\u00e1tico de embargos con la sola adhesi\u00f3n al plan, que puede realizarse desde arba.gob.ar.<\/p>\n<blockquote class=\"twitter-tweet\">\n<p dir=\"ltr\" lang=\"es\">1. Por estos d\u00edas se cumpli\u00f3 un a\u00f1o del gobierno de <a href=\"https:\/\/twitter.com\/Kicillofok?ref_src=twsrc%5Etfw\">@kicillofok<\/a> y de mi gesti\u00f3n al frente de <a href=\"https:\/\/twitter.com\/arba?ref_src=twsrc%5Etfw\">@arba<\/a>. Un desaf\u00edo tan grande como la confianza depositada en este equipo por parte del gobernador. Fue un a\u00f1o muy duro, pero podemos decir que fue tambi\u00e9n muy productivo. <a href=\"https:\/\/t.co\/AECZ87FRw0\">pic.twitter.com\/AECZ87FRw0<\/a><\/p>\n<p>\u2014 Cristian Girard (@cristiangirard) <a href=\"https:\/\/twitter.com\/cristiangirard\/status\/1338865175856726027?ref_src=twsrc%5Etfw\">December 15, 2020<\/a><\/p><\/blockquote>\n<p><script async src=\"https:\/\/platform.twitter.com\/widgets.js\" charset=\"utf-8\"><\/script><\/p>\n<p>Respecto de su gesti\u00f3n al frente de ARBA, Girard consider\u00f3 que 2020 fue <strong>\u201cun a\u00f1o muy duro, pero podemos decir que tambi\u00e9n muy productivo\u201d<\/strong>, y destac\u00f3 que el trabajo \u201c<strong>se orient\u00f3 fundamentalmente a atender la crisis productiva<\/strong>, reducir la presi\u00f3n financiera sobre pymes, aumentar la progresividad tributaria, fortalecer la fiscalizaci\u00f3n digital y presencial, y modernizar la atenci\u00f3n al contribuyente\u201d.<\/p>\n<p>\u201cAl asumir (en diciembre de 2019), confirmamos que la estrategia de la gesti\u00f3n anterior fue presionar mediante los reg\u00edmenes de recaudaci\u00f3n a los sectores medios, pymes y comerciantes, para as\u00ed generar recursos artificialmente a trav\u00e9s de la generaci\u00f3n de saldos a favor\u201d, explic\u00f3 el titular de ARBA.<\/p>\n<p>Por eso, subray\u00f3 que \u201ca pesar de la pandemia, todo este a\u00f1o trabajamos en disminuir esa presi\u00f3n sobre el sector productivo, reduciendo la cantidad de agentes y bajando al\u00edcuotas. Y tambi\u00e9n creamos el<strong> Sistema \u00danico de Compensaci\u00f3n<\/strong> (para devolver saldos a favor a pymes y dem\u00e1s contribuyentes). Vamos transparentando as\u00ed el verdadero nivel de recaudaci\u00f3n de Ingresos Brutos\u201d.<\/p>\n<p>Girard agradeci\u00f3 el apoyo y la confianza que recibe del gobernador Axel Kicillof y resalt\u00f3 que, \u201ccoincidentemente con el primer a\u00f1o de gesti\u00f3n, <strong>en noviembre la recaudaci\u00f3n provincial obtuvo su mejor performance<\/strong> desde que asumimos. Los ingresos propios alcanzaron los $48.105,5 millones, lo que implica una suba de 35,7% interanual\u201d.<\/p>\n","protected":false},"excerpt":{"rendered":"<p>Ya accedieron 130.000 pymes bonaerenses. Se puede adherir hasta el 31 de diciembre. Balance a un a\u00f1o de la asunci\u00f3n<\/p>\n","protected":false},"author":4,"featured_media":9297,"comment_status":"closed","ping_status":"closed","sticky":false,"template":"","format":"standard","meta":{"_jetpack_memberships_contains_paid_content":false,"footnotes":""},"categories":[6,1],"tags":[],"class_list":["post-9296","post","type-post","status-publish","format-standard","has-post-thumbnail","hentry","category-nacionales","category-portada"],"jetpack_featured_media_url":"https:\/\/i0.wp.com\/cdnoticias.com\/wp-content\/uploads\/2020\/12\/ARBA-arribaPymes_diciembre.jpg?fit=800%2C443&ssl=1","jetpack_sharing_enabled":true,"_links":{"self":[{"href":"https:\/\/cdnoticias.com\/index.php\/wp-json\/wp\/v2\/posts\/9296","targetHints":{"allow":["GET"]}}],"collection":[{"href":"https:\/\/cdnoticias.com\/index.php\/wp-json\/wp\/v2\/posts"}],"about":[{"href":"https:\/\/cdnoticias.com\/index.php\/wp-json\/wp\/v2\/types\/post"}],"author":[{"embeddable":true,"href":"https:\/\/cdnoticias.com\/index.php\/wp-json\/wp\/v2\/users\/4"}],"replies":[{"embeddable":true,"href":"https:\/\/cdnoticias.com\/index.php\/wp-json\/wp\/v2\/comments?post=9296"}],"version-history":[{"count":0,"href":"https:\/\/cdnoticias.com\/index.php\/wp-json\/wp\/v2\/posts\/9296\/revisions"}],"wp:featuredmedia":[{"embeddable":true,"href":"https:\/\/cdnoticias.com\/index.php\/wp-json\/wp\/v2\/media\/9297"}],"wp:attachment":[{"href":"https:\/\/cdnoticias.com\/index.php\/wp-json\/wp\/v2\/media?parent=9296"}],"wp:term":[{"taxonomy":"category","embeddable":true,"href":"https:\/\/cdnoticias.com\/index.php\/wp-json\/wp\/v2\/categories?post=9296"},{"taxonomy":"post_tag","embeddable":true,"href":"https:\/\/cdnoticias.com\/index.php\/wp-json\/wp\/v2\/tags?post=9296"}],"curies":[{"name":"wp","href":"https:\/\/api.w.org\/{rel}","templated":true}]}}