{"id":92956,"date":"2023-08-12T19:07:58","date_gmt":"2023-08-12T22:07:58","guid":{"rendered":"https:\/\/www.centraldenoticias.com.ar\/?p=92956"},"modified":"2023-08-12T21:38:15","modified_gmt":"2023-08-13T00:38:15","slug":"buscaban-cables-robados-y-hallaron-una-placa-de-gran-valor-historico","status":"publish","type":"post","link":"https:\/\/cdnoticias.com\/index.php\/2023\/08\/12\/buscaban-cables-robados-y-hallaron-una-placa-de-gran-valor-historico\/","title":{"rendered":"Buscaban cables robados y hallaron una placa de gran valor hist\u00f3rico"},"content":{"rendered":"<p>Es el resultado del allanamiento realizado en un \u201cgalp\u00f3n clandestino\u201d del barrio Pueblo Nuevo. Tambi\u00e9n se hallaron vainas de bronce del Ejercito Nacional.<\/p>\n<p><!--more--><\/p>\n<hr \/>\n<p>Personal de la<strong> SubDDI de Olavarr\u00eda<\/strong> dio a conocer el <strong>sorpresivo resultado de un allanamiento<\/strong> realizado en el <strong>barrio Pueblo Nuevo<\/strong>.<\/p>\n<p>&nbsp;<\/p>\n<p>Se detall\u00f3 que el viernes se concret\u00f3 el operativo en un <strong>\u201cgalp\u00f3n clandestino\u201d<\/strong>.<\/p>\n<p>&nbsp;<\/p>\n<p><img data-recalc-dims=\"1\" loading=\"lazy\" decoding=\"async\" class=\"size-full wp-image-92960 aligncenter\" src=\"https:\/\/i0.wp.com\/cdnoticias.com\/wp-content\/uploads\/2023\/08\/allanamiento-placa-san-martin-02.jpg?resize=800%2C445&#038;ssl=1\" alt=\"\" width=\"800\" height=\"445\" srcset=\"https:\/\/i0.wp.com\/cdnoticias.com\/wp-content\/uploads\/2023\/08\/allanamiento-placa-san-martin-02.jpg?w=800&amp;ssl=1 800w, https:\/\/i0.wp.com\/cdnoticias.com\/wp-content\/uploads\/2023\/08\/allanamiento-placa-san-martin-02.jpg?resize=300%2C167&amp;ssl=1 300w, https:\/\/i0.wp.com\/cdnoticias.com\/wp-content\/uploads\/2023\/08\/allanamiento-placa-san-martin-02.jpg?resize=768%2C427&amp;ssl=1 768w\" sizes=\"auto, (max-width: 800px) 100vw, 800px\" \/><\/p>\n<p>&nbsp;<\/p>\n<p>A ra\u00edz de las investigaciones realizadas por polic\u00edas de la SubDDI local en el marco de <strong>casos de robos de cables<\/strong>, el <strong>Juzgado de Garant\u00edas N\u00ba 1 a cargo de la jueza Fabiana San Rom\u00e1n<\/strong> otorg\u00f3 la orden de allanamiento a solicitud de la <strong>Ayudant\u00eda Fiscal de Autores Ignorados de Olavarr\u00eda, cuya titular es la doctora Mirta Deroni<\/strong>.<\/p>\n<p>&nbsp;<\/p>\n<p>Se logr\u00f3 hallar <strong>elementos probatorios del delito investigado<\/strong>, c\u00f3mo as\u00ed tambi\u00e9n de una <strong>gran cantidad de cables de cobre<\/strong> de diferentes secciones y tambi\u00e9n <strong>otro tipo de metales como cobre y bronce destinados a la fundici\u00f3n<\/strong>.<\/p>\n<p>&nbsp;<\/p>\n<p><img data-recalc-dims=\"1\" loading=\"lazy\" decoding=\"async\" class=\"size-full wp-image-92959 aligncenter\" src=\"https:\/\/i0.wp.com\/cdnoticias.com\/wp-content\/uploads\/2023\/08\/allanamiento-placa-san-martin-01.jpg?resize=800%2C445&#038;ssl=1\" alt=\"\" width=\"800\" height=\"445\" srcset=\"https:\/\/i0.wp.com\/cdnoticias.com\/wp-content\/uploads\/2023\/08\/allanamiento-placa-san-martin-01.jpg?w=800&amp;ssl=1 800w, https:\/\/i0.wp.com\/cdnoticias.com\/wp-content\/uploads\/2023\/08\/allanamiento-placa-san-martin-01.jpg?resize=300%2C167&amp;ssl=1 300w, https:\/\/i0.wp.com\/cdnoticias.com\/wp-content\/uploads\/2023\/08\/allanamiento-placa-san-martin-01.jpg?resize=768%2C427&amp;ssl=1 768w\" sizes=\"auto, (max-width: 800px) 100vw, 800px\" \/><\/p>\n<p>&nbsp;<\/p>\n<blockquote><p>Entre los elementos hallados hubo uno que sobresali\u00f3: placa original del monumento al General\u00a0 San Mart\u00edn, la cual se hallaba colocada originalmente\u00a0 en la Plaza Aguado de nuestra ciudad.<\/p><\/blockquote>\n<p>&nbsp;<\/p>\n<p>Se destac\u00f3 que la placa tiene adem\u00e1s un <strong>\u201cinmenso e incalculable valor hist\u00f3rico\u201d<\/strong>, ya que fue realizada por el escultor Jos\u00e9 Vasco Vian, qui\u00e9n hizo los grabados en sobre relieve en bronce en ambos laterales del monumento y posee unas dimensiones de aproximadamente un metro de alto por un metro y medio de largo.<\/p>\n<p>&nbsp;<\/p>\n<blockquote class=\"instagram-media\" style=\"background: #FFF; border: 0; border-radius: 3px; box-shadow: 0 0 1px 0 rgba(0,0,0,0.5),0 1px 10px 0 rgba(0,0,0,0.15); margin: 1px; max-width: 540px; min-width: 326px; padding: 0; width: calc(100% - 2px);\" data-instgrm-permalink=\"https:\/\/www.instagram.com\/reel\/Cv3EpGmAx3J\/?utm_source=ig_embed&amp;utm_campaign=loading\" data-instgrm-version=\"14\">\n<div style=\"padding: 16px;\">\n<p>&nbsp;<\/p>\n<div style=\"display: flex; flex-direction: row; align-items: center;\">\n<div style=\"background-color: #f4f4f4; border-radius: 50%; flex-grow: 0; height: 40px; margin-right: 14px; width: 40px;\"><\/div>\n<div style=\"display: flex; flex-direction: column; flex-grow: 1; justify-content: center;\">\n<div style=\"background-color: #f4f4f4; border-radius: 4px; flex-grow: 0; height: 14px; margin-bottom: 6px; width: 100px;\"><\/div>\n<div style=\"background-color: #f4f4f4; border-radius: 4px; flex-grow: 0; height: 14px; width: 60px;\"><\/div>\n<\/div>\n<\/div>\n<div style=\"padding: 19% 0;\"><\/div>\n<div style=\"display: block; height: 50px; margin: 0 auto 12px; width: 50px;\"><\/div>\n<div style=\"padding-top: 8px;\">\n<div style=\"color: #3897f0; font-family: Arial,sans-serif; font-size: 14px; font-style: normal; font-weight: 550; line-height: 18px;\">Ver esta publicaci\u00f3n en Instagram<\/div>\n<\/div>\n<div style=\"padding: 12.5% 0;\"><\/div>\n<div style=\"display: flex; flex-direction: row; margin-bottom: 14px; align-items: center;\">\n<div>\n<div style=\"background-color: #f4f4f4; border-radius: 50%; height: 12.5px; width: 12.5px; transform: translateX(0px) translateY(7px);\"><\/div>\n<div style=\"background-color: #f4f4f4; height: 12.5px; transform: rotate(-45deg) translateX(3px) translateY(1px); width: 12.5px; flex-grow: 0; margin-right: 14px; margin-left: 2px;\"><\/div>\n<div style=\"background-color: #f4f4f4; border-radius: 50%; height: 12.5px; width: 12.5px; transform: translateX(9px) translateY(-18px);\"><\/div>\n<\/div>\n<div style=\"margin-left: 8px;\">\n<div style=\"background-color: #f4f4f4; border-radius: 50%; flex-grow: 0; height: 20px; width: 20px;\"><\/div>\n<div style=\"width: 0; height: 0; border-top: 2px solid transparent; border-left: 6px solid #f4f4f4; border-bottom: 2px solid transparent; transform: translateX(16px) translateY(-4px) rotate(30deg);\"><\/div>\n<\/div>\n<div style=\"margin-left: auto;\">\n<div style=\"width: 0px; border-top: 8px solid #F4F4F4; border-right: 8px solid transparent; transform: translateY(16px);\"><\/div>\n<div style=\"background-color: #f4f4f4; flex-grow: 0; height: 12px; width: 16px; transform: translateY(-4px);\"><\/div>\n<div style=\"width: 0; height: 0; border-top: 8px solid #F4F4F4; border-left: 8px solid transparent; transform: translateY(-4px) translateX(8px);\"><\/div>\n<\/div>\n<\/div>\n<div style=\"display: flex; flex-direction: column; flex-grow: 1; justify-content: center; margin-bottom: 24px;\">\n<div style=\"background-color: #f4f4f4; border-radius: 4px; flex-grow: 0; height: 14px; margin-bottom: 6px; width: 224px;\"><\/div>\n<div style=\"background-color: #f4f4f4; border-radius: 4px; flex-grow: 0; height: 14px; width: 144px;\"><\/div>\n<\/div>\n<p>&nbsp;<\/p>\n<p style=\"color: #c9c8cd; font-family: Arial,sans-serif; font-size: 14px; line-height: 17px; margin-bottom: 0; margin-top: 8px; overflow: hidden; padding: 8px 0 7px; text-align: center; text-overflow: ellipsis; white-space: nowrap;\"><a style=\"color: #c9c8cd; font-family: Arial,sans-serif; font-size: 14px; font-style: normal; font-weight: normal; line-height: 17px; text-decoration: none;\" href=\"https:\/\/www.instagram.com\/reel\/Cv3EpGmAx3J\/?utm_source=ig_embed&amp;utm_campaign=loading\" target=\"_blank\" rel=\"noopener\">Una publicaci\u00f3n compartida por Central de Noticias Olavarr\u00eda (@cdnolavarria)<\/a><\/p>\n<\/div>\n<\/blockquote>\n<p><script async src=\"\/\/www.instagram.com\/embed.js\"><\/script><\/p>\n<p>&nbsp;<\/p>\n<p>Se dej\u00f3 saber que<strong> hay una persona se\u00f1alada en el caso, quien \u201cno pudo acreditar\u201d el origen de la placa<\/strong>. Fue secuestrada y qued\u00f3 a resguardo de los funcionarios policiales y de la Fiscal\u00eda interviniente, que<strong> la entregar\u00e1n a la Municipalidad en restituci\u00f3n<\/strong>.<\/p>\n<p>&nbsp;<\/p>\n<p>Adem\u00e1s, otro de los hallazgos destacados del allanamiento fueron <strong>ocho vainas de bronce pertenecientes a munici\u00f3n usada del Ejercito Nacional<\/strong>.<\/p>\n<p>&nbsp;<\/p>\n<p>En el procedimiento, colaboraron efectivos de<em> motopolic\u00edas de UPPL, Gabinete externo de Comisar\u00eda Segunda, CPO, Control Urbano de la Municipalidad <\/em>y se hizo presente supervisando la diligencia los doctores <em>Mirta Deroni y Facundo S\u00e1nchez de la Ayudant\u00eda Fiscal de Autores Ignorados<\/em>.<\/p>\n<p>&nbsp;<\/p>\n<p><img data-recalc-dims=\"1\" loading=\"lazy\" decoding=\"async\" class=\"size-full wp-image-92957 aligncenter\" src=\"https:\/\/i0.wp.com\/cdnoticias.com\/wp-content\/uploads\/2023\/08\/allanamiento-placa-san-martin-03.jpg?resize=800%2C445&#038;ssl=1\" alt=\"\" width=\"800\" height=\"445\" srcset=\"https:\/\/i0.wp.com\/cdnoticias.com\/wp-content\/uploads\/2023\/08\/allanamiento-placa-san-martin-03.jpg?w=800&amp;ssl=1 800w, https:\/\/i0.wp.com\/cdnoticias.com\/wp-content\/uploads\/2023\/08\/allanamiento-placa-san-martin-03.jpg?resize=300%2C167&amp;ssl=1 300w, https:\/\/i0.wp.com\/cdnoticias.com\/wp-content\/uploads\/2023\/08\/allanamiento-placa-san-martin-03.jpg?resize=768%2C427&amp;ssl=1 768w\" sizes=\"auto, (max-width: 800px) 100vw, 800px\" \/><\/p>\n<p>&nbsp;<\/p>\n","protected":false},"excerpt":{"rendered":"<p>Es el resultado del allanamiento realizado en un \u201cgalp\u00f3n clandestino\u201d del barrio Pueblo Nuevo. Tambi\u00e9n se hallaron vainas de bronce<\/p>\n","protected":false},"author":4,"featured_media":92958,"comment_status":"closed","ping_status":"closed","sticky":false,"template":"","format":"standard","meta":{"_jetpack_memberships_contains_paid_content":false,"footnotes":""},"categories":[14,1],"tags":[],"class_list":["post-92956","post","type-post","status-publish","format-standard","has-post-thumbnail","hentry","category-policiales","category-portada"],"jetpack_featured_media_url":"https:\/\/i0.wp.com\/cdnoticias.com\/wp-content\/uploads\/2023\/08\/allanamiento-placa-san-martin-00.jpg?fit=800%2C445&ssl=1","jetpack_sharing_enabled":true,"_links":{"self":[{"href":"https:\/\/cdnoticias.com\/index.php\/wp-json\/wp\/v2\/posts\/92956","targetHints":{"allow":["GET"]}}],"collection":[{"href":"https:\/\/cdnoticias.com\/index.php\/wp-json\/wp\/v2\/posts"}],"about":[{"href":"https:\/\/cdnoticias.com\/index.php\/wp-json\/wp\/v2\/types\/post"}],"author":[{"embeddable":true,"href":"https:\/\/cdnoticias.com\/index.php\/wp-json\/wp\/v2\/users\/4"}],"replies":[{"embeddable":true,"href":"https:\/\/cdnoticias.com\/index.php\/wp-json\/wp\/v2\/comments?post=92956"}],"version-history":[{"count":0,"href":"https:\/\/cdnoticias.com\/index.php\/wp-json\/wp\/v2\/posts\/92956\/revisions"}],"wp:featuredmedia":[{"embeddable":true,"href":"https:\/\/cdnoticias.com\/index.php\/wp-json\/wp\/v2\/media\/92958"}],"wp:attachment":[{"href":"https:\/\/cdnoticias.com\/index.php\/wp-json\/wp\/v2\/media?parent=92956"}],"wp:term":[{"taxonomy":"category","embeddable":true,"href":"https:\/\/cdnoticias.com\/index.php\/wp-json\/wp\/v2\/categories?post=92956"},{"taxonomy":"post_tag","embeddable":true,"href":"https:\/\/cdnoticias.com\/index.php\/wp-json\/wp\/v2\/tags?post=92956"}],"curies":[{"name":"wp","href":"https:\/\/api.w.org\/{rel}","templated":true}]}}