{"id":92855,"date":"2023-08-11T18:02:28","date_gmt":"2023-08-11T21:02:28","guid":{"rendered":"https:\/\/www.centraldenoticias.com.ar\/?p=92855"},"modified":"2023-08-11T18:02:28","modified_gmt":"2023-08-11T21:02:28","slug":"guardia-fue-adoptado-pero-lo-devolvieron-conoce-su-historia","status":"publish","type":"post","link":"https:\/\/cdnoticias.com\/index.php\/2023\/08\/11\/guardia-fue-adoptado-pero-lo-devolvieron-conoce-su-historia\/","title":{"rendered":"&#8220;Guardia&#8221; fue adoptado pero lo devolvieron: conoc\u00e9 su historia"},"content":{"rendered":"<p>En este nuevo #ViernesDeAdopciones te presentamos a &#8220;Guardia&#8221;, un perro joven aproximadamente de 4 a\u00f1os de edad. Convive con otros perros, es en\u00e9rgico y s\u00faper saludable.<!--more--><\/p>\n<hr \/>\n<p>Desde la Direcci\u00f3n de Bromatolog\u00eda cada viernes, a trav\u00e9s de la campa\u00f1a <strong>#ViernesDeAdopciones<\/strong> se dan a conocer perros que est\u00e1n alojado en el predio municipal, que ingresaron por diversos motivos. Todos son adultos, muchos de ellos hacen a\u00f1os que est\u00e1n en el canil, por lo que se busca fomentar la adopci\u00f3n responsable para cambiar el destino de cada uno de ellos. \u201c<em><strong>Un animal que est\u00e1 en un refugio no es feliz, los perros necesitan libertad\u201d<\/strong><\/em> expresaron desde el \u00e1rea.<\/p>\n<p>&nbsp;<\/p>\n<p>Hoy se presenta a <strong>\u201cGuardia\u201d:<\/strong> \u00e9l es un perro joven, se estima entre<strong> 4 y 5 a\u00f1os de edad,<\/strong> de tama\u00f1o mediano. Guardia ingres\u00f3 al predio hace ya dos a\u00f1os. Tiene una energ\u00eda muy linda, le encanta pasear con pretal y correa, convive con otros perros, es en\u00e9rgico y s\u00faper saludable. Como requisito fundamental, se busca que el patio est\u00e9 completamente cerrado.<strong> Hace un a\u00f1o tuvo una adopci\u00f3n, pudo conocer lo que es tener una familia, pero no funcion\u00f3.<\/strong><\/p>\n<p>&nbsp;<\/p>\n<p><img data-recalc-dims=\"1\" loading=\"lazy\" decoding=\"async\" class=\"aligncenter wp-image-92859 size-large\" src=\"https:\/\/i0.wp.com\/cdnoticias.com\/wp-content\/uploads\/2023\/08\/Bromatologia-Viernes-Adopciones-Guardia-4.jpg?resize=800%2C533&#038;ssl=1\" alt=\"\" width=\"800\" height=\"533\" srcset=\"https:\/\/i0.wp.com\/cdnoticias.com\/wp-content\/uploads\/2023\/08\/Bromatologia-Viernes-Adopciones-Guardia-4.jpg?resize=1024%2C682&amp;ssl=1 1024w, https:\/\/i0.wp.com\/cdnoticias.com\/wp-content\/uploads\/2023\/08\/Bromatologia-Viernes-Adopciones-Guardia-4.jpg?resize=300%2C200&amp;ssl=1 300w, https:\/\/i0.wp.com\/cdnoticias.com\/wp-content\/uploads\/2023\/08\/Bromatologia-Viernes-Adopciones-Guardia-4.jpg?resize=768%2C512&amp;ssl=1 768w, https:\/\/i0.wp.com\/cdnoticias.com\/wp-content\/uploads\/2023\/08\/Bromatologia-Viernes-Adopciones-Guardia-4.jpg?resize=1536%2C1024&amp;ssl=1 1536w, https:\/\/i0.wp.com\/cdnoticias.com\/wp-content\/uploads\/2023\/08\/Bromatologia-Viernes-Adopciones-Guardia-4.jpg?resize=272%2C182&amp;ssl=1 272w, https:\/\/i0.wp.com\/cdnoticias.com\/wp-content\/uploads\/2023\/08\/Bromatologia-Viernes-Adopciones-Guardia-4.jpg?w=1772&amp;ssl=1 1772w, https:\/\/i0.wp.com\/cdnoticias.com\/wp-content\/uploads\/2023\/08\/Bromatologia-Viernes-Adopciones-Guardia-4.jpg?w=1600&amp;ssl=1 1600w\" sizes=\"auto, (max-width: 800px) 100vw, 800px\" \/><\/p>\n<p>&nbsp;<\/p>\n<p>Para concluir, desde Bromatolog\u00eda remarcaron: <em>\u201c\u00bfQu\u00e9 mejor manera de premiarlo y que esta vez consiga un hogar lleno de calidez, amor y cuidados? \u00bfNos ayudas a difundir su historia y que alguien se enamore de \u00e9l?\u201d<\/em><\/p>\n<p>&nbsp;<\/p>\n<p>Por consultas, comunicarse por las redes sociales IG: @adoptameolavarria o FB: Centro de Atenci\u00f3n Veterinario Olavarr\u00eda, o acercarse directamente al predio de Bromatolog\u00eda (avenida Urquiza 5493) de lunes a viernes de 9 a 13 horas, para poder conocerlo personalmente.<\/p>\n<p>&nbsp;<\/p>\n","protected":false},"excerpt":{"rendered":"<p>En este nuevo #ViernesDeAdopciones te presentamos a &#8220;Guardia&#8221;, un perro joven aproximadamente de 4 a\u00f1os de edad. Convive con otros<\/p>\n","protected":false},"author":2,"featured_media":92860,"comment_status":"closed","ping_status":"closed","sticky":false,"template":"","format":"standard","meta":{"_jetpack_memberships_contains_paid_content":false,"footnotes":""},"categories":[5,1],"tags":[],"class_list":["post-92855","post","type-post","status-publish","format-standard","has-post-thumbnail","hentry","category-informacion-general","category-portada"],"jetpack_featured_media_url":"https:\/\/i0.wp.com\/cdnoticias.com\/wp-content\/uploads\/2023\/08\/Bromatologia-Viernes-Adopciones-Guardia-1.jpg?fit=1772%2C1181&ssl=1","jetpack_sharing_enabled":true,"_links":{"self":[{"href":"https:\/\/cdnoticias.com\/index.php\/wp-json\/wp\/v2\/posts\/92855","targetHints":{"allow":["GET"]}}],"collection":[{"href":"https:\/\/cdnoticias.com\/index.php\/wp-json\/wp\/v2\/posts"}],"about":[{"href":"https:\/\/cdnoticias.com\/index.php\/wp-json\/wp\/v2\/types\/post"}],"author":[{"embeddable":true,"href":"https:\/\/cdnoticias.com\/index.php\/wp-json\/wp\/v2\/users\/2"}],"replies":[{"embeddable":true,"href":"https:\/\/cdnoticias.com\/index.php\/wp-json\/wp\/v2\/comments?post=92855"}],"version-history":[{"count":0,"href":"https:\/\/cdnoticias.com\/index.php\/wp-json\/wp\/v2\/posts\/92855\/revisions"}],"wp:featuredmedia":[{"embeddable":true,"href":"https:\/\/cdnoticias.com\/index.php\/wp-json\/wp\/v2\/media\/92860"}],"wp:attachment":[{"href":"https:\/\/cdnoticias.com\/index.php\/wp-json\/wp\/v2\/media?parent=92855"}],"wp:term":[{"taxonomy":"category","embeddable":true,"href":"https:\/\/cdnoticias.com\/index.php\/wp-json\/wp\/v2\/categories?post=92855"},{"taxonomy":"post_tag","embeddable":true,"href":"https:\/\/cdnoticias.com\/index.php\/wp-json\/wp\/v2\/tags?post=92855"}],"curies":[{"name":"wp","href":"https:\/\/api.w.org\/{rel}","templated":true}]}}