{"id":9285,"date":"2020-12-17T20:35:01","date_gmt":"2020-12-17T23:35:01","guid":{"rendered":"http:\/\/www.centraldenoticias.com.ar\/?p=9285"},"modified":"2020-12-17T20:35:01","modified_gmt":"2020-12-17T23:35:01","slug":"el-proximo-sabado-habra-una-nueva-asamblea-por-la-vivienda","status":"publish","type":"post","link":"https:\/\/cdnoticias.com\/index.php\/2020\/12\/17\/el-proximo-sabado-habra-una-nueva-asamblea-por-la-vivienda\/","title":{"rendered":"El pr\u00f3ximo s\u00e1bado habr\u00e1 una nueva Asamblea por la Vivienda"},"content":{"rendered":"<p>&nbsp;<\/p>\n<p>Ser\u00e1 el d\u00e9cimo tercer encuentro y se concretar\u00e1 en el Paseo Jes\u00fas Mend\u00eda a partir de las 18:00. \u00a0Destacaron el surgimiento de asambleas en las localidades y pidieron la revisi\u00f3n del Presupuesto 2021.<!--more--><\/p>\n<hr \/>\n<p>Este s\u00e1bado desde las 18:00 se llevar\u00e1 a cabo un <strong>nuevo encuentro de la Asamblea por la Vivienda<\/strong>, en el Paseo Jes\u00fas Mend\u00eda.<\/p>\n<p>&nbsp;<\/p>\n<p>En un comunicado, expresaron que <em>\u201chemos visto con muy buenos ojos el <strong>surgimiento de las asambleas de los pueblos<\/strong> que, dentro de las particularidades de sus reclamos, contienen mucho en com\u00fan con la causa de esta asamblea surgida al calor de la lucha del acampe\u201d.<\/em><\/p>\n<p>&nbsp;<\/p>\n<p>Adem\u00e1s, recordaron que <strong>fueron invitados a participar de la asamblea\u00a0 las y los concejales.<\/strong> Por otra parte, se solicit\u00f3 <strong>audiencia con el intendente<\/strong> para pedir la modificaci\u00f3n de \u201cun presupuesto que no contempla la vivienda&#8221; y agregaron: <em>&#8220;no nos han dado ninguna respuesta\u201d.<\/em><\/p>\n<p>&nbsp;<\/p>\n<p>En referencia a estos pedidos, indicaron que <em>\u201cnadie escucho, el ninguneo fue categ\u00f3rico c\u00f3mo vemos que lo viene siendo con las localidades. Al pueblo solo lo ayuda el pueblo y por ello creemos que <strong>el surgimiento de estas asambleas es fundamental como tambi\u00e9n es fundamental el apoyo entre ellas y la unificaci\u00f3n de consignas claras<\/strong>\u201d.<\/em><\/p>\n<p>&nbsp;<\/p>\n<p>Finalizaron el documento con la consigna<strong> \u201cNo al Presupuesto 2021 que no contempla al pueblo\u201d.<\/strong><\/p>\n","protected":false},"excerpt":{"rendered":"<p>&nbsp; Ser\u00e1 el d\u00e9cimo tercer encuentro y se concretar\u00e1 en el Paseo Jes\u00fas Mend\u00eda a partir de las 18:00. \u00a0Destacaron<\/p>\n","protected":false},"author":5,"featured_media":7241,"comment_status":"closed","ping_status":"closed","sticky":false,"template":"","format":"standard","meta":{"_jetpack_memberships_contains_paid_content":false,"footnotes":""},"categories":[5,1],"tags":[],"class_list":["post-9285","post","type-post","status-publish","format-standard","has-post-thumbnail","hentry","category-informacion-general","category-portada"],"jetpack_featured_media_url":"https:\/\/i0.wp.com\/cdnoticias.com\/wp-content\/uploads\/2020\/11\/Foto-Asamblea.jpg?fit=1280%2C960&ssl=1","jetpack_sharing_enabled":true,"_links":{"self":[{"href":"https:\/\/cdnoticias.com\/index.php\/wp-json\/wp\/v2\/posts\/9285","targetHints":{"allow":["GET"]}}],"collection":[{"href":"https:\/\/cdnoticias.com\/index.php\/wp-json\/wp\/v2\/posts"}],"about":[{"href":"https:\/\/cdnoticias.com\/index.php\/wp-json\/wp\/v2\/types\/post"}],"author":[{"embeddable":true,"href":"https:\/\/cdnoticias.com\/index.php\/wp-json\/wp\/v2\/users\/5"}],"replies":[{"embeddable":true,"href":"https:\/\/cdnoticias.com\/index.php\/wp-json\/wp\/v2\/comments?post=9285"}],"version-history":[{"count":0,"href":"https:\/\/cdnoticias.com\/index.php\/wp-json\/wp\/v2\/posts\/9285\/revisions"}],"wp:featuredmedia":[{"embeddable":true,"href":"https:\/\/cdnoticias.com\/index.php\/wp-json\/wp\/v2\/media\/7241"}],"wp:attachment":[{"href":"https:\/\/cdnoticias.com\/index.php\/wp-json\/wp\/v2\/media?parent=9285"}],"wp:term":[{"taxonomy":"category","embeddable":true,"href":"https:\/\/cdnoticias.com\/index.php\/wp-json\/wp\/v2\/categories?post=9285"},{"taxonomy":"post_tag","embeddable":true,"href":"https:\/\/cdnoticias.com\/index.php\/wp-json\/wp\/v2\/tags?post=9285"}],"curies":[{"name":"wp","href":"https:\/\/api.w.org\/{rel}","templated":true}]}}