{"id":92847,"date":"2023-08-12T12:00:45","date_gmt":"2023-08-12T15:00:45","guid":{"rendered":"https:\/\/www.centraldenoticias.com.ar\/?p=92847"},"modified":"2023-08-12T12:00:45","modified_gmt":"2023-08-12T15:00:45","slug":"coopelectric-continuan-las-charlas-del-programa-dialogos-comunitarios","status":"publish","type":"post","link":"https:\/\/cdnoticias.com\/index.php\/2023\/08\/12\/coopelectric-continuan-las-charlas-del-programa-dialogos-comunitarios\/","title":{"rendered":"Coopelectric: Contin\u00faan las charlas del programa &#8220;Di\u00e1logos Comunitarios&#8221;"},"content":{"rendered":"<p>En las \u00faltimas semanas se llevaron a cabo encuentros con autoridades de la Cooperadora de la Escuela de Educaci\u00f3n Agraria N.\u00ba 1, la Federaci\u00f3n de Sociedades de Fomento y la Junta Vecinal del barrio Carlos Pellegrini.<!--more--><\/p>\n<hr \/>\n<p>El <strong>\u201cPrograma Di\u00e1logos Comunitarios<\/strong>\u201d naci\u00f3 con la finalidad de profundizar el v\u00ednculo que Coopelectric mantiene con todas las entidades intermedias de la ciudad. Consiste en promover encuentros con referentes de juntas vecinales, sociedades de fomento, entidades barriales, instituciones deportivas, educativas, asociaciones civiles sin fines de lucro, ONG\u00b4s, entre otras con el objetivo de brindarles informaci\u00f3n y asesoramiento respecto de los servicios que presta Coopelectric, escuchar a cada entidad, atender las consultas y demandas recibidas y establecer acciones de trabajo conjunto.<\/p>\n<p>&nbsp;<\/p>\n<p>Las reuniones se llevan a cabo los d\u00edas <strong>mi\u00e9rcoles en la sede administrativa de Coopelectric<\/strong> ubicada en Belgrano 2850 y cuentan con la participaci\u00f3n de integrantes del Consejo de Administraci\u00f3n y personal t\u00e9cnico.<\/p>\n<p>&nbsp;<\/p>\n<p>Sobre el camino recorrido a trav\u00e9s del Programa Di\u00e1logos Comunitarios el <strong>presidente del Consejo de Administraci\u00f3n Cruz Arouxet<\/strong> manifest\u00f3 que<em>\u00a0\u201cestamos muy contentos por el crecimiento de este Programa que se fortalece a trav\u00e9s de la participaci\u00f3n de los vecinos y se consolida como un espacio de encuentro e intercambio\u201d.<\/em><\/p>\n<p>&nbsp;<\/p>\n<p>Durante el transcurso de las \u00faltimas semanas se llevaron a cabo encuentros con autoridades de la Cooperadora de la Escuela de Educaci\u00f3n Agraria N.\u00ba 1, la Federaci\u00f3n de Sociedades de Fomento y la Junta Vecinal del barrio Carlos Pellegrini.<\/p>\n<p>&nbsp;<\/p>\n<p><img data-recalc-dims=\"1\" loading=\"lazy\" decoding=\"async\" class=\"aligncenter wp-image-92852 size-large\" src=\"https:\/\/i0.wp.com\/cdnoticias.com\/wp-content\/uploads\/2023\/08\/Federacion-Soc-Fomento-02.jpeg?resize=800%2C492&#038;ssl=1\" alt=\"\" width=\"800\" height=\"492\" srcset=\"https:\/\/i0.wp.com\/cdnoticias.com\/wp-content\/uploads\/2023\/08\/Federacion-Soc-Fomento-02.jpeg?resize=1024%2C630&amp;ssl=1 1024w, https:\/\/i0.wp.com\/cdnoticias.com\/wp-content\/uploads\/2023\/08\/Federacion-Soc-Fomento-02.jpeg?resize=300%2C185&amp;ssl=1 300w, https:\/\/i0.wp.com\/cdnoticias.com\/wp-content\/uploads\/2023\/08\/Federacion-Soc-Fomento-02.jpeg?resize=768%2C472&amp;ssl=1 768w, https:\/\/i0.wp.com\/cdnoticias.com\/wp-content\/uploads\/2023\/08\/Federacion-Soc-Fomento-02.jpeg?resize=1536%2C945&amp;ssl=1 1536w, https:\/\/i0.wp.com\/cdnoticias.com\/wp-content\/uploads\/2023\/08\/Federacion-Soc-Fomento-02.jpeg?w=1600&amp;ssl=1 1600w\" sizes=\"auto, (max-width: 800px) 100vw, 800px\" \/><\/p>\n<p>&nbsp;<\/p>\n<p><b>Cooperadora de la Escuela de Educaci\u00f3n Agraria N.\u00ba 1<\/b><\/p>\n<p>El presidente de la Cooperadora de la Escuela de Educaci\u00f3n Agraria N.\u00ba 1 Adri\u00e1n Rodr\u00edguez y el revisor de cuentas Hugo Charra, fueron recibidos por el presidente del Consejo de Administraci\u00f3n de Coopelectric Cruz Arouxet, el tesorero Carlos D\u00edaz, el prosecretario Oscar Angeletti, el protesorero Jorge Rodr\u00edguez Setzes, el vocal Jos\u00e9 Mor\u00e1n, el S\u00edndico Horacio Balbiani y el gerente de Coordinaci\u00f3n Ejecutiva Oscar L\u00f3pez.<\/p>\n<p>&nbsp;<\/p>\n<p>Entre los temas salientes, se destac\u00f3 la <strong>situaci\u00f3n y las necesidades de la entidad educativa,<\/strong> los productos que fabrican, los proyectos sobre los que trabaja la Cooperadora y la <strong>iluminaci\u00f3n del predio<\/strong> de la Escuela. En tal sentido, &#8220;Coopelectric se puso a disposici\u00f3n para colaborar en todo lo que sea posible&#8221; se expres\u00f3 desde la instituci\u00f3n.<\/p>\n<p>&nbsp;<\/p>\n<p><strong>Federaci\u00f3n de Sociedades de Fomento<\/strong><\/p>\n<p>En representaci\u00f3n de la nueva Comisi\u00f3n Directiva de la Federaci\u00f3n de Sociedades de Fomento y Juntas Vecinales de Olavarr\u00eda, participaron de la reuni\u00f3n su presidente Sandro Sal\u00edas, la vicepresidente Elida \u201cPeti\u201d Saizar, la tesorera Silvia Echeverr\u00eda y la moderadora Gabriela Aguilar Caballero. Fueron recibidos por el presidente del Consejo de Administraci\u00f3n Cruz Arouxet, el prosecretario Oscar Angeletti, el tesorero Carlos D\u00edaz, el protesorero Jorge Rodr\u00edguez Setzes, el vocal Jos\u00e9 Mor\u00e1n, el presidente del Cuerpo de Delgados Ignacio Pagano y el gerente de Coordinaci\u00f3n Ejecutiva Oscar L\u00f3pez.<\/p>\n<p>&nbsp;<\/p>\n<p>Los fomentistas se refirieron al trabajo que realizan, al conocimiento que tiene sobre la realidad de cada barrio y a los proyectos que se est\u00e1n gestando. \u201cEra una presentaci\u00f3n que nos deb\u00edamos\u201d manifestaron desde la Federaci\u00f3n y desde Coopelectric se\u00f1alaron \u201clas puertas siempre est\u00e1n abiertas para recibirlos, les deseamos \u00e9xitos en esta nueva gesti\u00f3n y seguiremos fortaleciendo el contacto permanente\u201d.<\/p>\n<p>&nbsp;<\/p>\n<p><strong>Junta Vecinal del barrio Carlos Pellegrini<\/strong><\/p>\n<p>El titular del Consejo de Administraci\u00f3n Cruz Arouxet, el prosecretario Oscar Angeletti, el protesorero Jorge Rodr\u00edguez Setzes, el vocal Jos\u00e9 Mor\u00e1n, el S\u00edndico Horacio Balbiani, el presidente del Cuerpo de Delegados Ignacio Pagano y el gerente de Coordinaci\u00f3n Ejecutiva Oscar L\u00f3pez recibieron al presidente de la Junta Vecina del barrio Carlos Pellegrini Luciano Acu\u00f1a y al prosecretario de la entidad Renzo Toranza.<\/p>\n<p>&nbsp;<\/p>\n<p>Entre los temas abordados se destacaron las <strong>mejoras registradas en la iluminaci\u00f3n de la plaza del barrio,<\/strong> el funcionamiento del Servicio El\u00e9ctrico y la operaci\u00f3n y mantenimiento del<strong> Alumbrado P\u00fablico.<\/strong> Tambi\u00e9n se brind\u00f3 informaci\u00f3n sobre los subsidios a la electricidad y la importancia de cargar el formulario v\u00eda web o acerc\u00e1ndose a la oficina de Coopelectric desinada para tal fin, la cual funciona de lunes a viernes de 8:00 a 14:00 en Belgrano 2824.<\/p>\n<p>&nbsp;<\/p>\n","protected":false},"excerpt":{"rendered":"<p>En las \u00faltimas semanas se llevaron a cabo encuentros con autoridades de la Cooperadora de la Escuela de Educaci\u00f3n Agraria<\/p>\n","protected":false},"author":2,"featured_media":92852,"comment_status":"closed","ping_status":"closed","sticky":false,"template":"","format":"standard","meta":{"_jetpack_memberships_contains_paid_content":false,"footnotes":""},"categories":[5,1],"tags":[],"class_list":["post-92847","post","type-post","status-publish","format-standard","has-post-thumbnail","hentry","category-informacion-general","category-portada"],"jetpack_featured_media_url":"https:\/\/i0.wp.com\/cdnoticias.com\/wp-content\/uploads\/2023\/08\/Federacion-Soc-Fomento-02.jpeg?fit=1600%2C984&ssl=1","jetpack_sharing_enabled":true,"_links":{"self":[{"href":"https:\/\/cdnoticias.com\/index.php\/wp-json\/wp\/v2\/posts\/92847","targetHints":{"allow":["GET"]}}],"collection":[{"href":"https:\/\/cdnoticias.com\/index.php\/wp-json\/wp\/v2\/posts"}],"about":[{"href":"https:\/\/cdnoticias.com\/index.php\/wp-json\/wp\/v2\/types\/post"}],"author":[{"embeddable":true,"href":"https:\/\/cdnoticias.com\/index.php\/wp-json\/wp\/v2\/users\/2"}],"replies":[{"embeddable":true,"href":"https:\/\/cdnoticias.com\/index.php\/wp-json\/wp\/v2\/comments?post=92847"}],"version-history":[{"count":0,"href":"https:\/\/cdnoticias.com\/index.php\/wp-json\/wp\/v2\/posts\/92847\/revisions"}],"wp:featuredmedia":[{"embeddable":true,"href":"https:\/\/cdnoticias.com\/index.php\/wp-json\/wp\/v2\/media\/92852"}],"wp:attachment":[{"href":"https:\/\/cdnoticias.com\/index.php\/wp-json\/wp\/v2\/media?parent=92847"}],"wp:term":[{"taxonomy":"category","embeddable":true,"href":"https:\/\/cdnoticias.com\/index.php\/wp-json\/wp\/v2\/categories?post=92847"},{"taxonomy":"post_tag","embeddable":true,"href":"https:\/\/cdnoticias.com\/index.php\/wp-json\/wp\/v2\/tags?post=92847"}],"curies":[{"name":"wp","href":"https:\/\/api.w.org\/{rel}","templated":true}]}}