{"id":92826,"date":"2023-08-11T15:50:29","date_gmt":"2023-08-11T18:50:29","guid":{"rendered":"https:\/\/www.centraldenoticias.com.ar\/?p=92826"},"modified":"2023-08-11T17:27:31","modified_gmt":"2023-08-11T20:27:31","slug":"doble-manifestacion-en-el-paseo-mendia-viviendas-y-la-muerte-de-facundo-molares","status":"publish","type":"post","link":"https:\/\/cdnoticias.com\/index.php\/2023\/08\/11\/doble-manifestacion-en-el-paseo-mendia-viviendas-y-la-muerte-de-facundo-molares\/","title":{"rendered":"Doble manifestaci\u00f3n en el Paseo Mend\u00eda: viviendas y la muerte de Facundo Molares"},"content":{"rendered":"<p>Confluyeron frente a la Municipalidad. \u201cNo podemos permitir que en medio de una manifestaci\u00f3n se asesine a un compa\u00f1ero a manos de la Polic\u00eda\u201d dijo Yessica Almeida. Quienes mantienen el reclamo habitacional, entregaron un petitorio al Ejecutivo.<\/p>\n<p><!--more--><\/p>\n<hr \/>\n<p><strong>Este viernes se realizaron dos manifestaciones en el Paseo Mend\u00eda<\/strong>. Al mediod\u00eda confluyeron quienes <strong>reclaman por viviendas<\/strong>, un grupo que ya hace tres semanas que mantiene este tipo de reclamos p\u00fablico, con los grupos que <strong>protestaron por la muerte de Facundo Molares, registrada este jueves en CABA<\/strong>, <a href=\"https:\/\/cdnoticias.com\/index.php\/2023\/08\/11\/manifestacion-en-olavarria-por-la-muerte-de-facundo-molares\/\" target=\"_blank\" rel=\"noopener\">donde sostienen que se trat\u00f3 de un asesinato a manos de la Polic\u00eda de aquel distrito<\/a>.<\/p>\n<p>&nbsp;<\/p>\n<p><strong>Central de Noticias<\/strong> estuvo en lugar para dialogar con los presentes. En una <strong>carpa<\/strong> estuvieron las <strong>\u201cfamilias sin vivienda\u201d<\/strong> que dieron a conocer que hab\u00edan <strong>entregado un nuevo petitorio dirigido al intendente Ezequiel Galli<\/strong> en el Palacio Municipal. <strong>Karen<\/strong> cont\u00f3 que <em>\u201cesperamos que Galli nos d\u00e9 una posibilidad de tener una charla con \u00e9l, pero hasta ahora no hemos tenido respuesta\u201d<\/em>.<\/p>\n<p>&nbsp;<\/p>\n<p><img data-recalc-dims=\"1\" loading=\"lazy\" decoding=\"async\" class=\"size-full wp-image-92822 aligncenter\" src=\"https:\/\/i0.wp.com\/cdnoticias.com\/wp-content\/uploads\/2023\/08\/manifestacion-vivienda-01-karen.jpg?resize=800%2C445&#038;ssl=1\" alt=\"\" width=\"800\" height=\"445\" srcset=\"https:\/\/i0.wp.com\/cdnoticias.com\/wp-content\/uploads\/2023\/08\/manifestacion-vivienda-01-karen.jpg?w=800&amp;ssl=1 800w, https:\/\/i0.wp.com\/cdnoticias.com\/wp-content\/uploads\/2023\/08\/manifestacion-vivienda-01-karen.jpg?resize=300%2C167&amp;ssl=1 300w, https:\/\/i0.wp.com\/cdnoticias.com\/wp-content\/uploads\/2023\/08\/manifestacion-vivienda-01-karen.jpg?resize=768%2C427&amp;ssl=1 768w\" sizes=\"auto, (max-width: 800px) 100vw, 800px\" \/><\/p>\n<p>&nbsp;<\/p>\n<p><img data-recalc-dims=\"1\" loading=\"lazy\" decoding=\"async\" class=\"size-full wp-image-92821 aligncenter\" src=\"https:\/\/i0.wp.com\/cdnoticias.com\/wp-content\/uploads\/2023\/08\/manifestacion-vivienda-00.jpg?resize=800%2C445&#038;ssl=1\" alt=\"\" width=\"800\" height=\"445\" srcset=\"https:\/\/i0.wp.com\/cdnoticias.com\/wp-content\/uploads\/2023\/08\/manifestacion-vivienda-00.jpg?w=800&amp;ssl=1 800w, https:\/\/i0.wp.com\/cdnoticias.com\/wp-content\/uploads\/2023\/08\/manifestacion-vivienda-00.jpg?resize=300%2C167&amp;ssl=1 300w, https:\/\/i0.wp.com\/cdnoticias.com\/wp-content\/uploads\/2023\/08\/manifestacion-vivienda-00.jpg?resize=768%2C427&amp;ssl=1 768w\" sizes=\"auto, (max-width: 800px) 100vw, 800px\" \/><\/p>\n<p>&nbsp;<\/p>\n<blockquote><p>Adem\u00e1s, inform\u00f3 que en la \u00faltima semana m\u00e1s familias en la misma situaci\u00f3n se sumaron: \u201cahora somos un grupo de 65 familias\u201d destac\u00f3. En ese sentido, cabe recordar que <a href=\"https:\/\/cdnoticias.com\/index.php\/2023\/08\/04\/este-viernes-asamblea-por-tierra-y-vivienda-en-el-paseo-mendia\/\" target=\"_blank\" rel=\"noopener\">se conform\u00f3 la \u201cAsamblea por Tierra y Vivienda\u201d<\/a>, desde la que se redact\u00f3 la nota entregada en el Municipio.<\/p><\/blockquote>\n<p>&nbsp;<\/p>\n<p><strong>\u201cLo que pedimos es un terreno que tenga los servicios y materiales para que podamos construir.<\/strong> Y no pedimos que nos regalen, que nos den una posibilidad de pago\u201d record\u00f3 la mujer sobre el principal pedido.<\/p>\n<p>&nbsp;<\/p>\n<p>En tanto, la<strong> dirigente del Partido Obrero de Olavarr\u00eda, Yessica Almeida<\/strong> habl\u00f3 sobre la muerte de Molares, integrante de la Unidad Piquetera. <strong>\u201cNo podemos permitir que en medio de una manifestaci\u00f3n se asesine a un compa\u00f1ero a manos de la Polic\u00eda.<\/strong> En este caso fue la Polic\u00eda de la Ciudad bajo orden de (Horacio Rodr\u00edguez) Larreta\u201d declar\u00f3. Afirm\u00f3 que <strong>se trataba de \u201cuna manifestaci\u00f3n pac\u00edfica, ni siquiera estaban cortando la calle<\/strong>, en el obelisco. De pronto se vieron rodeados por la Polic\u00eda, empezaron a reprimir, detuvieron a 6 compa\u00f1eros quienes fueron liberados entre las 3 y las 4 de la ma\u00f1ana de hoy. <strong>En esa represi\u00f3n, arrastran, golpean y asfixian a Facundo Molares quien termin\u00f3 falleciendo\u201d<\/strong>.<\/p>\n<p>&nbsp;<\/p>\n<p><img data-recalc-dims=\"1\" loading=\"lazy\" decoding=\"async\" class=\"size-full wp-image-92820 aligncenter\" src=\"https:\/\/i0.wp.com\/cdnoticias.com\/wp-content\/uploads\/2023\/08\/manifestacion-facundo-molares-00.jpg?resize=800%2C445&#038;ssl=1\" alt=\"\" width=\"800\" height=\"445\" srcset=\"https:\/\/i0.wp.com\/cdnoticias.com\/wp-content\/uploads\/2023\/08\/manifestacion-facundo-molares-00.jpg?w=800&amp;ssl=1 800w, https:\/\/i0.wp.com\/cdnoticias.com\/wp-content\/uploads\/2023\/08\/manifestacion-facundo-molares-00.jpg?resize=300%2C167&amp;ssl=1 300w, https:\/\/i0.wp.com\/cdnoticias.com\/wp-content\/uploads\/2023\/08\/manifestacion-facundo-molares-00.jpg?resize=768%2C427&amp;ssl=1 768w\" sizes=\"auto, (max-width: 800px) 100vw, 800px\" \/><\/p>\n<p>&nbsp;<\/p>\n<p><img data-recalc-dims=\"1\" loading=\"lazy\" decoding=\"async\" class=\"size-full wp-image-92824 aligncenter\" src=\"https:\/\/i0.wp.com\/cdnoticias.com\/wp-content\/uploads\/2023\/08\/manifestacion-vivienda-03.jpg?resize=800%2C445&#038;ssl=1\" alt=\"\" width=\"800\" height=\"445\" srcset=\"https:\/\/i0.wp.com\/cdnoticias.com\/wp-content\/uploads\/2023\/08\/manifestacion-vivienda-03.jpg?w=800&amp;ssl=1 800w, https:\/\/i0.wp.com\/cdnoticias.com\/wp-content\/uploads\/2023\/08\/manifestacion-vivienda-03.jpg?resize=300%2C167&amp;ssl=1 300w, https:\/\/i0.wp.com\/cdnoticias.com\/wp-content\/uploads\/2023\/08\/manifestacion-vivienda-03.jpg?resize=768%2C427&amp;ssl=1 768w\" sizes=\"auto, (max-width: 800px) 100vw, 800px\" \/><\/p>\n<p>&nbsp;<\/p>\n<blockquote><p>Almeida destac\u00f3 que quedaron registros de lo sucedido, \u201cno pueden salir a decir, como lo hicieron, que muri\u00f3 de un paro cardiorrespiratorio, sino que fue asesinado por la Polic\u00eda. Es la respuesta de todas las campa\u00f1as en el medio de la elecci\u00f3n hacia las PASO, de todos los candidatos que salen a decir que la soluci\u00f3n es poner orden, explotar el Ministerio de Desarrollo Social, es terminar con los piqueteros que cortan la calle, es aplicar salidas represivas\u201d. A\u00f1adi\u00f3 que la manifestaci\u00f3n en la que muri\u00f3 Molares era en contra de la gobernaci\u00f3n de Jujuy, que encabeza el radical Gerardo Morales, \u201cnuestro intendente sali\u00f3 a apoyar a Morales que va de candidato a vicepresidente junto con Larreta mientras en Jujuy estaban matando a palos al pueblo\u201d dijo la dirigente del PO.<\/p><\/blockquote>\n<p>&nbsp;<\/p>\n<p>Cabe se\u00f1alar que en esta manifestaci\u00f3n <strong>estuvieron los dos precandidatos a intendente del FIT de Olavarr\u00eda, Agust\u00edn Mestralet y Marcelo Ripoll<\/strong>.<\/p>\n<p>&nbsp;<\/p>\n<p>Hacia las 12.30 se realiz\u00f3 una <strong>asamblea en el Paseo Mend\u00eda<\/strong> donde estuvieron todos los manifestantes y posteriormente <strong>cortaron de forma parcial el tr\u00e1nsito sobre calle Rivadavia<\/strong> a la altura de San Mart\u00edn. La manifestaci\u00f3n finaliz\u00f3 poco antes de las 14 horas.<\/p>\n<p>&nbsp;<\/p>\n<p><img data-recalc-dims=\"1\" loading=\"lazy\" decoding=\"async\" class=\"size-full wp-image-92825 aligncenter\" src=\"https:\/\/i0.wp.com\/cdnoticias.com\/wp-content\/uploads\/2023\/08\/manifestacion-vivienda-04.jpg?resize=800%2C445&#038;ssl=1\" alt=\"\" width=\"800\" height=\"445\" srcset=\"https:\/\/i0.wp.com\/cdnoticias.com\/wp-content\/uploads\/2023\/08\/manifestacion-vivienda-04.jpg?w=800&amp;ssl=1 800w, https:\/\/i0.wp.com\/cdnoticias.com\/wp-content\/uploads\/2023\/08\/manifestacion-vivienda-04.jpg?resize=300%2C167&amp;ssl=1 300w, https:\/\/i0.wp.com\/cdnoticias.com\/wp-content\/uploads\/2023\/08\/manifestacion-vivienda-04.jpg?resize=768%2C427&amp;ssl=1 768w\" sizes=\"auto, (max-width: 800px) 100vw, 800px\" \/><\/p>\n<p>&nbsp;<\/p>\n","protected":false},"excerpt":{"rendered":"<p>Confluyeron frente a la Municipalidad. \u201cNo podemos permitir que en medio de una manifestaci\u00f3n se asesine a un compa\u00f1ero a<\/p>\n","protected":false},"author":4,"featured_media":92823,"comment_status":"closed","ping_status":"closed","sticky":false,"template":"","format":"standard","meta":{"_jetpack_memberships_contains_paid_content":false,"footnotes":""},"categories":[5,1],"tags":[],"class_list":["post-92826","post","type-post","status-publish","format-standard","has-post-thumbnail","hentry","category-informacion-general","category-portada"],"jetpack_featured_media_url":"https:\/\/i0.wp.com\/cdnoticias.com\/wp-content\/uploads\/2023\/08\/manifestacion-vivienda-02.jpg?fit=800%2C445&ssl=1","jetpack_sharing_enabled":true,"_links":{"self":[{"href":"https:\/\/cdnoticias.com\/index.php\/wp-json\/wp\/v2\/posts\/92826","targetHints":{"allow":["GET"]}}],"collection":[{"href":"https:\/\/cdnoticias.com\/index.php\/wp-json\/wp\/v2\/posts"}],"about":[{"href":"https:\/\/cdnoticias.com\/index.php\/wp-json\/wp\/v2\/types\/post"}],"author":[{"embeddable":true,"href":"https:\/\/cdnoticias.com\/index.php\/wp-json\/wp\/v2\/users\/4"}],"replies":[{"embeddable":true,"href":"https:\/\/cdnoticias.com\/index.php\/wp-json\/wp\/v2\/comments?post=92826"}],"version-history":[{"count":0,"href":"https:\/\/cdnoticias.com\/index.php\/wp-json\/wp\/v2\/posts\/92826\/revisions"}],"wp:featuredmedia":[{"embeddable":true,"href":"https:\/\/cdnoticias.com\/index.php\/wp-json\/wp\/v2\/media\/92823"}],"wp:attachment":[{"href":"https:\/\/cdnoticias.com\/index.php\/wp-json\/wp\/v2\/media?parent=92826"}],"wp:term":[{"taxonomy":"category","embeddable":true,"href":"https:\/\/cdnoticias.com\/index.php\/wp-json\/wp\/v2\/categories?post=92826"},{"taxonomy":"post_tag","embeddable":true,"href":"https:\/\/cdnoticias.com\/index.php\/wp-json\/wp\/v2\/tags?post=92826"}],"curies":[{"name":"wp","href":"https:\/\/api.w.org\/{rel}","templated":true}]}}